{"id":127947,"date":"2023-03-30T07:30:01","date_gmt":"2023-03-30T05:30:01","guid":{"rendered":"https:\/\/www.campus02.at\/marketing\/?post_type=campus_news&#038;p=127947"},"modified":"2023-03-28T14:07:21","modified_gmt":"2023-03-28T12:07:21","slug":"absolventin-des-monats-maerz-2023","status":"publish","type":"campus_news","link":"https:\/\/www.campus02.at\/marketing\/news\/absolventin-des-monats-maerz-2023\/","title":{"rendered":"Marketing &amp; Sales: Unsere Absolventin des Monats M\u00e4rz 2023"},"content":{"rendered":"<p>Donata Sch\u00f6rkmaier hat w\u00e4hrend ihres Studiums am Department Marketing &amp; Sales an der FH CAMPUS 02 wertvolle F\u00e4higkeiten erworben, die sie erfolgreich in ihrer beruflichen Laufbahn anwenden konnte. Im Interview zur Reihe &#8222;Absolvent*in des Monats&#8220; teilt sie mit uns ihre Geschichte und ihren Weg zum Erfolg. Gemeinsam mit einer Partnerin gr\u00fcndete sie ihre eigene Firma, <a href=\"https:\/\/www.kama-shop.at\/\">KAMA.Cycling<\/a>, die sich auf Fahrradbekleidung f\u00fcr Frauen spezialisiert hat. Obwohl der t\u00e4gliche Aufwand enorm ist, ist Donata gl\u00fccklich \u00fcber diese Entscheidung.<\/p>\n<p><a href=\"https:\/\/www.campus02.at\/marketing\/wp-content\/uploads\/sites\/7\/2023\/03\/Yellow-and-Black-Bee-Hive-Process-Concept-Map.png\"><img fetchpriority=\"high\" decoding=\"async\" class=\"wp-image-127989 size-full aligncenter\" src=\"https:\/\/www.campus02.at\/marketing\/wp-content\/uploads\/sites\/7\/2023\/03\/Yellow-and-Black-Bee-Hive-Process-Concept-Map.png\" alt=\"\" width=\"1024\" height=\"500\" srcset=\"https:\/\/www.campus02.at\/marketing\/wp-content\/uploads\/sites\/7\/2023\/03\/Yellow-and-Black-Bee-Hive-Process-Concept-Map.png 1024w, https:\/\/www.campus02.at\/marketing\/wp-content\/uploads\/sites\/7\/2023\/03\/Yellow-and-Black-Bee-Hive-Process-Concept-Map-300x146.png 300w, https:\/\/www.campus02.at\/marketing\/wp-content\/uploads\/sites\/7\/2023\/03\/Yellow-and-Black-Bee-Hive-Process-Concept-Map-768x375.png 768w\" sizes=\"(max-width: 1024px) 100vw, 1024px\" \/><\/a><\/p>\n<p>&nbsp;<\/p>\n<h4><strong>Warum hast du dich damals f\u00fcr das Studium Marketing &amp; Sales entschieden?<\/strong><\/h4>\n<p><span data-contrast=\"auto\">Da ich zuvor an der Karl Franzens Universit\u00e4t immatrikuliert war und gleichzeitig mehr als 40 Stunden pro Woche arbeitete, stie\u00df ich schnell an meine Grenzen. Dar\u00fcber hinaus fiel es mir sehr schwer, den starken Fokus auf Theorie an der Universit\u00e4t mit meiner Berufspraxis im Bereich Marketing &amp; Sales zu verkn\u00fcpfen, um daraus f\u00fcr mich pers\u00f6nlich einen Mehrwert zu schaffen. <\/span><span data-ccp-props=\"{&quot;201341983&quot;:0,&quot;335559739&quot;:0,&quot;335559740&quot;:240}\">\u00a0<\/span><\/p>\n<p><span data-contrast=\"auto\">Daher habe ich an das Marketing &amp; Sales Studium an der FH CAMPUS 02 gewechselt. Die effiziente Lehrplangestaltung mit viel Praxisrelevanz half mir, das Studium erfolgreich und mit Motivation zu beenden. <\/span><span data-ccp-props=\"{&quot;201341983&quot;:0,&quot;335559739&quot;:0,&quot;335559740&quot;:240}\">\u00a0<\/span><\/p>\n<p><span data-ccp-props=\"{&quot;201341983&quot;:0,&quot;335559739&quot;:0,&quot;335559740&quot;:240}\">\u00a0<\/span><\/p>\n<h4><strong>Wenn du an dein Studium zur\u00fcckdenkst, woran denkst du besonders gerne?\u00a0<\/strong><\/h4>\n<p><span data-contrast=\"auto\">Ich erinnere mich besonders gern an den Zusammenhalt und den Erfahrungsaustausch unter uns Studierenden, der sich auch positiv auf meine Motivation und mein Durchhalteverm\u00f6gen \u2013 besonders bei Durststrecken \u2013 auswirkte. Auch der Input einiger Lektor*innen lie\u00df lange Freitage oder Samstage sehr kurzweilig vergehen.<\/span><\/p>\n<p>&nbsp;<\/p>\n<h4><strong>Welche Erfahrungen hast du in deiner beruflichen Laufbahn gesammelt und wie haben sie dich gepr\u00e4gt?\u00a0\u00a0<\/strong><\/h4>\n<p>Ich habe damals das Studium beendet, als der Paradigmenwechsel vom klassischen Marketing hin zum Online-Marketing stattfand. &#8222;Einfach tun&#8220; oder &#8222;einfach ausprobieren&#8220; w\u00fcrde ich als Headline \u00fcber all die T\u00e4tigkeiten schreiben, die mir nach Abschluss des Studiums beruflich begegneten. Das Studium gibt dir die Basis. Trotzdem ist lebenslanges Lernen, ein Nicht-m\u00fcde-Werden von neuen Trends und das Bestreben, Dinge auszuprobieren, f\u00fcr dich selbst und auch f\u00fcr Kund*innen wichtig.<\/p>\n<p>Generell habe ich immer am meisten davon profitiert, wenn ich ins kalte Wasser gesprungen oder geworfen worden bin. Ewig dankbar bin ich einer ehemaligen Vorgesetzten, die mich massiv gef\u00f6rdert und mir viel zugetraut hat. Davon profitiere ich auch heute noch.<\/p>\n<p>Der Sprung in die Selbst\u00e4ndigkeit hat viel Mut erfordert. Dabei ist vor allem ein gutes Netzwerk, aber auch Ausdauer n\u00f6tig. Die Gr\u00fcndung meiner Female Cycling Brand KAMA.Cycling war eine der besten Entscheidungen in meiner beruflichen Laufbahn. Der t\u00e4gliche Aufwand ist jedoch enorm und erfordert neben Herzblut vor allem Schwei\u00df und ein &#8222;Ja&#8220; zur Fehlerkultur. Viele H\u00fcrden h\u00e4tte ich jedoch nicht geschafft, wenn ich Misserfolge, Sorgen, aber auch Freude und Erfolge nicht mit meiner Firmenpartnerin teilen k\u00f6nnte.<\/p>\n<div id='gallery-1' class='gallery galleryid-127947 gallery-columns-3 gallery-size-medium'><figure class='gallery-item'>\n\t\t\t<div class='gallery-icon portrait'>\n\t\t\t\t<a href='https:\/\/www.campus02.at\/marketing\/news\/absolventin-des-monats-maerz-2023\/kama-2\/'><img decoding=\"async\" width=\"200\" height=\"300\" src=\"https:\/\/www.campus02.at\/marketing\/wp-content\/uploads\/sites\/7\/2023\/03\/KAMA-2-200x300.jpg\" class=\"attachment-medium size-medium\" alt=\"Donata Sch\u00f6rkmaier\" aria-describedby=\"gallery-1-127976\" srcset=\"https:\/\/www.campus02.at\/marketing\/wp-content\/uploads\/sites\/7\/2023\/03\/KAMA-2-200x300.jpg 200w, https:\/\/www.campus02.at\/marketing\/wp-content\/uploads\/sites\/7\/2023\/03\/KAMA-2-683x1024.jpg 683w, https:\/\/www.campus02.at\/marketing\/wp-content\/uploads\/sites\/7\/2023\/03\/KAMA-2-768x1151.jpg 768w, https:\/\/www.campus02.at\/marketing\/wp-content\/uploads\/sites\/7\/2023\/03\/KAMA-2-1025x1536.jpg 1025w, https:\/\/www.campus02.at\/marketing\/wp-content\/uploads\/sites\/7\/2023\/03\/KAMA-2-1366x2048.jpg 1366w, https:\/\/www.campus02.at\/marketing\/wp-content\/uploads\/sites\/7\/2023\/03\/KAMA-2-1920x2879.jpg 1920w, https:\/\/www.campus02.at\/marketing\/wp-content\/uploads\/sites\/7\/2023\/03\/KAMA-2-scaled.jpg 1708w\" sizes=\"(max-width: 200px) 100vw, 200px\" \/><\/a>\n\t\t\t<\/div>\n\t\t\t\t<figcaption class='wp-caption-text gallery-caption' id='gallery-1-127976'>\n\t\t\t\t\u00a9 KAMA\n\t\t\t\t<\/figcaption><\/figure><figure class='gallery-item'>\n\t\t\t<div class='gallery-icon landscape'>\n\t\t\t\t<a href='https:\/\/www.campus02.at\/marketing\/news\/absolventin-des-monats-maerz-2023\/kama-12\/'><img decoding=\"async\" width=\"300\" height=\"200\" src=\"https:\/\/www.campus02.at\/marketing\/wp-content\/uploads\/sites\/7\/2023\/03\/KAMA-12-300x200.jpg\" class=\"attachment-medium size-medium\" alt=\"Donata Sch\u00f6rkmaier\" aria-describedby=\"gallery-1-127977\" srcset=\"https:\/\/www.campus02.at\/marketing\/wp-content\/uploads\/sites\/7\/2023\/03\/KAMA-12-300x200.jpg 300w, https:\/\/www.campus02.at\/marketing\/wp-content\/uploads\/sites\/7\/2023\/03\/KAMA-12-1024x683.jpg 1024w, https:\/\/www.campus02.at\/marketing\/wp-content\/uploads\/sites\/7\/2023\/03\/KAMA-12-768x512.jpg 768w, https:\/\/www.campus02.at\/marketing\/wp-content\/uploads\/sites\/7\/2023\/03\/KAMA-12-1536x1024.jpg 1536w, https:\/\/www.campus02.at\/marketing\/wp-content\/uploads\/sites\/7\/2023\/03\/KAMA-12-2048x1365.jpg 2048w, https:\/\/www.campus02.at\/marketing\/wp-content\/uploads\/sites\/7\/2023\/03\/KAMA-12-1920x1280.jpg 1920w\" sizes=\"(max-width: 300px) 100vw, 300px\" \/><\/a>\n\t\t\t<\/div>\n\t\t\t\t<figcaption class='wp-caption-text gallery-caption' id='gallery-1-127977'>\n\t\t\t\t\u00a9 KAMA\n\t\t\t\t<\/figcaption><\/figure><figure class='gallery-item'>\n\t\t\t<div class='gallery-icon portrait'>\n\t\t\t\t<a href='https:\/\/www.campus02.at\/marketing\/news\/absolventin-des-monats-maerz-2023\/kama-25\/'><img loading=\"lazy\" decoding=\"async\" width=\"200\" height=\"300\" src=\"https:\/\/www.campus02.at\/marketing\/wp-content\/uploads\/sites\/7\/2023\/03\/KAMA-25-200x300.jpg\" class=\"attachment-medium size-medium\" alt=\"Donata Sch\u00f6rkmaier\" aria-describedby=\"gallery-1-127974\" srcset=\"https:\/\/www.campus02.at\/marketing\/wp-content\/uploads\/sites\/7\/2023\/03\/KAMA-25-200x300.jpg 200w, https:\/\/www.campus02.at\/marketing\/wp-content\/uploads\/sites\/7\/2023\/03\/KAMA-25-683x1024.jpg 683w, https:\/\/www.campus02.at\/marketing\/wp-content\/uploads\/sites\/7\/2023\/03\/KAMA-25-768x1151.jpg 768w, https:\/\/www.campus02.at\/marketing\/wp-content\/uploads\/sites\/7\/2023\/03\/KAMA-25-1025x1536.jpg 1025w, https:\/\/www.campus02.at\/marketing\/wp-content\/uploads\/sites\/7\/2023\/03\/KAMA-25-1366x2048.jpg 1366w, https:\/\/www.campus02.at\/marketing\/wp-content\/uploads\/sites\/7\/2023\/03\/KAMA-25-1920x2879.jpg 1920w, https:\/\/www.campus02.at\/marketing\/wp-content\/uploads\/sites\/7\/2023\/03\/KAMA-25-scaled.jpg 1708w\" sizes=\"(max-width: 200px) 100vw, 200px\" \/><\/a>\n\t\t\t<\/div>\n\t\t\t\t<figcaption class='wp-caption-text gallery-caption' id='gallery-1-127974'>\n\t\t\t\t\u00a9 KAMA\n\t\t\t\t<\/figcaption><\/figure>\n\t\t<\/div>\n\n<h4><strong>Inwiefern hat dich dein Studium dabei unterst\u00fctzt diese berufliche Laufbahn zu verwirklichen?\u00a0<\/strong><\/h4>\n<p>Durch das Studium habe ich vor allem gelernt, mich selbstbewusst zu pr\u00e4sentieren und keine Angst vor gesundem Scheitern zu haben. Die Projektarbeiten haben mir wertvolle Erfahrungen im Teamwork vermittelt und eine Herangehensweise gezeigt, wie ich mich neuen Aufgaben erfolgreich n\u00e4hern und sie meistern kann.<\/p>\n<p>&nbsp;<\/p>\n<h4><strong>Wo siehst du in Zukunft die Herausforderungen f\u00fcr Marketing &amp; Sales? Welche Inhalte sollten in der Lehre besonders fokussiert werden?<\/strong><span data-ccp-props=\"{&quot;201341983&quot;:0,&quot;335551550&quot;:6,&quot;335551620&quot;:6,&quot;335559739&quot;:160,&quot;335559740&quot;:259}\">\u00a0<\/span><\/h4>\n<p><span data-contrast=\"auto\">In der Branche Kommunikation, Marketing und Sales ist es unerl\u00e4sslich am Puls der Zeit zu sein. Neben der Theorie in Lehrb\u00fcchern und Klassikern der Lehre ist es mit Sicherheit ein Mehrwert, aktuelle Trends (in Social Media, Digital Marketing und E-Commerce) spontan in den Lehrsaal zu holen, zu bewerten und sich gut damit auseinander zu setzen. Dazu braucht es Lehrpersonal, das damit nativ umgehen und den Studierenden hier einen Schritt voraus ist.<\/span><\/p>\n<p>&nbsp;<\/p>\n<h4><strong>Studierenden rate ich\u2026\u00a0<\/strong><\/h4>\n<p><span data-contrast=\"auto\">\u2026 keine Angst zu haben, Tr\u00e4umen nachzugehen und an sich selbst zu glauben, keine Angst davor zu haben, zu scheitern, zu fallen oder Fehler zu machen.<\/span><\/p>\n<p>&nbsp;<\/p>\n<h4><strong>Auf ein paar Worte mit Donata:\u00a0<\/strong><\/h4>\n<p><span data-contrast=\"auto\">Aus meiner Studienzeit besitze ich noch\u2026<\/span><\/p>\n<ul>\n<li><em>&#8230;den Campus 02 -Pin und ein T-Shirt mit einem witzigen Spruch, das mir meine Studienkolleg*innen zum Geburtstag geschenkt haben.<\/em><\/li>\n<\/ul>\n<p><span data-contrast=\"auto\">Wer hat dich inspiriert? <\/span><\/p>\n<ul>\n<li><span data-contrast=\"auto\"><em>Damals wie heute inspirieren mich Menschen, die ihren Weg gehen und sich nicht von N\u00f6rglern und Zweiflern von ihrer Mission abbringen lassen<\/em>.\u00a0<\/span><span data-ccp-props=\"{&quot;201341983&quot;:0,&quot;335551550&quot;:6,&quot;335551620&quot;:6,&quot;335559739&quot;:160,&quot;335559740&quot;:259}\">\u00a0<\/span><\/li>\n<\/ul>\n<p><span data-contrast=\"auto\">Wenn ich noch einmal studieren w\u00fcrde, w\u00fcrde ich\u2026 <\/span><\/p>\n<ul>\n<li><em>&#8230;bei meinem Arbeitgeber noch mehr daf\u00fcr K\u00e4mpfen, Zeit f\u00fcr mein Studium zu bekommen und im Unterricht noch viel mehr Fragen stellen.<\/em><\/li>\n<\/ul>\n<p>&nbsp;<\/p>\n<h4><strong>Mein Studium in 4 Worten\u2026<\/strong><\/h4>\n<ul>\n<li>Kurzweilig<\/li>\n<li>Anstrengend<\/li>\n<li>Die f\u00fcr mich beste Option<\/li>\n<li>Sehr, sehr lustig<\/li>\n<\/ul>\n","protected":false},"excerpt":{"rendered":"<p>Donata Sch\u00f6rkmaier hat w\u00e4hrend ihres Studiums am Department Marketing &amp; Sales an der FH CAMPUS 02 wertvolle F\u00e4higkeiten <a href=\"https:\/\/www.campus02.at\/marketing\/news\/absolventin-des-monats-maerz-2023\/\" class=\"more-link\">mehr&hellip;<\/a><\/p>\n","protected":false},"author":151,"featured_media":127958,"parent":0,"template":"","coauthors":[77],"class_list":["post-127947","campus_news","type-campus_news","status-publish","has-post-thumbnail","hentry"],"acf":[],"yoast_head":"<!-- This site is optimized with the Yoast SEO plugin v26.9 - https:\/\/yoast.com\/product\/yoast-seo-wordpress\/ -->\n<title>Marketing &amp; Sales: Absolventin des Monats M\u00e4rz 2023 I FH CAMPUS 02<\/title>\n<meta name=\"description\" content=\"Alumni im Portr\u00e4t: Was wird aus den Absolvent*innen des Departments Marketing &amp; Sales? Diesmal im Interview - Donata Sch\u00f6rkmaier.\" \/>\n<meta name=\"robots\" content=\"index, follow, max-snippet:-1, max-image-preview:large, max-video-preview:-1\" \/>\n<link rel=\"canonical\" href=\"https:\/\/www.campus02.at\/marketing\/news\/absolventin-des-monats-maerz-2023\/\" \/>\n<meta property=\"og:locale\" content=\"de_DE\" \/>\n<meta property=\"og:type\" content=\"article\" \/>\n<meta property=\"og:title\" content=\"Donata Sch\u00f6rkmaier - Absolventin des Monats\" \/>\n<meta property=\"og:description\" content=\"Alumni im Portr\u00e4t: Was wird aus den Absolvent*innen des Departments Marketing &amp; Sales? Diesmal im Interview - Donata Sch\u00f6rkmaier.\" \/>\n<meta property=\"og:url\" content=\"https:\/\/www.campus02.at\/marketing\/news\/absolventin-des-monats-maerz-2023\/\" \/>\n<meta property=\"og:site_name\" content=\"FH CAMPUS 02 - Marketing &amp; Sales\" \/>\n<meta property=\"og:image\" content=\"https:\/\/www.campus02.at\/marketing\/wp-content\/uploads\/sites\/7\/2023\/03\/MS_230330_Absolvent-des-Monats_Schoerkmaier_Titelbild-Soziale-Medien.png\" \/>\n\t<meta property=\"og:image:width\" content=\"700\" \/>\n\t<meta property=\"og:image:height\" content=\"300\" \/>\n\t<meta property=\"og:image:type\" content=\"image\/png\" \/>\n<meta name=\"twitter:card\" content=\"summary_large_image\" \/>\n<script type=\"application\/ld+json\" class=\"yoast-schema-graph\">{\"@context\":\"https:\/\/schema.org\",\"@graph\":[{\"@type\":\"WebPage\",\"@id\":\"https:\/\/www.campus02.at\/marketing\/news\/absolventin-des-monats-maerz-2023\/\",\"url\":\"https:\/\/www.campus02.at\/marketing\/news\/absolventin-des-monats-maerz-2023\/\",\"name\":\"Marketing & Sales: Absolventin des Monats M\u00e4rz 2023 I FH CAMPUS 02\",\"isPartOf\":{\"@id\":\"https:\/\/www.campus02.at\/marketing\/#website\"},\"primaryImageOfPage\":{\"@id\":\"https:\/\/www.campus02.at\/marketing\/news\/absolventin-des-monats-maerz-2023\/#primaryimage\"},\"image\":{\"@id\":\"https:\/\/www.campus02.at\/marketing\/news\/absolventin-des-monats-maerz-2023\/#primaryimage\"},\"thumbnailUrl\":\"https:\/\/www.campus02.at\/marketing\/wp-content\/uploads\/sites\/7\/2023\/03\/CRM-Header-2.png\",\"datePublished\":\"2023-03-30T05:30:01+00:00\",\"description\":\"Alumni im Portr\u00e4t: Was wird aus den Absolvent*innen des Departments Marketing & Sales? Diesmal im Interview - Donata Sch\u00f6rkmaier.\",\"breadcrumb\":{\"@id\":\"https:\/\/www.campus02.at\/marketing\/news\/absolventin-des-monats-maerz-2023\/#breadcrumb\"},\"inLanguage\":\"de\",\"potentialAction\":[{\"@type\":\"ReadAction\",\"target\":[\"https:\/\/www.campus02.at\/marketing\/news\/absolventin-des-monats-maerz-2023\/\"]}]},{\"@type\":\"ImageObject\",\"inLanguage\":\"de\",\"@id\":\"https:\/\/www.campus02.at\/marketing\/news\/absolventin-des-monats-maerz-2023\/#primaryimage\",\"url\":\"https:\/\/www.campus02.at\/marketing\/wp-content\/uploads\/sites\/7\/2023\/03\/CRM-Header-2.png\",\"contentUrl\":\"https:\/\/www.campus02.at\/marketing\/wp-content\/uploads\/sites\/7\/2023\/03\/CRM-Header-2.png\",\"width\":1024,\"height\":341,\"caption\":\"\u00a9 KAMA\"},{\"@type\":\"BreadcrumbList\",\"@id\":\"https:\/\/www.campus02.at\/marketing\/news\/absolventin-des-monats-maerz-2023\/#breadcrumb\",\"itemListElement\":[{\"@type\":\"ListItem\",\"position\":1,\"name\":\"Startseite\",\"item\":\"https:\/\/www.campus02.at\/marketing\/\"},{\"@type\":\"ListItem\",\"position\":2,\"name\":\"Marketing &amp; Sales: Unsere Absolventin des Monats M\u00e4rz 2023\"}]},{\"@type\":\"WebSite\",\"@id\":\"https:\/\/www.campus02.at\/marketing\/#website\",\"url\":\"https:\/\/www.campus02.at\/marketing\/\",\"name\":\"FH CAMPUS 02 - Marketing &amp; Sales\",\"description\":\"\",\"potentialAction\":[{\"@type\":\"SearchAction\",\"target\":{\"@type\":\"EntryPoint\",\"urlTemplate\":\"https:\/\/www.campus02.at\/marketing\/?s={search_term_string}\"},\"query-input\":{\"@type\":\"PropertyValueSpecification\",\"valueRequired\":true,\"valueName\":\"search_term_string\"}}],\"inLanguage\":\"de\"}]}<\/script>\n<!-- \/ Yoast SEO plugin. -->","yoast_head_json":{"title":"Marketing & Sales: Absolventin des Monats M\u00e4rz 2023 I FH CAMPUS 02","description":"Alumni im Portr\u00e4t: Was wird aus den Absolvent*innen des Departments Marketing & Sales? Diesmal im Interview - Donata Sch\u00f6rkmaier.","robots":{"index":"index","follow":"follow","max-snippet":"max-snippet:-1","max-image-preview":"max-image-preview:large","max-video-preview":"max-video-preview:-1"},"canonical":"https:\/\/www.campus02.at\/marketing\/news\/absolventin-des-monats-maerz-2023\/","og_locale":"de_DE","og_type":"article","og_title":"Donata Sch\u00f6rkmaier - Absolventin des Monats","og_description":"Alumni im Portr\u00e4t: Was wird aus den Absolvent*innen des Departments Marketing & Sales? Diesmal im Interview - Donata Sch\u00f6rkmaier.","og_url":"https:\/\/www.campus02.at\/marketing\/news\/absolventin-des-monats-maerz-2023\/","og_site_name":"FH CAMPUS 02 - Marketing &amp; Sales","og_image":[{"width":700,"height":300,"url":"https:\/\/www.campus02.at\/marketing\/wp-content\/uploads\/sites\/7\/2023\/03\/MS_230330_Absolvent-des-Monats_Schoerkmaier_Titelbild-Soziale-Medien.png","type":"image\/png"}],"twitter_card":"summary_large_image","schema":{"@context":"https:\/\/schema.org","@graph":[{"@type":"WebPage","@id":"https:\/\/www.campus02.at\/marketing\/news\/absolventin-des-monats-maerz-2023\/","url":"https:\/\/www.campus02.at\/marketing\/news\/absolventin-des-monats-maerz-2023\/","name":"Marketing & Sales: Absolventin des Monats M\u00e4rz 2023 I FH CAMPUS 02","isPartOf":{"@id":"https:\/\/www.campus02.at\/marketing\/#website"},"primaryImageOfPage":{"@id":"https:\/\/www.campus02.at\/marketing\/news\/absolventin-des-monats-maerz-2023\/#primaryimage"},"image":{"@id":"https:\/\/www.campus02.at\/marketing\/news\/absolventin-des-monats-maerz-2023\/#primaryimage"},"thumbnailUrl":"https:\/\/www.campus02.at\/marketing\/wp-content\/uploads\/sites\/7\/2023\/03\/CRM-Header-2.png","datePublished":"2023-03-30T05:30:01+00:00","description":"Alumni im Portr\u00e4t: Was wird aus den Absolvent*innen des Departments Marketing & Sales? Diesmal im Interview - Donata Sch\u00f6rkmaier.","breadcrumb":{"@id":"https:\/\/www.campus02.at\/marketing\/news\/absolventin-des-monats-maerz-2023\/#breadcrumb"},"inLanguage":"de","potentialAction":[{"@type":"ReadAction","target":["https:\/\/www.campus02.at\/marketing\/news\/absolventin-des-monats-maerz-2023\/"]}]},{"@type":"ImageObject","inLanguage":"de","@id":"https:\/\/www.campus02.at\/marketing\/news\/absolventin-des-monats-maerz-2023\/#primaryimage","url":"https:\/\/www.campus02.at\/marketing\/wp-content\/uploads\/sites\/7\/2023\/03\/CRM-Header-2.png","contentUrl":"https:\/\/www.campus02.at\/marketing\/wp-content\/uploads\/sites\/7\/2023\/03\/CRM-Header-2.png","width":1024,"height":341,"caption":"\u00a9 KAMA"},{"@type":"BreadcrumbList","@id":"https:\/\/www.campus02.at\/marketing\/news\/absolventin-des-monats-maerz-2023\/#breadcrumb","itemListElement":[{"@type":"ListItem","position":1,"name":"Startseite","item":"https:\/\/www.campus02.at\/marketing\/"},{"@type":"ListItem","position":2,"name":"Marketing &amp; Sales: Unsere Absolventin des Monats M\u00e4rz 2023"}]},{"@type":"WebSite","@id":"https:\/\/www.campus02.at\/marketing\/#website","url":"https:\/\/www.campus02.at\/marketing\/","name":"FH CAMPUS 02 - Marketing &amp; Sales","description":"","potentialAction":[{"@type":"SearchAction","target":{"@type":"EntryPoint","urlTemplate":"https:\/\/www.campus02.at\/marketing\/?s={search_term_string}"},"query-input":{"@type":"PropertyValueSpecification","valueRequired":true,"valueName":"search_term_string"}}],"inLanguage":"de"}]}},"_links":{"self":[{"href":"https:\/\/www.campus02.at\/marketing\/wp-json\/wp\/v2\/campus_news\/127947","targetHints":{"allow":["GET"]}}],"collection":[{"href":"https:\/\/www.campus02.at\/marketing\/wp-json\/wp\/v2\/campus_news"}],"about":[{"href":"https:\/\/www.campus02.at\/marketing\/wp-json\/wp\/v2\/types\/campus_news"}],"author":[{"embeddable":true,"href":"https:\/\/www.campus02.at\/marketing\/wp-json\/wp\/v2\/users\/151"}],"version-history":[{"count":7,"href":"https:\/\/www.campus02.at\/marketing\/wp-json\/wp\/v2\/campus_news\/127947\/revisions"}],"predecessor-version":[{"id":127987,"href":"https:\/\/www.campus02.at\/marketing\/wp-json\/wp\/v2\/campus_news\/127947\/revisions\/127987"}],"wp:featuredmedia":[{"embeddable":true,"href":"https:\/\/www.campus02.at\/marketing\/wp-json\/wp\/v2\/media\/127958"}],"wp:attachment":[{"href":"https:\/\/www.campus02.at\/marketing\/wp-json\/wp\/v2\/media?parent=127947"}],"wp:term":[{"taxonomy":"author","embeddable":true,"href":"https:\/\/www.campus02.at\/marketing\/wp-json\/wp\/v2\/coauthors?post=127947"}],"curies":[{"name":"wp","href":"https:\/\/api.w.org\/{rel}","templated":true}]}}