{"id":10621,"date":"2023-01-26T07:00:17","date_gmt":"2023-01-26T06:00:17","guid":{"rendered":"https:\/\/www.campus02.at\/marketing\/?post_type=campus_news&#038;p=10621"},"modified":"2023-03-27T14:48:38","modified_gmt":"2023-03-27T12:48:38","slug":"absolvent-des-monats-januar-2023","status":"publish","type":"campus_news","link":"https:\/\/www.campus02.at\/marketing\/news\/absolvent-des-monats-januar-2023\/","title":{"rendered":"Marketing und Sales: Unser Absolvent des Monats Januar 2023"},"content":{"rendered":"<p>Welche Berufswege schlagen Absolvent*innen des Departments Marketing &amp; Sales nach Abschluss ihres Studiums ein? Um verschiedene M\u00f6glichkeiten vorzustellen, befragen wir ehemalige Studierenden in der Reihe \u201eAbsolvent*in des Monats\u201c. Diesmal haben wir den bald dreifachen Familienvater Stefan Lanzinger interviewt. Er hat das <a href=\"https:\/\/www.campus02.at\/marketing\/bachelor\/\">Bachelorstudium Marketing &amp; Sales<\/a>, sowie das <strong>Masterstudium International Marketing<\/strong> an der FH CAMPUS 02 absolviert und arbeitet heute als Head of Marketing &amp; Communications bei der <a href=\"https:\/\/www.keba.com\/de\/energy-automation\">KEBA Energy Automation<\/a> in Ober\u00f6sterreich.<\/p>\n<p>&nbsp;<\/p>\n<h4><strong>Warum hast du dich f\u00fcr das Marketing &amp; Sales Studium an der FH CAMPUS 02 entschieden?<\/strong><\/h4>\n<p>Nach meiner Lehre zum KFZ-Mechaniker &amp; Berufskraftfahrer und etlichen Weiterbildungen merkte ich relativ rasch, dass ich mich f\u00fcr Marketing interessiere und meine berufliche Zukunft auf diesem Gebiet sah. Mit 27 Jahren beschloss ich ein Studium an einer \u00f6sterreichischen Fachhochschule zu starten, da mir die kalkulierbare Studiendauer im Vergleich zu einem Studium an einer Universit\u00e4t einfach mehr zusagte. Ich verglich das Studienangebot der FH CAMPUS 02, der FH Wiener Neustadt und der FH Wien der WKW\u00a0 und entschied mich aufgrund der Inhalte, der geografischen Lage, der Atmosph\u00e4re der Stadt Graz und des nutzerfreundlichen Bewerbungsprozesses f\u00fcr die Erstgenannte. Gemeinsam mit meiner damaligen Partnerin und jetzigen Frau zog ich nach Graz und sie wechselte mir zuliebe sogar von ihrer Hochschule in Wien an die KFU.<\/p>\n<p>&nbsp;<\/p>\n<h4><strong>Wenn du an dein Studium zur\u00fcckdenkst, woran denkst du besonders gerne? Gab es vielleicht Momente oder Personen in deinem Studium, die dich besonders gepr\u00e4gt haben?<\/strong><\/h4>\n<p>Speziell im Bachelorstudium Marketing &amp; Sales gab es zwischen den Studierenden eine sehr enge Verbindung und daraus entwickelten sich Freundschaften, die auch 10 Jahre nach Studienabschluss noch bestehen. Meiner Meinung nach, schafften die Vortragenden es sowohl im Bachelorstudium als auch im Masterstudium hervorragend eine Br\u00fccke zwischen Theorie und Praxis zu schlagen und ihre eigenen Erfahrungen einzubringen. Dies half mir \u00fcber den Tellerrand zu sehen und einen ganzheitlichen Blick f\u00fcr die k\u00fcnftigen Entwicklungen und M\u00f6glichkeiten im Marketing zu erhalten.<\/p>\n<p>Auch die in Kleingruppen durchgef\u00fchrten Projekte im Studium haben mich sehr gepr\u00e4gt. Dadurch wurden nicht nur meine sozialen F\u00e4higkeiten gesch\u00e4rft, sondern auch F\u00fchrungskompetenz vermittelt.<\/p>\n<p>&nbsp;<\/p>\n<h4><strong>Was ist KEBA, wof\u00fcr steht ihr und was sind deine Aufgaben dort?<\/strong><\/h4>\n<p>Die <a href=\"https:\/\/www.keba.com\/en\/home\">KEBA Group AG<\/a> ist ein international agierendes Technologieunternehmen aus Linz, das Automationsl\u00f6sungen f\u00fcr die drei Gesch\u00e4ftsfelder Industrieautomation, Bank- und Dienstleistungsautomation sowie Energieautomation entwickelt und produziert.<\/p>\n<p>Ich bin in der KEBA Energy Automation t\u00e4tig, wo der Fokus auf erneuerbaren Energien liegt. Neben Heizungssteuerungen f\u00fcr W\u00e4rmepumpen und Biomasseheizungen entwickeln und produzieren wir Ladel\u00f6sungen f\u00fcr E-Autos. Als Head of Marketing und Communications leite ich ein international agierendes 10-k\u00f6pfiges Team und verantworte alle Marketing- und PR-\u2011Aktivit\u00e4ten f\u00fcr dieses Gesch\u00e4ftsfeld.<\/p>\n<p>In den letzten beiden Jahren haben wir die Ausrichtung unserer Kommunikation von einem reinen B2B Fokus auch auf B2C erweitert und so unsere Zielgruppe auch auf Endanwender*innen und private Endkund*innen vergr\u00f6\u00dfert. Unser Kernm\u00e4rkte liegen in Europa, jedoch sind wir \u00fcber unsere Kund*innen weltweit t\u00e4tig.<\/p>\n<p>&nbsp;<\/p>\n<h4><strong>Welche im Studium erworbene Qualifikation hilft dir in deiner heutigen Position am meisten?<\/strong><\/h4>\n<p>Ich profitiere in vielen Bereichen von den erworbenen Kenntnissen und F\u00e4higkeiten des Studiums. So haben mir die Inhalte in Projektmanagement sowie die vermittelten strategischen Denk- und Analysef\u00e4higkeiten schon bei manch einem Vorhaben weitergeholfen.<\/p>\n<p>Auch die erlernten Inhalte zur interkulturellen Kommunikation im Marketing m\u00f6chte ich in diesem Zusammenhang nicht unerw\u00e4hnt lassen. Wer wie ich in einem international t\u00e4tigen Unternehmen arbeitet, muss Gewohnheiten und Br\u00e4uche anderer Kultur- und Arbeitskreise nicht nur verstehen, sondern auch in der t\u00e4glichen Arbeit ber\u00fccksichtigen. Dies hilft nicht nur Vorbehalte im eigenen Team abzubauen, sondern auch ungewollte Assoziationen in den Zielm\u00e4rkten zu vermeiden, welche im schlimmsten Fall einen massiven Imageverlust nach sich ziehen k\u00f6nnen.<\/p>\n<p>&nbsp;<\/p>\n<h4><strong>Studierenden rate ich\u2026<\/strong><\/h4>\n<p>Auch wenn digitale F\u00e4higkeiten gefragter denn je und auch zwingend erforderlich sind, um sich in einer stetig \u00e4ndernden Welt weiterzuentwickeln, verliert bitte nicht den Blick auf das gro\u00dfe Ganze. Digitale Tools und Medien m\u00f6gen uns Marketer*innen zwar in der Zielerreichung unterst\u00fctzen, trotzdem ist es immens wichtig, ein Verst\u00e4ndnis f\u00fcr prozess- und marketingrelevante Abl\u00e4ufe \u2013 hierzu geh\u00f6rt auch die Orchestrierung der klassischen Marketingmedien &#8211; zu haben.<\/p>\n<p>Bedauerlicherweise wurde Marketing in den letzten Jahren sehr stark auf die reine Kommunikation reduziert. Doch es ist viel mehr. Umso wichtiger ist es meiner Meinung nach auch Erfahrungen und Know-how aus anderen Bereichen wie beispielsweise Produktmanagement, Sales zu sammeln und dieses einzusetzen.<\/p>\n<p>&nbsp;<\/p>\n<h4><strong>Was zeichnet f\u00fcr dich eine gute Ausbildung von Expert*innen im Bereich Marketing &amp; Sales aus und wo siehst du zuk\u00fcnftige Herausforderungen in diesem Bereich?<\/strong><\/h4>\n<p>Eine gute Ausbildung in diesem Bereich beinhaltet f\u00fcr mich eine solide Wissensbasis kombiniert mit aktuellen Themen aus diesem Bereich. Marketing ist eine der schnelllebigsten Disziplinen unserer Zeit. Sich immer wieder an neue Trends und Gegebenheiten anzupassen, f\u00e4llt dabei gar nicht so leicht. Laufende Weiterbildungen und die Konzentration auf die eigenen St\u00e4rken werden immer wichtiger. \u00dcberdies muss ich als F\u00fchrungskraft auch meinem Team vertrauen, dass es die richtigen Ma\u00dfnahmen setzt.<\/p>\n<p>&nbsp;<\/p>\n<h4><strong>Auf ein paar Worte mit Stefan Lanzinger<\/strong><\/h4>\n<p><strong>Aus meiner Studienzeit besitze ich noch\u2026.<\/strong><\/p>\n<p><em>&#8230;viele sch\u00f6ne Erinnerungen und einige Skripten.<\/em><\/p>\n<p><strong>Wer hat dich inspiriert?<\/strong><\/p>\n<p><em>Es gibt eine Reihe von Lektor*innen an der FH CAMPUS 02, die mir positiv in Erinnerung geblieben sind. Besonders inspiriert hat mich jedoch Ernst Mairhofer mit seiner leidenschaftlichen Art, komplexe Modelle verst\u00e4ndlich zu erkl\u00e4ren. Seine Erl\u00e4uterungen machten es f\u00fcr mich einfach, die gelernten theoretischen Inhalte in der Praxis anzuwenden.<\/em><\/p>\n<p><strong>Wenn ich noch einmal studieren w\u00fcrde, w\u00fcrde ich\u2026<\/strong><\/p>\n<p>&#8230;<em>mehr Zeit in internationale Praktika investieren.<\/em><\/p>\n<p><em>\u00a0<\/em><strong>Mein Studium in 4 Worten:<\/strong><\/p>\n<p><em>bereichernd, inspirierend, lehrreich, fordernd<\/em><\/p>\n<p>&nbsp;<\/p>\n<div id='gallery-1' class='gallery galleryid-10621 gallery-columns-3 gallery-size-medium'><figure class='gallery-item'>\n\t\t\t<div class='gallery-icon landscape'>\n\t\t\t\t<a href='https:\/\/www.campus02.at\/marketing\/wp-content\/uploads\/sites\/7\/2023\/01\/1-scaled.jpg'><img fetchpriority=\"high\" decoding=\"async\" width=\"300\" height=\"200\" src=\"https:\/\/www.campus02.at\/marketing\/wp-content\/uploads\/sites\/7\/2023\/01\/1-300x200.jpg\" class=\"attachment-medium size-medium\" alt=\"KEBA-Team bei Messestand\" aria-describedby=\"gallery-1-127303\" srcset=\"https:\/\/www.campus02.at\/marketing\/wp-content\/uploads\/sites\/7\/2023\/01\/1-300x200.jpg 300w, https:\/\/www.campus02.at\/marketing\/wp-content\/uploads\/sites\/7\/2023\/01\/1-1024x681.jpg 1024w, https:\/\/www.campus02.at\/marketing\/wp-content\/uploads\/sites\/7\/2023\/01\/1-768x511.jpg 768w, https:\/\/www.campus02.at\/marketing\/wp-content\/uploads\/sites\/7\/2023\/01\/1-1536x1022.jpg 1536w, https:\/\/www.campus02.at\/marketing\/wp-content\/uploads\/sites\/7\/2023\/01\/1-2048x1363.jpg 2048w, https:\/\/www.campus02.at\/marketing\/wp-content\/uploads\/sites\/7\/2023\/01\/1-1920x1278.jpg 1920w\" sizes=\"(max-width: 300px) 100vw, 300px\" \/><\/a>\n\t\t\t<\/div>\n\t\t\t\t<figcaption class='wp-caption-text gallery-caption' id='gallery-1-127303'>\n\t\t\t\t\u00a9 Stefan Lanzinger\n\t\t\t\t<\/figcaption><\/figure><figure class='gallery-item'>\n\t\t\t<div class='gallery-icon landscape'>\n\t\t\t\t<a href='https:\/\/www.campus02.at\/marketing\/wp-content\/uploads\/sites\/7\/2023\/01\/2022_05_12-P2D-3-scaled.jpg'><img decoding=\"async\" width=\"300\" height=\"225\" src=\"https:\/\/www.campus02.at\/marketing\/wp-content\/uploads\/sites\/7\/2023\/01\/2022_05_12-P2D-3-300x225.jpg\" class=\"attachment-medium size-medium\" alt=\"Stefan Lanzinger im Einsatz auf einer Messe\" aria-describedby=\"gallery-1-127304\" srcset=\"https:\/\/www.campus02.at\/marketing\/wp-content\/uploads\/sites\/7\/2023\/01\/2022_05_12-P2D-3-300x225.jpg 300w, https:\/\/www.campus02.at\/marketing\/wp-content\/uploads\/sites\/7\/2023\/01\/2022_05_12-P2D-3-1024x768.jpg 1024w, https:\/\/www.campus02.at\/marketing\/wp-content\/uploads\/sites\/7\/2023\/01\/2022_05_12-P2D-3-768x576.jpg 768w, https:\/\/www.campus02.at\/marketing\/wp-content\/uploads\/sites\/7\/2023\/01\/2022_05_12-P2D-3-1536x1152.jpg 1536w, https:\/\/www.campus02.at\/marketing\/wp-content\/uploads\/sites\/7\/2023\/01\/2022_05_12-P2D-3-2048x1536.jpg 2048w, https:\/\/www.campus02.at\/marketing\/wp-content\/uploads\/sites\/7\/2023\/01\/2022_05_12-P2D-3-1920x1440.jpg 1920w\" sizes=\"(max-width: 300px) 100vw, 300px\" \/><\/a>\n\t\t\t<\/div>\n\t\t\t\t<figcaption class='wp-caption-text gallery-caption' id='gallery-1-127304'>\n\t\t\t\t\u00a9 Stefan Lanzinger Im Einsatz auf einer Messe\n\t\t\t\t<\/figcaption><\/figure><figure class='gallery-item'>\n\t\t\t<div class='gallery-icon landscape'>\n\t\t\t\t<a href='https:\/\/www.campus02.at\/marketing\/wp-content\/uploads\/sites\/7\/2023\/01\/2022_05_12-P2D-02489-scaled.jpg'><img decoding=\"async\" width=\"300\" height=\"200\" src=\"https:\/\/www.campus02.at\/marketing\/wp-content\/uploads\/sites\/7\/2023\/01\/2022_05_12-P2D-02489-300x200.jpg\" class=\"attachment-medium size-medium\" alt=\"Stefan Lanzinger mit einer Mitarbeiterin\" aria-describedby=\"gallery-1-127306\" srcset=\"https:\/\/www.campus02.at\/marketing\/wp-content\/uploads\/sites\/7\/2023\/01\/2022_05_12-P2D-02489-300x200.jpg 300w, https:\/\/www.campus02.at\/marketing\/wp-content\/uploads\/sites\/7\/2023\/01\/2022_05_12-P2D-02489-1024x683.jpg 1024w, https:\/\/www.campus02.at\/marketing\/wp-content\/uploads\/sites\/7\/2023\/01\/2022_05_12-P2D-02489-768x512.jpg 768w, https:\/\/www.campus02.at\/marketing\/wp-content\/uploads\/sites\/7\/2023\/01\/2022_05_12-P2D-02489-1536x1024.jpg 1536w, https:\/\/www.campus02.at\/marketing\/wp-content\/uploads\/sites\/7\/2023\/01\/2022_05_12-P2D-02489-2048x1365.jpg 2048w, https:\/\/www.campus02.at\/marketing\/wp-content\/uploads\/sites\/7\/2023\/01\/2022_05_12-P2D-02489-1920x1280.jpg 1920w\" sizes=\"(max-width: 300px) 100vw, 300px\" \/><\/a>\n\t\t\t<\/div>\n\t\t\t\t<figcaption class='wp-caption-text gallery-caption' id='gallery-1-127306'>\n\t\t\t\t\u00a9 Lanzinger\n\t\t\t\t<\/figcaption><\/figure>\n\t\t<\/div>\n\n<p>&nbsp;<\/p>\n","protected":false},"excerpt":{"rendered":"<p>Welche Berufswege schlagen Absolvent*innen des Departments Marketing &amp; Sales nach Abschluss ihres Studiums ein? Um <a href=\"https:\/\/www.campus02.at\/marketing\/news\/absolvent-des-monats-januar-2023\/\" class=\"more-link\">mehr&hellip;<\/a><\/p>\n","protected":false},"author":153,"featured_media":127300,"parent":0,"template":"","coauthors":[76],"class_list":["post-10621","campus_news","type-campus_news","status-publish","has-post-thumbnail","hentry"],"acf":[],"yoast_head":"<!-- This site is optimized with the Yoast SEO plugin v26.9 - https:\/\/yoast.com\/product\/yoast-seo-wordpress\/ -->\n<title>Marketing &amp; Sales: Absolvent des Monats Januar 2023<\/title>\n<meta name=\"description\" content=\"Alumni im Portr\u00e4t: Welche Karrieren schlagen Absolvent*innen des Departments Marketing &amp; Sales ein? Diesmal im Interview - Stephan Lanzinger.\" \/>\n<meta name=\"robots\" content=\"index, follow, max-snippet:-1, max-image-preview:large, max-video-preview:-1\" \/>\n<link rel=\"canonical\" href=\"https:\/\/www.campus02.at\/marketing\/news\/absolvent-des-monats-januar-2023\/\" \/>\n<meta property=\"og:locale\" content=\"de_DE\" \/>\n<meta property=\"og:type\" content=\"article\" \/>\n<meta property=\"og:title\" content=\"Stefan Lanzinger - Absolvent des Monats\" \/>\n<meta property=\"og:description\" content=\"Alumni im Portr\u00e4t: Welche Karrieren schlagen Absolvent*innen des Departments Marketing &amp; Sales ein? Diesmal im Interview - Stephan Lanzinger.\" \/>\n<meta property=\"og:url\" content=\"https:\/\/www.campus02.at\/marketing\/news\/absolvent-des-monats-januar-2023\/\" \/>\n<meta property=\"og:site_name\" content=\"FH CAMPUS 02 - Marketing &amp; Sales\" \/>\n<meta property=\"article:modified_time\" content=\"2023-03-27T12:48:38+00:00\" \/>\n<meta property=\"og:image\" content=\"https:\/\/www.campus02.at\/marketing\/wp-content\/uploads\/sites\/7\/2022\/12\/MS_230126_Alumni-Titelbild_Soziale-Medien.png\" \/>\n\t<meta property=\"og:image:width\" content=\"700\" \/>\n\t<meta property=\"og:image:height\" content=\"300\" \/>\n\t<meta property=\"og:image:type\" content=\"image\/png\" \/>\n<meta name=\"twitter:card\" content=\"summary_large_image\" \/>\n<meta name=\"twitter:title\" content=\"Stefan Lanzinger - Absolvent des Monats\" \/>\n<script type=\"application\/ld+json\" class=\"yoast-schema-graph\">{\"@context\":\"https:\/\/schema.org\",\"@graph\":[{\"@type\":\"WebPage\",\"@id\":\"https:\/\/www.campus02.at\/marketing\/news\/absolvent-des-monats-januar-2023\/\",\"url\":\"https:\/\/www.campus02.at\/marketing\/news\/absolvent-des-monats-januar-2023\/\",\"name\":\"Marketing & Sales: Absolvent des Monats Januar 2023\",\"isPartOf\":{\"@id\":\"https:\/\/www.campus02.at\/marketing\/#website\"},\"primaryImageOfPage\":{\"@id\":\"https:\/\/www.campus02.at\/marketing\/news\/absolvent-des-monats-januar-2023\/#primaryimage\"},\"image\":{\"@id\":\"https:\/\/www.campus02.at\/marketing\/news\/absolvent-des-monats-januar-2023\/#primaryimage\"},\"thumbnailUrl\":\"https:\/\/www.campus02.at\/marketing\/wp-content\/uploads\/sites\/7\/2022\/12\/MS_230126_Alumni-Stefan-Lanzinger.png\",\"datePublished\":\"2023-01-26T06:00:17+00:00\",\"dateModified\":\"2023-03-27T12:48:38+00:00\",\"description\":\"Alumni im Portr\u00e4t: Welche Karrieren schlagen Absolvent*innen des Departments Marketing & Sales ein? Diesmal im Interview - Stephan Lanzinger.\",\"breadcrumb\":{\"@id\":\"https:\/\/www.campus02.at\/marketing\/news\/absolvent-des-monats-januar-2023\/#breadcrumb\"},\"inLanguage\":\"de\",\"potentialAction\":[{\"@type\":\"ReadAction\",\"target\":[\"https:\/\/www.campus02.at\/marketing\/news\/absolvent-des-monats-januar-2023\/\"]}]},{\"@type\":\"ImageObject\",\"inLanguage\":\"de\",\"@id\":\"https:\/\/www.campus02.at\/marketing\/news\/absolvent-des-monats-januar-2023\/#primaryimage\",\"url\":\"https:\/\/www.campus02.at\/marketing\/wp-content\/uploads\/sites\/7\/2022\/12\/MS_230126_Alumni-Stefan-Lanzinger.png\",\"contentUrl\":\"https:\/\/www.campus02.at\/marketing\/wp-content\/uploads\/sites\/7\/2022\/12\/MS_230126_Alumni-Stefan-Lanzinger.png\",\"width\":1024,\"height\":341,\"caption\":\"\u00a9 Stefan Lanzinger\"},{\"@type\":\"BreadcrumbList\",\"@id\":\"https:\/\/www.campus02.at\/marketing\/news\/absolvent-des-monats-januar-2023\/#breadcrumb\",\"itemListElement\":[{\"@type\":\"ListItem\",\"position\":1,\"name\":\"Startseite\",\"item\":\"https:\/\/www.campus02.at\/marketing\/\"},{\"@type\":\"ListItem\",\"position\":2,\"name\":\"Marketing und Sales: Unser Absolvent des Monats Januar 2023\"}]},{\"@type\":\"WebSite\",\"@id\":\"https:\/\/www.campus02.at\/marketing\/#website\",\"url\":\"https:\/\/www.campus02.at\/marketing\/\",\"name\":\"FH CAMPUS 02 - Marketing &amp; Sales\",\"description\":\"\",\"potentialAction\":[{\"@type\":\"SearchAction\",\"target\":{\"@type\":\"EntryPoint\",\"urlTemplate\":\"https:\/\/www.campus02.at\/marketing\/?s={search_term_string}\"},\"query-input\":{\"@type\":\"PropertyValueSpecification\",\"valueRequired\":true,\"valueName\":\"search_term_string\"}}],\"inLanguage\":\"de\"}]}<\/script>\n<!-- \/ Yoast SEO plugin. -->","yoast_head_json":{"title":"Marketing & Sales: Absolvent des Monats Januar 2023","description":"Alumni im Portr\u00e4t: Welche Karrieren schlagen Absolvent*innen des Departments Marketing & Sales ein? Diesmal im Interview - Stephan Lanzinger.","robots":{"index":"index","follow":"follow","max-snippet":"max-snippet:-1","max-image-preview":"max-image-preview:large","max-video-preview":"max-video-preview:-1"},"canonical":"https:\/\/www.campus02.at\/marketing\/news\/absolvent-des-monats-januar-2023\/","og_locale":"de_DE","og_type":"article","og_title":"Stefan Lanzinger - Absolvent des Monats","og_description":"Alumni im Portr\u00e4t: Welche Karrieren schlagen Absolvent*innen des Departments Marketing & Sales ein? Diesmal im Interview - Stephan Lanzinger.","og_url":"https:\/\/www.campus02.at\/marketing\/news\/absolvent-des-monats-januar-2023\/","og_site_name":"FH CAMPUS 02 - Marketing &amp; Sales","article_modified_time":"2023-03-27T12:48:38+00:00","og_image":[{"width":700,"height":300,"url":"https:\/\/www.campus02.at\/marketing\/wp-content\/uploads\/sites\/7\/2022\/12\/MS_230126_Alumni-Titelbild_Soziale-Medien.png","type":"image\/png"}],"twitter_card":"summary_large_image","twitter_title":"Stefan Lanzinger - Absolvent des Monats","schema":{"@context":"https:\/\/schema.org","@graph":[{"@type":"WebPage","@id":"https:\/\/www.campus02.at\/marketing\/news\/absolvent-des-monats-januar-2023\/","url":"https:\/\/www.campus02.at\/marketing\/news\/absolvent-des-monats-januar-2023\/","name":"Marketing & Sales: Absolvent des Monats Januar 2023","isPartOf":{"@id":"https:\/\/www.campus02.at\/marketing\/#website"},"primaryImageOfPage":{"@id":"https:\/\/www.campus02.at\/marketing\/news\/absolvent-des-monats-januar-2023\/#primaryimage"},"image":{"@id":"https:\/\/www.campus02.at\/marketing\/news\/absolvent-des-monats-januar-2023\/#primaryimage"},"thumbnailUrl":"https:\/\/www.campus02.at\/marketing\/wp-content\/uploads\/sites\/7\/2022\/12\/MS_230126_Alumni-Stefan-Lanzinger.png","datePublished":"2023-01-26T06:00:17+00:00","dateModified":"2023-03-27T12:48:38+00:00","description":"Alumni im Portr\u00e4t: Welche Karrieren schlagen Absolvent*innen des Departments Marketing & Sales ein? Diesmal im Interview - Stephan Lanzinger.","breadcrumb":{"@id":"https:\/\/www.campus02.at\/marketing\/news\/absolvent-des-monats-januar-2023\/#breadcrumb"},"inLanguage":"de","potentialAction":[{"@type":"ReadAction","target":["https:\/\/www.campus02.at\/marketing\/news\/absolvent-des-monats-januar-2023\/"]}]},{"@type":"ImageObject","inLanguage":"de","@id":"https:\/\/www.campus02.at\/marketing\/news\/absolvent-des-monats-januar-2023\/#primaryimage","url":"https:\/\/www.campus02.at\/marketing\/wp-content\/uploads\/sites\/7\/2022\/12\/MS_230126_Alumni-Stefan-Lanzinger.png","contentUrl":"https:\/\/www.campus02.at\/marketing\/wp-content\/uploads\/sites\/7\/2022\/12\/MS_230126_Alumni-Stefan-Lanzinger.png","width":1024,"height":341,"caption":"\u00a9 Stefan Lanzinger"},{"@type":"BreadcrumbList","@id":"https:\/\/www.campus02.at\/marketing\/news\/absolvent-des-monats-januar-2023\/#breadcrumb","itemListElement":[{"@type":"ListItem","position":1,"name":"Startseite","item":"https:\/\/www.campus02.at\/marketing\/"},{"@type":"ListItem","position":2,"name":"Marketing und Sales: Unser Absolvent des Monats Januar 2023"}]},{"@type":"WebSite","@id":"https:\/\/www.campus02.at\/marketing\/#website","url":"https:\/\/www.campus02.at\/marketing\/","name":"FH CAMPUS 02 - Marketing &amp; Sales","description":"","potentialAction":[{"@type":"SearchAction","target":{"@type":"EntryPoint","urlTemplate":"https:\/\/www.campus02.at\/marketing\/?s={search_term_string}"},"query-input":{"@type":"PropertyValueSpecification","valueRequired":true,"valueName":"search_term_string"}}],"inLanguage":"de"}]}},"_links":{"self":[{"href":"https:\/\/www.campus02.at\/marketing\/wp-json\/wp\/v2\/campus_news\/10621","targetHints":{"allow":["GET"]}}],"collection":[{"href":"https:\/\/www.campus02.at\/marketing\/wp-json\/wp\/v2\/campus_news"}],"about":[{"href":"https:\/\/www.campus02.at\/marketing\/wp-json\/wp\/v2\/types\/campus_news"}],"author":[{"embeddable":true,"href":"https:\/\/www.campus02.at\/marketing\/wp-json\/wp\/v2\/users\/153"}],"version-history":[{"count":7,"href":"https:\/\/www.campus02.at\/marketing\/wp-json\/wp\/v2\/campus_news\/10621\/revisions"}],"predecessor-version":[{"id":127986,"href":"https:\/\/www.campus02.at\/marketing\/wp-json\/wp\/v2\/campus_news\/10621\/revisions\/127986"}],"wp:featuredmedia":[{"embeddable":true,"href":"https:\/\/www.campus02.at\/marketing\/wp-json\/wp\/v2\/media\/127300"}],"wp:attachment":[{"href":"https:\/\/www.campus02.at\/marketing\/wp-json\/wp\/v2\/media?parent=10621"}],"wp:term":[{"taxonomy":"author","embeddable":true,"href":"https:\/\/www.campus02.at\/marketing\/wp-json\/wp\/v2\/coauthors?post=10621"}],"curies":[{"name":"wp","href":"https:\/\/api.w.org\/{rel}","templated":true}]}}