{"id":10375,"date":"2022-07-29T13:23:26","date_gmt":"2022-07-29T11:23:26","guid":{"rendered":"https:\/\/www.campus02.at\/marketing\/?post_type=campus_news&#038;p=10375"},"modified":"2023-03-27T13:52:18","modified_gmt":"2023-03-27T11:52:18","slug":"absolvent-des-monats-juli-2022","status":"publish","type":"campus_news","link":"https:\/\/www.campus02.at\/marketing\/news\/absolvent-des-monats-juli-2022\/","title":{"rendered":"Marketing &amp; Sales: Unser Absolvent des Monats Juli 2022"},"content":{"rendered":"<h4>Und weiter geht es mit unserem Format &#8222;Absolvent*in des Monats&#8220;. Diesmal haben wir Benno Hinteregger zum Interview gebeten.<\/h4>\n<p>Benno hat von 2003 bis 2007 das Diplomstudium Marketing in Vollzeit absolviert. Direkt nach dem Studium arbeitete er bei Red Bull, bevor er sich 2015 selbstst\u00e4ndig machte und die TradeYourProduct GmbH (kurz TYP GmbH) gr\u00fcndete. Ganz nebenbei kreierte er mit seiner Familie das &#8222;Pumuckl Kizzl Wasser&#8220;, um die Kinder mit Spa\u00df zum Wasser Trinken zu animieren.<\/p>\n<p>&nbsp;<\/p>\n<p><strong>Wenn du an dein Studium zur\u00fcckdenkst, woran denkst du besonders gerne?<br \/>\n<\/strong>An das unbeschwerte Tr\u00e4umen &#8211; was man nicht alles neben bzw. nach dem Studium anstellen k\u00f6nnte ?\u200b<\/p>\n<p>&nbsp;<\/p>\n<p style=\"text-align: left\"><strong>Du hast seit deinem Abschluss einen gro\u00dfartigen beruflichen Karriereweg eingeschlagen, dich selbstst\u00e4ndig gemacht und das Kindergetr\u00e4nk Pumuckl Kizzl Wasser entwickelt \u2013 wie kam es dazu?<\/strong><br \/>\nMeine gro\u00dfe Leidenschaft waren immer Pferde und der Reitsport. Nach der Matura entschied ich mich gegen eine Laufbahn als Profi-Springreiter, stattdessen begann ich an der FH CAMPUS 02 das Diplomstudium Marketing. Nach meinem Abschluss wollte ich von den Besten im Bereich Marketing lernen und bewarb mich f\u00fcr das Trainee-Programm von Red Bull. Gl\u00fccklicherweise konnte ich mich gegen viele andere Bewerber*innen durchsetzen und so erste praktische Erfahrungen sammeln und meine berufliche Karriere starten. Nach acht unbeschreiblich spannenden Jahren bot sich mir die M\u00f6glichkeit, mich mit einer Premium-Reitsportmarke und deren Handelsvertretung selbst\u00e4ndig zu machen und meine Leidenschaft mit dem Beruf zu verbinden. Daraus entwickelte sich ein Portfolio verschiedener hochwertiger Reitsportmarken (Pikeur, Eskadron, St\u00fcbben, Freejump\u2026), die ich in \u00d6sterreich vertrete.<\/p>\n<p>&nbsp;<\/p>\n<blockquote><p>Zuckerfalle Kindergetr\u00e4nk\u00a0 &#8211; diese enthalten zu viel Zucker und unn\u00f6tige Zus\u00e4tze!<\/p><\/blockquote>\n<p style=\"text-align: left\">Wie eingangs erw\u00e4hnt, entwickelte ich gemeinsam mit meiner Frau und unseren beiden Kindern das Pumuckl Kizzl Wasser. Als Elternteil st\u00f6rte es mich, dass f\u00fcr Kinder nur \u201eZuckerbomben\u201c im Getr\u00e4nkeregal angeboten wurden. Daher haben wir innerhalb von eineinhalb Jahren eine Rezeptur mit ausschlie\u00dflich Bio-zertifizierten Inhaltsstoffen entwickelt und so das erste und einzige Bio-Kindergetr\u00e4nk mit Geschmack ohne Zucker und ohne S\u00fc\u00dfstoffe in einer bereits 100% recycelten Flasche kreiert und vermarkten dieses nun.<\/p>\n<p>&nbsp;<\/p>\n<p><strong>Inwiefern profitierst du in deiner heutigen Position vom Studium an der FH CAMPUS 02?<\/strong><br \/>\nDurch das Studium bekam ich das R\u00fcstzeug und die Vorbereitung, um bei einem Unternehmen wie Red Bull meine berufliche Karriere starten zu k\u00f6nnen. Damals hat mir im mehrstufigen Assessment Center der hohe Praxis- und Pr\u00e4sentationsfokus im Studium sicherlich geholfen unter den knapp 5.000 Bewerbern genommen zu werden. In meiner aktuellen T\u00e4tigkeit greife ich auf ein Basisfundament der betriebswirtschaftlichen Ausbildung aus meinem Studium an der FH CAMPUS02 zur\u00fcck, dass dann sp\u00e4ter in der jeweiligen Fachsparte gespitzt und durch die Spezialisierung fokussierter wird. Man wird darin gut und besser, bei T\u00e4tigkeiten, die man oft macht und praktiziert. Die vielz\u00e4hligen Pr\u00e4sentationen auf der Fachhochschule st\u00e4rken einem auf diesem Weg sicherlich deutlich mehr, als bei einem theorielastigen Universit\u00e4tsstudium und auch davon profitiere ich noch heute.<\/p>\n<p>&nbsp;<\/p>\n<p><strong>Studierenden rate ich\u2026<\/strong><br \/>\n\u2026probiert euch aus. Macht ein Auslandssemester, nehmt euch Zeit und Noten nicht immer so ernst, denn Erfahrungsschatz kann euch keiner mehr nehmen. Es muss nicht immer der gerade Weg sein, nehmt auch mal einen Umweg, arbeitet bei Start-Ups mit, besucht Veranstaltungen die gar nicht zu eurem Studium passen, lernt Menschen kennen. Es ist erlaubt, und aus meiner Sicht auch sinnvoll, die Leitplanken w\u00e4hrend dieser Zeit n\u00e4her kennen zu lernen.<\/p>\n<p>&nbsp;<\/p>\n<p><strong>Was zeichnet f\u00fcr dich eine gute Ausbildung von Expert*innen im Bereich Marketing &amp; Sales aus?<\/strong><br \/>\nF\u00fcr mich ist speziell die Kommunikation in alle Richtungen essenziell, denn das Gesch\u00e4ft wird immer noch zwischen Menschen get\u00e4tigt. Schon Steve Jobs hat dies in den 90er Jahren erkannt. Kund*innen kaufen das Gef\u00fchl, die Werte, die mit dem Kauf einer Marke einhergehen und nicht nur das leblose, hochtechnische Produkt oder eine beliebige Dienstleistung. Marketing- und Salesexpert*innen m\u00fcssen darauf vorbereitet werden, Menschen zu erreichen und das ist wertvoller als die n\u00fcchterne Theorie.<\/p>\n<p>&nbsp;<\/p>\n<p><strong>Auf ein paar Worte mit Benno Hinteregger<\/strong><\/p>\n<p>Aus meiner Studienzeit besitze ich noch\u2026.<\/p>\n<ul>\n<li><em> Freundschaften und viele gute Erinnerungen<\/em><\/li>\n<\/ul>\n<p>Wer hat dich inspiriert?<\/p>\n<ul>\n<li><em>Der Wunsch einmal erfolgreich zu sein.<\/em><\/li>\n<\/ul>\n<p>Wenn ich noch einmal studieren w\u00fcrde, w\u00fcrde ich\u2026<\/p>\n<ul>\n<li><em>es mehr genie\u00dfen und den Fokus auf die Vernetzung mit Studienkolleg*innen, Vortragenden und Projektpartner*innen legen, mit dem Weitblick diese Kontakte auch nach dem Studium aufrecht zu halten<\/em><\/li>\n<\/ul>\n<p>Mein Studium in 4 Worten:<\/p>\n<ul>\n<li><em>aufregend &#8211; vorbereitend &#8211; konzentriert \u2013 empfehlenswert<\/em><\/li>\n<\/ul>\n<p>&nbsp;<\/p>\n<div id='gallery-1' class='gallery galleryid-10375 gallery-columns-2 gallery-size-medium'><figure class='gallery-item'>\n\t\t\t<div class='gallery-icon portrait'>\n\t\t\t\t<a href='https:\/\/www.campus02.at\/marketing\/wp-content\/uploads\/sites\/7\/2022\/07\/IMG_0794.jpg'><img fetchpriority=\"high\" decoding=\"async\" width=\"263\" height=\"300\" src=\"https:\/\/www.campus02.at\/marketing\/wp-content\/uploads\/sites\/7\/2022\/07\/IMG_0794-263x300.jpg\" class=\"attachment-medium size-medium\" alt=\"Absolvent des Monats Juli\" aria-describedby=\"gallery-1-10401\" srcset=\"https:\/\/www.campus02.at\/marketing\/wp-content\/uploads\/sites\/7\/2022\/07\/IMG_0794-263x300.jpg 263w, https:\/\/www.campus02.at\/marketing\/wp-content\/uploads\/sites\/7\/2022\/07\/IMG_0794-898x1024.jpg 898w, https:\/\/www.campus02.at\/marketing\/wp-content\/uploads\/sites\/7\/2022\/07\/IMG_0794-768x876.jpg 768w, https:\/\/www.campus02.at\/marketing\/wp-content\/uploads\/sites\/7\/2022\/07\/IMG_0794-1346x1536.jpg 1346w, https:\/\/www.campus02.at\/marketing\/wp-content\/uploads\/sites\/7\/2022\/07\/IMG_0794.jpg 1612w\" sizes=\"(max-width: 263px) 100vw, 263px\" \/><\/a>\n\t\t\t<\/div>\n\t\t\t\t<figcaption class='wp-caption-text gallery-caption' id='gallery-1-10401'>\n\t\t\t\t\u00a9 Privat\n\t\t\t\t<\/figcaption><\/figure><figure class='gallery-item'>\n\t\t\t<div class='gallery-icon portrait'>\n\t\t\t\t<a href='https:\/\/www.campus02.at\/marketing\/wp-content\/uploads\/sites\/7\/2022\/07\/a87d6243-f58c-4684-9d93-23f523f58b85.jpg'><img decoding=\"async\" width=\"198\" height=\"300\" src=\"https:\/\/www.campus02.at\/marketing\/wp-content\/uploads\/sites\/7\/2022\/07\/a87d6243-f58c-4684-9d93-23f523f58b85-198x300.jpg\" class=\"attachment-medium size-medium\" alt=\"Absolvent des Monats Juli\" aria-describedby=\"gallery-1-10394\" srcset=\"https:\/\/www.campus02.at\/marketing\/wp-content\/uploads\/sites\/7\/2022\/07\/a87d6243-f58c-4684-9d93-23f523f58b85-198x300.jpg 198w, https:\/\/www.campus02.at\/marketing\/wp-content\/uploads\/sites\/7\/2022\/07\/a87d6243-f58c-4684-9d93-23f523f58b85-676x1024.jpg 676w, https:\/\/www.campus02.at\/marketing\/wp-content\/uploads\/sites\/7\/2022\/07\/a87d6243-f58c-4684-9d93-23f523f58b85-768x1164.jpg 768w, https:\/\/www.campus02.at\/marketing\/wp-content\/uploads\/sites\/7\/2022\/07\/a87d6243-f58c-4684-9d93-23f523f58b85.jpg 974w\" sizes=\"(max-width: 198px) 100vw, 198px\" \/><\/a>\n\t\t\t<\/div>\n\t\t\t\t<figcaption class='wp-caption-text gallery-caption' id='gallery-1-10394'>\n\t\t\t\t\u00a9 Privat\n\t\t\t\t<\/figcaption><\/figure><figure class='gallery-item'>\n\t\t\t<div class='gallery-icon landscape'>\n\t\t\t\t<a href='https:\/\/www.campus02.at\/marketing\/wp-content\/uploads\/sites\/7\/2022\/07\/IMG_1310-scaled.jpg'><img decoding=\"async\" width=\"300\" height=\"200\" src=\"https:\/\/www.campus02.at\/marketing\/wp-content\/uploads\/sites\/7\/2022\/07\/IMG_1310-300x200.jpg\" class=\"attachment-medium size-medium\" alt=\"Absolvent des Monats Juli\" aria-describedby=\"gallery-1-10418\" srcset=\"https:\/\/www.campus02.at\/marketing\/wp-content\/uploads\/sites\/7\/2022\/07\/IMG_1310-300x200.jpg 300w, https:\/\/www.campus02.at\/marketing\/wp-content\/uploads\/sites\/7\/2022\/07\/IMG_1310-1024x681.jpg 1024w, https:\/\/www.campus02.at\/marketing\/wp-content\/uploads\/sites\/7\/2022\/07\/IMG_1310-768x511.jpg 768w, https:\/\/www.campus02.at\/marketing\/wp-content\/uploads\/sites\/7\/2022\/07\/IMG_1310-1536x1022.jpg 1536w, https:\/\/www.campus02.at\/marketing\/wp-content\/uploads\/sites\/7\/2022\/07\/IMG_1310-2048x1363.jpg 2048w, https:\/\/www.campus02.at\/marketing\/wp-content\/uploads\/sites\/7\/2022\/07\/IMG_1310-1920x1277.jpg 1920w\" sizes=\"(max-width: 300px) 100vw, 300px\" \/><\/a>\n\t\t\t<\/div>\n\t\t\t\t<figcaption class='wp-caption-text gallery-caption' id='gallery-1-10418'>\n\t\t\t\t\u00a9 Privat\n\t\t\t\t<\/figcaption><\/figure><figure class='gallery-item'>\n\t\t\t<div class='gallery-icon landscape'>\n\t\t\t\t<a href='https:\/\/www.campus02.at\/marketing\/wp-content\/uploads\/sites\/7\/2022\/07\/Hinteregger_Stuebben.jpg'><img loading=\"lazy\" decoding=\"async\" width=\"300\" height=\"228\" src=\"https:\/\/www.campus02.at\/marketing\/wp-content\/uploads\/sites\/7\/2022\/07\/Hinteregger_Stuebben-300x228.jpg\" class=\"attachment-medium size-medium\" alt=\"Hinteregger St\u00fcbben\" aria-describedby=\"gallery-1-10417\" srcset=\"https:\/\/www.campus02.at\/marketing\/wp-content\/uploads\/sites\/7\/2022\/07\/Hinteregger_Stuebben-300x228.jpg 300w, https:\/\/www.campus02.at\/marketing\/wp-content\/uploads\/sites\/7\/2022\/07\/Hinteregger_Stuebben-1024x777.jpg 1024w, https:\/\/www.campus02.at\/marketing\/wp-content\/uploads\/sites\/7\/2022\/07\/Hinteregger_Stuebben-768x583.jpg 768w, https:\/\/www.campus02.at\/marketing\/wp-content\/uploads\/sites\/7\/2022\/07\/Hinteregger_Stuebben.jpg 1125w\" sizes=\"(max-width: 300px) 100vw, 300px\" \/><\/a>\n\t\t\t<\/div>\n\t\t\t\t<figcaption class='wp-caption-text gallery-caption' id='gallery-1-10417'>\n\t\t\t\t\u00a9 Privat\n\t\t\t\t<\/figcaption><\/figure>\n\t\t<\/div>\n\n","protected":false},"excerpt":{"rendered":"<p>Und weiter geht es mit unserem Format &#8222;Absolvent*in des Monats&#8220;. Diesmal haben wir Benno Hinteregger zum Interview <a href=\"https:\/\/www.campus02.at\/marketing\/news\/absolvent-des-monats-juli-2022\/\" class=\"more-link\">mehr&hellip;<\/a><\/p>\n","protected":false},"author":151,"featured_media":10381,"parent":0,"template":"","coauthors":[77],"class_list":["post-10375","campus_news","type-campus_news","status-publish","has-post-thumbnail","hentry"],"acf":[],"yoast_head":"<!-- This site is optimized with the Yoast SEO plugin v26.9 - https:\/\/yoast.com\/product\/yoast-seo-wordpress\/ -->\n<title>Marketing &amp; Sales: Absolvent des Monats Juli 2022 I FH CAMPUS 02<\/title>\n<meta name=\"description\" content=\"Alumni im Portr\u00e4t: Welche Karrieren schlagen Absolvent*innen des Departments Marketing &amp; Sales ein? Diesmal im Interview - Benno Hinteregger\" \/>\n<meta name=\"robots\" content=\"index, follow, max-snippet:-1, max-image-preview:large, max-video-preview:-1\" \/>\n<link rel=\"canonical\" href=\"https:\/\/www.campus02.at\/marketing\/news\/absolvent-des-monats-juli-2022\/\" \/>\n<meta property=\"og:locale\" content=\"de_DE\" \/>\n<meta property=\"og:type\" content=\"article\" \/>\n<meta property=\"og:title\" content=\"Benno Hinteregger - Absolvent des Monats\" \/>\n<meta property=\"og:description\" content=\"Alumni im Portr\u00e4t: Welche Karrieren schlagen Absolvent*innen des Departments Marketing &amp; Sales ein? Diesmal im Interview - Benno Hinteregger\" \/>\n<meta property=\"og:url\" content=\"https:\/\/www.campus02.at\/marketing\/news\/absolvent-des-monats-juli-2022\/\" \/>\n<meta property=\"og:site_name\" content=\"FH CAMPUS 02 - Marketing &amp; Sales\" \/>\n<meta property=\"article:modified_time\" content=\"2023-03-27T11:52:18+00:00\" \/>\n<meta property=\"og:image\" content=\"https:\/\/www.campus02.at\/marketing\/wp-content\/uploads\/sites\/7\/2022\/07\/MS_220729_Alumni-Titelbild_Soziale-Medien.png\" \/>\n\t<meta property=\"og:image:width\" content=\"700\" \/>\n\t<meta property=\"og:image:height\" content=\"300\" \/>\n\t<meta property=\"og:image:type\" content=\"image\/png\" \/>\n<meta name=\"twitter:card\" content=\"summary_large_image\" \/>\n<script type=\"application\/ld+json\" class=\"yoast-schema-graph\">{\"@context\":\"https:\/\/schema.org\",\"@graph\":[{\"@type\":\"WebPage\",\"@id\":\"https:\/\/www.campus02.at\/marketing\/news\/absolvent-des-monats-juli-2022\/\",\"url\":\"https:\/\/www.campus02.at\/marketing\/news\/absolvent-des-monats-juli-2022\/\",\"name\":\"Marketing & Sales: Absolvent des Monats Juli 2022 I FH CAMPUS 02\",\"isPartOf\":{\"@id\":\"https:\/\/www.campus02.at\/marketing\/#website\"},\"primaryImageOfPage\":{\"@id\":\"https:\/\/www.campus02.at\/marketing\/news\/absolvent-des-monats-juli-2022\/#primaryimage\"},\"image\":{\"@id\":\"https:\/\/www.campus02.at\/marketing\/news\/absolvent-des-monats-juli-2022\/#primaryimage\"},\"thumbnailUrl\":\"https:\/\/www.campus02.at\/marketing\/wp-content\/uploads\/sites\/7\/2022\/07\/MS_220719_Alumni-Titelbild_Blog.png\",\"datePublished\":\"2022-07-29T11:23:26+00:00\",\"dateModified\":\"2023-03-27T11:52:18+00:00\",\"description\":\"Alumni im Portr\u00e4t: Welche Karrieren schlagen Absolvent*innen des Departments Marketing & Sales ein? Diesmal im Interview - Benno Hinteregger\",\"breadcrumb\":{\"@id\":\"https:\/\/www.campus02.at\/marketing\/news\/absolvent-des-monats-juli-2022\/#breadcrumb\"},\"inLanguage\":\"de\",\"potentialAction\":[{\"@type\":\"ReadAction\",\"target\":[\"https:\/\/www.campus02.at\/marketing\/news\/absolvent-des-monats-juli-2022\/\"]}]},{\"@type\":\"ImageObject\",\"inLanguage\":\"de\",\"@id\":\"https:\/\/www.campus02.at\/marketing\/news\/absolvent-des-monats-juli-2022\/#primaryimage\",\"url\":\"https:\/\/www.campus02.at\/marketing\/wp-content\/uploads\/sites\/7\/2022\/07\/MS_220719_Alumni-Titelbild_Blog.png\",\"contentUrl\":\"https:\/\/www.campus02.at\/marketing\/wp-content\/uploads\/sites\/7\/2022\/07\/MS_220719_Alumni-Titelbild_Blog.png\",\"width\":1024,\"height\":341,\"caption\":\"\u00a9 Privat\"},{\"@type\":\"BreadcrumbList\",\"@id\":\"https:\/\/www.campus02.at\/marketing\/news\/absolvent-des-monats-juli-2022\/#breadcrumb\",\"itemListElement\":[{\"@type\":\"ListItem\",\"position\":1,\"name\":\"Startseite\",\"item\":\"https:\/\/www.campus02.at\/marketing\/\"},{\"@type\":\"ListItem\",\"position\":2,\"name\":\"Marketing &amp; Sales: Unser Absolvent des Monats Juli 2022\"}]},{\"@type\":\"WebSite\",\"@id\":\"https:\/\/www.campus02.at\/marketing\/#website\",\"url\":\"https:\/\/www.campus02.at\/marketing\/\",\"name\":\"FH CAMPUS 02 - Marketing &amp; Sales\",\"description\":\"\",\"potentialAction\":[{\"@type\":\"SearchAction\",\"target\":{\"@type\":\"EntryPoint\",\"urlTemplate\":\"https:\/\/www.campus02.at\/marketing\/?s={search_term_string}\"},\"query-input\":{\"@type\":\"PropertyValueSpecification\",\"valueRequired\":true,\"valueName\":\"search_term_string\"}}],\"inLanguage\":\"de\"}]}<\/script>\n<!-- \/ Yoast SEO plugin. -->","yoast_head_json":{"title":"Marketing & Sales: Absolvent des Monats Juli 2022 I FH CAMPUS 02","description":"Alumni im Portr\u00e4t: Welche Karrieren schlagen Absolvent*innen des Departments Marketing & Sales ein? Diesmal im Interview - Benno Hinteregger","robots":{"index":"index","follow":"follow","max-snippet":"max-snippet:-1","max-image-preview":"max-image-preview:large","max-video-preview":"max-video-preview:-1"},"canonical":"https:\/\/www.campus02.at\/marketing\/news\/absolvent-des-monats-juli-2022\/","og_locale":"de_DE","og_type":"article","og_title":"Benno Hinteregger - Absolvent des Monats","og_description":"Alumni im Portr\u00e4t: Welche Karrieren schlagen Absolvent*innen des Departments Marketing & Sales ein? Diesmal im Interview - Benno Hinteregger","og_url":"https:\/\/www.campus02.at\/marketing\/news\/absolvent-des-monats-juli-2022\/","og_site_name":"FH CAMPUS 02 - Marketing &amp; Sales","article_modified_time":"2023-03-27T11:52:18+00:00","og_image":[{"width":700,"height":300,"url":"https:\/\/www.campus02.at\/marketing\/wp-content\/uploads\/sites\/7\/2022\/07\/MS_220729_Alumni-Titelbild_Soziale-Medien.png","type":"image\/png"}],"twitter_card":"summary_large_image","schema":{"@context":"https:\/\/schema.org","@graph":[{"@type":"WebPage","@id":"https:\/\/www.campus02.at\/marketing\/news\/absolvent-des-monats-juli-2022\/","url":"https:\/\/www.campus02.at\/marketing\/news\/absolvent-des-monats-juli-2022\/","name":"Marketing & Sales: Absolvent des Monats Juli 2022 I FH CAMPUS 02","isPartOf":{"@id":"https:\/\/www.campus02.at\/marketing\/#website"},"primaryImageOfPage":{"@id":"https:\/\/www.campus02.at\/marketing\/news\/absolvent-des-monats-juli-2022\/#primaryimage"},"image":{"@id":"https:\/\/www.campus02.at\/marketing\/news\/absolvent-des-monats-juli-2022\/#primaryimage"},"thumbnailUrl":"https:\/\/www.campus02.at\/marketing\/wp-content\/uploads\/sites\/7\/2022\/07\/MS_220719_Alumni-Titelbild_Blog.png","datePublished":"2022-07-29T11:23:26+00:00","dateModified":"2023-03-27T11:52:18+00:00","description":"Alumni im Portr\u00e4t: Welche Karrieren schlagen Absolvent*innen des Departments Marketing & Sales ein? Diesmal im Interview - Benno Hinteregger","breadcrumb":{"@id":"https:\/\/www.campus02.at\/marketing\/news\/absolvent-des-monats-juli-2022\/#breadcrumb"},"inLanguage":"de","potentialAction":[{"@type":"ReadAction","target":["https:\/\/www.campus02.at\/marketing\/news\/absolvent-des-monats-juli-2022\/"]}]},{"@type":"ImageObject","inLanguage":"de","@id":"https:\/\/www.campus02.at\/marketing\/news\/absolvent-des-monats-juli-2022\/#primaryimage","url":"https:\/\/www.campus02.at\/marketing\/wp-content\/uploads\/sites\/7\/2022\/07\/MS_220719_Alumni-Titelbild_Blog.png","contentUrl":"https:\/\/www.campus02.at\/marketing\/wp-content\/uploads\/sites\/7\/2022\/07\/MS_220719_Alumni-Titelbild_Blog.png","width":1024,"height":341,"caption":"\u00a9 Privat"},{"@type":"BreadcrumbList","@id":"https:\/\/www.campus02.at\/marketing\/news\/absolvent-des-monats-juli-2022\/#breadcrumb","itemListElement":[{"@type":"ListItem","position":1,"name":"Startseite","item":"https:\/\/www.campus02.at\/marketing\/"},{"@type":"ListItem","position":2,"name":"Marketing &amp; Sales: Unser Absolvent des Monats Juli 2022"}]},{"@type":"WebSite","@id":"https:\/\/www.campus02.at\/marketing\/#website","url":"https:\/\/www.campus02.at\/marketing\/","name":"FH CAMPUS 02 - Marketing &amp; Sales","description":"","potentialAction":[{"@type":"SearchAction","target":{"@type":"EntryPoint","urlTemplate":"https:\/\/www.campus02.at\/marketing\/?s={search_term_string}"},"query-input":{"@type":"PropertyValueSpecification","valueRequired":true,"valueName":"search_term_string"}}],"inLanguage":"de"}]}},"_links":{"self":[{"href":"https:\/\/www.campus02.at\/marketing\/wp-json\/wp\/v2\/campus_news\/10375","targetHints":{"allow":["GET"]}}],"collection":[{"href":"https:\/\/www.campus02.at\/marketing\/wp-json\/wp\/v2\/campus_news"}],"about":[{"href":"https:\/\/www.campus02.at\/marketing\/wp-json\/wp\/v2\/types\/campus_news"}],"author":[{"embeddable":true,"href":"https:\/\/www.campus02.at\/marketing\/wp-json\/wp\/v2\/users\/151"}],"version-history":[{"count":7,"href":"https:\/\/www.campus02.at\/marketing\/wp-json\/wp\/v2\/campus_news\/10375\/revisions"}],"predecessor-version":[{"id":127969,"href":"https:\/\/www.campus02.at\/marketing\/wp-json\/wp\/v2\/campus_news\/10375\/revisions\/127969"}],"wp:featuredmedia":[{"embeddable":true,"href":"https:\/\/www.campus02.at\/marketing\/wp-json\/wp\/v2\/media\/10381"}],"wp:attachment":[{"href":"https:\/\/www.campus02.at\/marketing\/wp-json\/wp\/v2\/media?parent=10375"}],"wp:term":[{"taxonomy":"author","embeddable":true,"href":"https:\/\/www.campus02.at\/marketing\/wp-json\/wp\/v2\/coauthors?post=10375"}],"curies":[{"name":"wp","href":"https:\/\/api.w.org\/{rel}","templated":true}]}}