{"id":9699,"date":"2022-03-04T10:00:45","date_gmt":"2022-03-04T09:00:45","guid":{"rendered":"https:\/\/www.campus02.at\/marketing\/?post_type=campus_news&#038;p=9699"},"modified":"2023-03-27T13:53:42","modified_gmt":"2023-03-27T11:53:42","slug":"absolvent-des-monats-maerz-2022","status":"publish","type":"campus_news","link":"https:\/\/www.campus02.at\/marketing\/en\/news\/absolvent-des-monats-maerz-2022\/","title":{"rendered":"Marketing &amp; Sales: Our graduate of the month March 2025"},"content":{"rendered":"<h4><em>Und weiter geht es mit unserem Format \u201eAbsolvent*in des Monats. Diesmal haben wir Markus N\u00f6mayer um Einblicke in seinem Berufsalltag nach dem Studium gebeten.<\/em><\/h4>\n<p>Markus hat das Bachelorstudium Marketing &amp; Sales absolviert. Erste Berufserfahrungen sammelte er bei seinem Berufspraktikum als Social Media Manager bei MapCreator in Eindhoven in den Niederlanden. Durch seine Kontaktfreudigkeit und Faszination f\u00fcr Werbung, wusste er bereits seit der Oberstufe im Gymnasium, dass Marketing &amp; Sales an der FH CAMPUS 02 das richtige Studium f\u00fcr ihn ist. Nach dem Studium ging er nach Irland, um in Dublin bei Google erst als Account Manager und dann als Digital Growth Consultant zu arbeiten. Heute ist Markus N\u00f6mayer Account Executive bei Pleo und arbeitet im Homeoffice aus Graz f\u00fcr das Berliner Office.<\/p>\n<p>Lest selbst, wie es ihm jetzt nach dem Studium im Berufsalltag geht.<\/p>\n<p>&nbsp;<\/p>\n<p><strong>When you think back to your studies, what do you particularly fondly remember?<\/strong><\/p>\n<p>Da gibt es vieles! Woran ich aber besonders gerne zur\u00fcckdenke, sind meine Studienkolleg*innen. Mit vielen bin ich nach wie vor in Kontakt und w\u00e4hrend des Studiums haben sich tolle Freundschaften entwickelt. Ein gro\u00dfartiges Erlebnis war auch mein Auslandssemester in Eindhoven in den Niederlanden, bei dem ich erstmals internationale Arbeitserfahrung sammeln konnte.<\/p>\n<p>&nbsp;<\/p>\n<p><strong>Inwieweit hat dich die Arbeit im Ausland gepr\u00e4gt?<br \/>\n<\/strong>Ich habe mich in dieser Zeit enorm weiterentwickelt und meinen Horizont erweitert. Besonders w\u00e4hrend meiner Anstellung bei Google in Dublin habe ich viele unterschiedliche Kulturen und Menschen kennengelernt. Mit vielen stehe nach wie vor in Kontakt.<\/p>\n<p>&nbsp;<\/p>\n<p><strong>Welche F\u00e4higkeiten sind im Bereich Marketing und\/oder Sales schon jetzt oder auch zuk\u00fcnftig gefragt?<br \/>\n<\/strong>Dies w\u00fcrde ich je nach Position und Branche differenziert beantworten. Ich bekam durch mein Studium ein sehr vielf\u00e4ltiges Set an Kompetenzen vermittelt und diese konnte ich in meinen Jobs auch schon umfassend einsetzen. Wenn ich an meine Zeit bei Google denke, hat es mir auf jeden Fall geholfen, schon im Studium strategische Marketingkonzepte zu erstellen. Auch Teamf\u00e4higkeit ist in allen Bereichen wichtig. Durch die vielen praxisbezogenen Gruppenarbeiten im Studium wurde diese stark gef\u00f6rdert. Das hat mir in meinem bisherigen Berufsleben sehr weitergeholfen.<\/p>\n<p>&nbsp;<\/p>\n<p><strong>Was ist PLEO und wof\u00fcr steht ihr? Und wie sieht ein \u00fcblicher Arbeitsalltag bei dir im Unternehmen aus?<br \/>\n<\/strong>Wir bei Pleo haben es uns zum Ziel gesetzt, Unternehmensausgaben zu revolutionieren. Das bedeutet Pleo bietet Unternehmen eigene Unternehmenskarten an, mit denen alle firmenrelevanten Ausgaben get\u00e4tigt werden k\u00f6nnen. Die dazu entwickelte Pleo App zeigt in Echtzeit eine \u00dcbersicht aller Ausgaben an und kann zudem direkt in g\u00e4ngige Buchhaltungssysteme eingepflegt werden. Pleo w\u00e4chst im Moment stark und hat im letzten Jahr ein Investment von rund $350 Millionen erhalten. Ich habe Anfang Februar als Account Executive f\u00fcr den deutschen Markt bei Pleo begonnen. Da diese Rolle im Sales angesiedelt ist, verbringe ich meine Zeit nun damit, potenzielle Kunden zu identifizieren, mich mit ihnen zu treffen und sie im besten Fall auch zu Pleo Nutzern machen. Diese Aufgabe ist besonders spannend, da ich so mit sehr vielen Menschen aus verschiedensten Unternehmen und Positionen in Kontakt bin und kennen lernen kann.<\/p>\n<p>&nbsp;<\/p>\n<p><strong>Welche Botschaften willst du jungen Menschen mit auf den Weg geben?<br \/>\n<\/strong>Glaubt an euch und eure F\u00e4higkeiten! Das Studium Marketing &amp; Sales an der FH CAMPUS 02 bereitet euch optimal f\u00fcr den Einstieg in die Arbeitswelt vor. Seid offen f\u00fcr Neues und lasst euch nicht durch Ver\u00e4nderung verunsichern, sondern seht darin eine Chance, euch weiterzuentwickeln.<\/p>\n<div id='gallery-1' class='gallery galleryid-9699 gallery-columns-2 gallery-size-medium'><figure class='gallery-item'>\n\t\t\t<div class='gallery-icon portrait'>\n\t\t\t\t<a href='https:\/\/www.campus02.at\/marketing\/wp-content\/uploads\/sites\/7\/2022\/03\/MicrosoftTeams-image-1-scaled.jpg'><img fetchpriority=\"high\" decoding=\"async\" width=\"225\" height=\"300\" src=\"https:\/\/www.campus02.at\/marketing\/wp-content\/uploads\/sites\/7\/2022\/03\/MicrosoftTeams-image-1-225x300.jpg\" class=\"attachment-medium size-medium\" alt=\"Markus N\u00f6mayer\" aria-describedby=\"gallery-1-9718\" srcset=\"https:\/\/www.campus02.at\/marketing\/wp-content\/uploads\/sites\/7\/2022\/03\/MicrosoftTeams-image-1-225x300.jpg 225w, https:\/\/www.campus02.at\/marketing\/wp-content\/uploads\/sites\/7\/2022\/03\/MicrosoftTeams-image-1-768x1024.jpg 768w, https:\/\/www.campus02.at\/marketing\/wp-content\/uploads\/sites\/7\/2022\/03\/MicrosoftTeams-image-1-1152x1536.jpg 1152w, https:\/\/www.campus02.at\/marketing\/wp-content\/uploads\/sites\/7\/2022\/03\/MicrosoftTeams-image-1-1536x2048.jpg 1536w, https:\/\/www.campus02.at\/marketing\/wp-content\/uploads\/sites\/7\/2022\/03\/MicrosoftTeams-image-1-scaled.jpg 1920w\" sizes=\"(max-width: 225px) 100vw, 225px\" \/><\/a>\n\t\t\t<\/div>\n\t\t\t\t<figcaption class='wp-caption-text gallery-caption' id='gallery-1-9718'>\n\t\t\t\t\u00a9 Markus N\u00f6mayer\n\t\t\t\t<\/figcaption><\/figure><figure class='gallery-item'>\n\t\t\t<div class='gallery-icon portrait'>\n\t\t\t\t<a href='https:\/\/www.campus02.at\/marketing\/wp-content\/uploads\/sites\/7\/2022\/03\/MicrosoftTeams-image.jpg'><img decoding=\"async\" width=\"225\" height=\"300\" src=\"https:\/\/www.campus02.at\/marketing\/wp-content\/uploads\/sites\/7\/2022\/03\/MicrosoftTeams-image-225x300.jpg\" class=\"attachment-medium size-medium\" alt=\"Markus N\u00f6mayer\" aria-describedby=\"gallery-1-9719\" srcset=\"https:\/\/www.campus02.at\/marketing\/wp-content\/uploads\/sites\/7\/2022\/03\/MicrosoftTeams-image-225x300.jpg 225w, https:\/\/www.campus02.at\/marketing\/wp-content\/uploads\/sites\/7\/2022\/03\/MicrosoftTeams-image-768x1024.jpg 768w, https:\/\/www.campus02.at\/marketing\/wp-content\/uploads\/sites\/7\/2022\/03\/MicrosoftTeams-image-1152x1536.jpg 1152w, https:\/\/www.campus02.at\/marketing\/wp-content\/uploads\/sites\/7\/2022\/03\/MicrosoftTeams-image.jpg 1200w\" sizes=\"(max-width: 225px) 100vw, 225px\" \/><\/a>\n\t\t\t<\/div>\n\t\t\t\t<figcaption class='wp-caption-text gallery-caption' id='gallery-1-9719'>\n\t\t\t\t\u00a9 Markus N\u00f6mayer\n\t\t\t\t<\/figcaption><\/figure>\n\t\t<\/div>","protected":false},"excerpt":{"rendered":"<p>Und weiter geht es mit unserem Format \u201eAbsolvent*in des Monats. Diesmal haben wir Markus N\u00f6mayer um Einblicke in seinem <a href=\"https:\/\/www.campus02.at\/marketing\/en\/news\/absolvent-des-monats-maerz-2022\/\" class=\"more-link\">more&hellip;<\/a><\/p>","protected":false},"author":135,"featured_media":9703,"parent":0,"template":"","coauthors":[71],"class_list":["post-9699","campus_news","type-campus_news","status-publish","has-post-thumbnail","hentry"],"acf":[],"yoast_head":"<!-- This site is optimized with the Yoast SEO plugin v26.9 - https:\/\/yoast.com\/product\/yoast-seo-wordpress\/ -->\n<title>Marketing &amp; Sales: Absolvent des Monats M\u00e4rz 2022 I FH CAMPUS 02<\/title>\n<meta name=\"description\" content=\"Alumni im Portr\u00e4t: Welche Karrieren schlagen Absolvent*innen des Departments Marketing &amp; Sales ein? Diesmal im Interview - Markus N\u00f6mayer\" \/>\n<meta name=\"robots\" content=\"index, follow, max-snippet:-1, max-image-preview:large, max-video-preview:-1\" \/>\n<link rel=\"canonical\" href=\"https:\/\/www.campus02.at\/marketing\/en\/news\/absolvent-des-monats-maerz-2022\/\" \/>\n<meta property=\"og:locale\" content=\"en_GB\" \/>\n<meta property=\"og:type\" content=\"article\" \/>\n<meta property=\"og:title\" content=\"Markus N\u00f6mayer - Absolvent des Monats\" \/>\n<meta property=\"og:description\" content=\"Alumni im Portr\u00e4t: Welche Karrieren schlagen Absolvent*innen des Departments Marketing &amp; Sales ein? Diesmal im Interview - Markus N\u00f6mayer\" \/>\n<meta property=\"og:url\" content=\"https:\/\/www.campus02.at\/marketing\/en\/news\/absolvent-des-monats-maerz-2022\/\" \/>\n<meta property=\"og:site_name\" content=\"FH CAMPUS 02 - Marketing &amp; Sales\" \/>\n<meta property=\"article:modified_time\" content=\"2023-03-27T11:53:42+00:00\" \/>\n<meta property=\"og:image\" content=\"https:\/\/www.campus02.at\/marketing\/wp-content\/uploads\/sites\/7\/2022\/03\/Titelbild_Soziale-Medien_Markus-Noemayer.png\" \/>\n\t<meta property=\"og:image:width\" content=\"700\" \/>\n\t<meta property=\"og:image:height\" content=\"300\" \/>\n\t<meta property=\"og:image:type\" content=\"image\/png\" \/>\n<meta name=\"twitter:card\" content=\"summary_large_image\" \/>\n<meta name=\"twitter:title\" content=\"Markus N\u00f6mayer - Absolvent des Monats\" \/>\n<meta name=\"twitter:description\" content=\"Absolvent des Monats M\u00e4rz: Markus N\u00f6mayer \u00fcber seine Arbeitserfahrungen im Ausland. Von den Niederlanden, \u00fcber Irland, zur\u00fcck nach \u00d6sterreich\" \/>\n<meta name=\"twitter:image\" content=\"https:\/\/www.campus02.at\/marketing\/wp-content\/uploads\/sites\/7\/2022\/03\/Titelbild_Soziale-Medien_Markus-Noemayer.png\" \/>\n<script type=\"application\/ld+json\" class=\"yoast-schema-graph\">{\"@context\":\"https:\/\/schema.org\",\"@graph\":[{\"@type\":\"WebPage\",\"@id\":\"https:\/\/www.campus02.at\/marketing\/news\/absolvent-des-monats-maerz-2022\/\",\"url\":\"https:\/\/www.campus02.at\/marketing\/news\/absolvent-des-monats-maerz-2022\/\",\"name\":\"Marketing & Sales: Absolvent des Monats M\u00e4rz 2022 I FH CAMPUS 02\",\"isPartOf\":{\"@id\":\"https:\/\/www.campus02.at\/marketing\/#website\"},\"primaryImageOfPage\":{\"@id\":\"https:\/\/www.campus02.at\/marketing\/news\/absolvent-des-monats-maerz-2022\/#primaryimage\"},\"image\":{\"@id\":\"https:\/\/www.campus02.at\/marketing\/news\/absolvent-des-monats-maerz-2022\/#primaryimage\"},\"thumbnailUrl\":\"https:\/\/www.campus02.at\/marketing\/wp-content\/uploads\/sites\/7\/2022\/03\/Titelbild_Blog_Markus-Noemayer.png\",\"datePublished\":\"2022-03-04T09:00:45+00:00\",\"dateModified\":\"2023-03-27T11:53:42+00:00\",\"description\":\"Alumni im Portr\u00e4t: Welche Karrieren schlagen Absolvent*innen des Departments Marketing & Sales ein? Diesmal im Interview - Markus N\u00f6mayer\",\"breadcrumb\":{\"@id\":\"https:\/\/www.campus02.at\/marketing\/news\/absolvent-des-monats-maerz-2022\/#breadcrumb\"},\"inLanguage\":\"en-GB\",\"potentialAction\":[{\"@type\":\"ReadAction\",\"target\":[\"https:\/\/www.campus02.at\/marketing\/news\/absolvent-des-monats-maerz-2022\/\"]}]},{\"@type\":\"ImageObject\",\"inLanguage\":\"en-GB\",\"@id\":\"https:\/\/www.campus02.at\/marketing\/news\/absolvent-des-monats-maerz-2022\/#primaryimage\",\"url\":\"https:\/\/www.campus02.at\/marketing\/wp-content\/uploads\/sites\/7\/2022\/03\/Titelbild_Blog_Markus-Noemayer.png\",\"contentUrl\":\"https:\/\/www.campus02.at\/marketing\/wp-content\/uploads\/sites\/7\/2022\/03\/Titelbild_Blog_Markus-Noemayer.png\",\"width\":1024,\"height\":341,\"caption\":\"\u00a9 Markus N\u00f6mayer\"},{\"@type\":\"BreadcrumbList\",\"@id\":\"https:\/\/www.campus02.at\/marketing\/news\/absolvent-des-monats-maerz-2022\/#breadcrumb\",\"itemListElement\":[{\"@type\":\"ListItem\",\"position\":1,\"name\":\"Startseite\",\"item\":\"https:\/\/www.campus02.at\/marketing\/\"},{\"@type\":\"ListItem\",\"position\":2,\"name\":\"Marketing &amp; Sales: Unser Absolvent des Monats M\u00e4rz 2022\"}]},{\"@type\":\"WebSite\",\"@id\":\"https:\/\/www.campus02.at\/marketing\/#website\",\"url\":\"https:\/\/www.campus02.at\/marketing\/\",\"name\":\"FH CAMPUS 02 - Marketing &amp; Sales\",\"description\":\"\",\"potentialAction\":[{\"@type\":\"SearchAction\",\"target\":{\"@type\":\"EntryPoint\",\"urlTemplate\":\"https:\/\/www.campus02.at\/marketing\/?s={search_term_string}\"},\"query-input\":{\"@type\":\"PropertyValueSpecification\",\"valueRequired\":true,\"valueName\":\"search_term_string\"}}],\"inLanguage\":\"en-GB\"}]}<\/script>\n<!-- \/ Yoast SEO plugin. -->","yoast_head_json":{"title":"Marketing & Sales: Absolvent des Monats M\u00e4rz 2022 I FH CAMPUS 02","description":"Alumni im Portr\u00e4t: Welche Karrieren schlagen Absolvent*innen des Departments Marketing & Sales ein? Diesmal im Interview - Markus N\u00f6mayer","robots":{"index":"index","follow":"follow","max-snippet":"max-snippet:-1","max-image-preview":"max-image-preview:large","max-video-preview":"max-video-preview:-1"},"canonical":"https:\/\/www.campus02.at\/marketing\/en\/news\/absolvent-des-monats-maerz-2022\/","og_locale":"en_GB","og_type":"article","og_title":"Markus N\u00f6mayer - Absolvent des Monats","og_description":"Alumni im Portr\u00e4t: Welche Karrieren schlagen Absolvent*innen des Departments Marketing & Sales ein? Diesmal im Interview - Markus N\u00f6mayer","og_url":"https:\/\/www.campus02.at\/marketing\/en\/news\/absolvent-des-monats-maerz-2022\/","og_site_name":"FH CAMPUS 02 - Marketing &amp; Sales","article_modified_time":"2023-03-27T11:53:42+00:00","og_image":[{"width":700,"height":300,"url":"https:\/\/www.campus02.at\/marketing\/wp-content\/uploads\/sites\/7\/2022\/03\/Titelbild_Soziale-Medien_Markus-Noemayer.png","type":"image\/png"}],"twitter_card":"summary_large_image","twitter_title":"Markus N\u00f6mayer - Absolvent des Monats","twitter_description":"Absolvent des Monats M\u00e4rz: Markus N\u00f6mayer \u00fcber seine Arbeitserfahrungen im Ausland. Von den Niederlanden, \u00fcber Irland, zur\u00fcck nach \u00d6sterreich","twitter_image":"https:\/\/www.campus02.at\/marketing\/wp-content\/uploads\/sites\/7\/2022\/03\/Titelbild_Soziale-Medien_Markus-Noemayer.png","schema":{"@context":"https:\/\/schema.org","@graph":[{"@type":"WebPage","@id":"https:\/\/www.campus02.at\/marketing\/news\/absolvent-des-monats-maerz-2022\/","url":"https:\/\/www.campus02.at\/marketing\/news\/absolvent-des-monats-maerz-2022\/","name":"Marketing & Sales: Absolvent des Monats M\u00e4rz 2022 I FH CAMPUS 02","isPartOf":{"@id":"https:\/\/www.campus02.at\/marketing\/#website"},"primaryImageOfPage":{"@id":"https:\/\/www.campus02.at\/marketing\/news\/absolvent-des-monats-maerz-2022\/#primaryimage"},"image":{"@id":"https:\/\/www.campus02.at\/marketing\/news\/absolvent-des-monats-maerz-2022\/#primaryimage"},"thumbnailUrl":"https:\/\/www.campus02.at\/marketing\/wp-content\/uploads\/sites\/7\/2022\/03\/Titelbild_Blog_Markus-Noemayer.png","datePublished":"2022-03-04T09:00:45+00:00","dateModified":"2023-03-27T11:53:42+00:00","description":"Alumni im Portr\u00e4t: Welche Karrieren schlagen Absolvent*innen des Departments Marketing & Sales ein? Diesmal im Interview - Markus N\u00f6mayer","breadcrumb":{"@id":"https:\/\/www.campus02.at\/marketing\/news\/absolvent-des-monats-maerz-2022\/#breadcrumb"},"inLanguage":"en-GB","potentialAction":[{"@type":"ReadAction","target":["https:\/\/www.campus02.at\/marketing\/news\/absolvent-des-monats-maerz-2022\/"]}]},{"@type":"ImageObject","inLanguage":"en-GB","@id":"https:\/\/www.campus02.at\/marketing\/news\/absolvent-des-monats-maerz-2022\/#primaryimage","url":"https:\/\/www.campus02.at\/marketing\/wp-content\/uploads\/sites\/7\/2022\/03\/Titelbild_Blog_Markus-Noemayer.png","contentUrl":"https:\/\/www.campus02.at\/marketing\/wp-content\/uploads\/sites\/7\/2022\/03\/Titelbild_Blog_Markus-Noemayer.png","width":1024,"height":341,"caption":"\u00a9 Markus N\u00f6mayer"},{"@type":"BreadcrumbList","@id":"https:\/\/www.campus02.at\/marketing\/news\/absolvent-des-monats-maerz-2022\/#breadcrumb","itemListElement":[{"@type":"ListItem","position":1,"name":"Startseite","item":"https:\/\/www.campus02.at\/marketing\/"},{"@type":"ListItem","position":2,"name":"Marketing &amp; Sales: Unser Absolvent des Monats M\u00e4rz 2022"}]},{"@type":"WebSite","@id":"https:\/\/www.campus02.at\/marketing\/#website","url":"https:\/\/www.campus02.at\/marketing\/","name":"FH CAMPUS 02 - Marketing &amp; Sales","description":"","potentialAction":[{"@type":"SearchAction","target":{"@type":"EntryPoint","urlTemplate":"https:\/\/www.campus02.at\/marketing\/?s={search_term_string}"},"query-input":{"@type":"PropertyValueSpecification","valueRequired":true,"valueName":"search_term_string"}}],"inLanguage":"en-GB"}]}},"_links":{"self":[{"href":"https:\/\/www.campus02.at\/marketing\/en\/wp-json\/wp\/v2\/campus_news\/9699","targetHints":{"allow":["GET"]}}],"collection":[{"href":"https:\/\/www.campus02.at\/marketing\/en\/wp-json\/wp\/v2\/campus_news"}],"about":[{"href":"https:\/\/www.campus02.at\/marketing\/en\/wp-json\/wp\/v2\/types\/campus_news"}],"author":[{"embeddable":true,"href":"https:\/\/www.campus02.at\/marketing\/en\/wp-json\/wp\/v2\/users\/135"}],"version-history":[{"count":7,"href":"https:\/\/www.campus02.at\/marketing\/en\/wp-json\/wp\/v2\/campus_news\/9699\/revisions"}],"predecessor-version":[{"id":127965,"href":"https:\/\/www.campus02.at\/marketing\/en\/wp-json\/wp\/v2\/campus_news\/9699\/revisions\/127965"}],"wp:featuredmedia":[{"embeddable":true,"href":"https:\/\/www.campus02.at\/marketing\/en\/wp-json\/wp\/v2\/media\/9703"}],"wp:attachment":[{"href":"https:\/\/www.campus02.at\/marketing\/en\/wp-json\/wp\/v2\/media?parent=9699"}],"wp:term":[{"taxonomy":"author","embeddable":true,"href":"https:\/\/www.campus02.at\/marketing\/en\/wp-json\/wp\/v2\/coauthors?post=9699"}],"curies":[{"name":"wp","href":"https:\/\/api.w.org\/{rel}","templated":true}]}}