{"id":4271,"date":"2018-04-27T15:51:27","date_gmt":"2018-04-27T13:51:27","guid":{"rendered":"https:\/\/www.campus02.at\/marketing\/?post_type=campus_news&#038;p=4271"},"modified":"2020-08-20T21:17:40","modified_gmt":"2020-08-20T19:17:40","slug":"fokus-fu-fuehrung-im-wandel-der-zeit","status":"publish","type":"campus_news","link":"https:\/\/www.campus02.at\/marketing\/en\/news\/fokus-fu-fuehrung-im-wandel-der-zeit\/","title":{"rendered":"Fokus FU \u2013 F\u00fchrung im Wandel der Zeit"},"content":{"rendered":"<p>Das Kompetenzzentrum f\u00fcr Familienunternehmen der Studienrichtung International Marketing &amp; Sales Management an der FH CAMPUS 02 lud am Mittwoch, dem 25. April wieder zu einer nicht-\u00f6ffentlichen Diskussion mit Forschungshintergrund. Diesmal waren die folgenden Unternehmer geladen:<\/p>\n<ul>\n<li>Josef Rosel: Gesch\u00e4ftsf\u00fchrer Technik-Center Rosel (Birkfeld)<\/li>\n<li>Roman Feiertag: Gesch\u00e4ftsf\u00fchrer der Qualit\u00e4tsfleischerei Feiertag (Niederlassungen in Weiz, Gleisdorf und Graz)<\/li>\n<li>Thomas H\u00f6rzer, BA, MA: Gesch\u00e4ftsf\u00fchrer der H\u00f6rzer Eisen &amp; Metalle GmbH (St. Margarethen an der Raab)<\/li>\n<\/ul>\n<p>Im Rahmen des Themenbereichs \u201eUmgang mit Ver\u00e4nderungen\u201c in Familienunternehmen wurde diesmal sehr intensiv und ausf\u00fchrlich \u00fcber den Wandel des Arbeitsmarktes und Einfluss der Digitalisierung diskutiert. Ein Teilaspekt war auch, welche Ver\u00e4nderungen sich nach der \u00dcbergabe und durch einen anderen F\u00fchrungsstil der eingeladenen Unternehmer (im Vergleich zu ihren Vorg\u00e4ngern) ergeben haben und ob es signifikante Auswirkungen auf die eigene Gesch\u00e4ftst\u00e4tigkeit gab.<\/p>\n<p>Das n\u00e4chste Fokus FU ist f\u00fcr den 7. Juni 2018 geplant.<\/p>\n<p>N\u00e4here Informationen und Kontakt:<br \/>\nFU Forschung Austria<br \/>\nFH-Prof. DI Dr. Martin Duque<br \/>\nMail: <a href=\"mailto:fu.forschung.austria@campus02.at\">fu.forschung.austria@campus02.at<br \/>\n<\/a>Tel.: 0316\/ 6002- 151<\/p>\n<figure id=\"attachment_4281\" aria-describedby=\"caption-attachment-4281\" style=\"width: 150px\" class=\"wp-caption alignleft\"><a href=\"https:\/\/www.campus02.at\/marketing\/wp-content\/uploads\/sites\/7\/2018\/04\/Foto-Fokus-FU-April-18.png\"><img decoding=\"async\" class=\"size-thumbnail wp-image-4281\" src=\"https:\/\/www.campus02.at\/marketing\/wp-content\/uploads\/sites\/7\/2018\/04\/Foto-Fokus-FU-April-18-150x150.png\" alt=\"\" width=\"150\" height=\"150\" srcset=\"https:\/\/www.campus02.at\/marketing\/wp-content\/uploads\/sites\/7\/2018\/04\/Foto-Fokus-FU-April-18-150x150.png 150w, https:\/\/www.campus02.at\/marketing\/wp-content\/uploads\/sites\/7\/2018\/04\/Foto-Fokus-FU-April-18-200x200.png 200w, https:\/\/www.campus02.at\/marketing\/wp-content\/uploads\/sites\/7\/2018\/04\/Foto-Fokus-FU-April-18-300x300.png 300w, https:\/\/www.campus02.at\/marketing\/wp-content\/uploads\/sites\/7\/2018\/04\/Foto-Fokus-FU-April-18-32x32.png 32w, https:\/\/www.campus02.at\/marketing\/wp-content\/uploads\/sites\/7\/2018\/04\/Foto-Fokus-FU-April-18-50x50.png 50w, https:\/\/www.campus02.at\/marketing\/wp-content\/uploads\/sites\/7\/2018\/04\/Foto-Fokus-FU-April-18-64x64.png 64w, https:\/\/www.campus02.at\/marketing\/wp-content\/uploads\/sites\/7\/2018\/04\/Foto-Fokus-FU-April-18-96x96.png 96w, https:\/\/www.campus02.at\/marketing\/wp-content\/uploads\/sites\/7\/2018\/04\/Foto-Fokus-FU-April-18-128x128.png 128w\" sizes=\"(max-width: 150px) 100vw, 150px\" \/><\/a><figcaption id=\"caption-attachment-4281\" class=\"wp-caption-text\">v.l.n.r.: Martin Duque, Thomas H\u00f6rzer, Josef Rosel, Roman Feiertag und Dietmar W\u00fcnschl<\/figcaption><\/figure>","protected":false},"excerpt":{"rendered":"<p>Das Kompetenzzentrum f\u00fcr Familienunternehmen der Studienrichtung International Marketing &amp; Sales Management an der FH <a href=\"https:\/\/www.campus02.at\/marketing\/en\/news\/fokus-fu-fuehrung-im-wandel-der-zeit\/\" class=\"more-link\">more&hellip;<\/a><\/p>","protected":false},"author":86,"featured_media":4285,"parent":0,"template":"","coauthors":[66],"class_list":["post-4271","campus_news","type-campus_news","status-publish","has-post-thumbnail","hentry"],"acf":[],"yoast_head":"<!-- This site is optimized with the Yoast SEO plugin v26.9 - https:\/\/yoast.com\/product\/yoast-seo-wordpress\/ -->\n<title>Fokus FU \u2013 F\u00fchrung im Wandel der Zeit - FH CAMPUS 02 - Marketing &amp; Sales<\/title>\n<meta name=\"robots\" content=\"index, follow, max-snippet:-1, max-image-preview:large, max-video-preview:-1\" \/>\n<link rel=\"canonical\" href=\"https:\/\/www.campus02.at\/marketing\/en\/news\/fokus-fu-fuehrung-im-wandel-der-zeit\/\" \/>\n<meta property=\"og:locale\" content=\"en_GB\" \/>\n<meta property=\"og:type\" content=\"article\" \/>\n<meta property=\"og:title\" content=\"Fokus FU \u2013 F\u00fchrung im Wandel der Zeit - FH CAMPUS 02 - Marketing &amp; Sales\" \/>\n<meta property=\"og:description\" content=\"Das Kompetenzzentrum f\u00fcr Familienunternehmen der Studienrichtung International Marketing &amp; Sales Management an der FH more&hellip;\" \/>\n<meta property=\"og:url\" content=\"https:\/\/www.campus02.at\/marketing\/en\/news\/fokus-fu-fuehrung-im-wandel-der-zeit\/\" \/>\n<meta property=\"og:site_name\" content=\"FH CAMPUS 02 - Marketing &amp; Sales\" \/>\n<meta property=\"article:modified_time\" content=\"2020-08-20T19:17:40+00:00\" \/>\n<meta property=\"og:image\" content=\"https:\/\/www.campus02.at\/marketing\/wp-content\/uploads\/sites\/7\/2018\/04\/Foto-Fokus-FU-April-18-1024x466zugeschnitten2.png\" \/>\n\t<meta property=\"og:image:width\" content=\"783\" \/>\n\t<meta property=\"og:image:height\" content=\"350\" \/>\n\t<meta property=\"og:image:type\" content=\"image\/png\" \/>\n<meta name=\"twitter:card\" content=\"summary_large_image\" \/>\n<script type=\"application\/ld+json\" class=\"yoast-schema-graph\">{\"@context\":\"https:\/\/schema.org\",\"@graph\":[{\"@type\":\"WebPage\",\"@id\":\"https:\/\/www.campus02.at\/marketing\/news\/fokus-fu-fuehrung-im-wandel-der-zeit\/\",\"url\":\"https:\/\/www.campus02.at\/marketing\/news\/fokus-fu-fuehrung-im-wandel-der-zeit\/\",\"name\":\"Fokus FU \u2013 F\u00fchrung im Wandel der Zeit - FH CAMPUS 02 - Marketing &amp; Sales\",\"isPartOf\":{\"@id\":\"https:\/\/www.campus02.at\/marketing\/#website\"},\"primaryImageOfPage\":{\"@id\":\"https:\/\/www.campus02.at\/marketing\/news\/fokus-fu-fuehrung-im-wandel-der-zeit\/#primaryimage\"},\"image\":{\"@id\":\"https:\/\/www.campus02.at\/marketing\/news\/fokus-fu-fuehrung-im-wandel-der-zeit\/#primaryimage\"},\"thumbnailUrl\":\"https:\/\/www.campus02.at\/marketing\/wp-content\/uploads\/sites\/7\/2018\/04\/Foto-Fokus-FU-April-18-1024x466zugeschnitten2.png\",\"datePublished\":\"2018-04-27T13:51:27+00:00\",\"dateModified\":\"2020-08-20T19:17:40+00:00\",\"breadcrumb\":{\"@id\":\"https:\/\/www.campus02.at\/marketing\/news\/fokus-fu-fuehrung-im-wandel-der-zeit\/#breadcrumb\"},\"inLanguage\":\"en-GB\",\"potentialAction\":[{\"@type\":\"ReadAction\",\"target\":[\"https:\/\/www.campus02.at\/marketing\/news\/fokus-fu-fuehrung-im-wandel-der-zeit\/\"]}]},{\"@type\":\"ImageObject\",\"inLanguage\":\"en-GB\",\"@id\":\"https:\/\/www.campus02.at\/marketing\/news\/fokus-fu-fuehrung-im-wandel-der-zeit\/#primaryimage\",\"url\":\"https:\/\/www.campus02.at\/marketing\/wp-content\/uploads\/sites\/7\/2018\/04\/Foto-Fokus-FU-April-18-1024x466zugeschnitten2.png\",\"contentUrl\":\"https:\/\/www.campus02.at\/marketing\/wp-content\/uploads\/sites\/7\/2018\/04\/Foto-Fokus-FU-April-18-1024x466zugeschnitten2.png\",\"width\":783,\"height\":350,\"caption\":\"\u00a9 FH CAMPUS 02\"},{\"@type\":\"BreadcrumbList\",\"@id\":\"https:\/\/www.campus02.at\/marketing\/news\/fokus-fu-fuehrung-im-wandel-der-zeit\/#breadcrumb\",\"itemListElement\":[{\"@type\":\"ListItem\",\"position\":1,\"name\":\"Startseite\",\"item\":\"https:\/\/www.campus02.at\/marketing\/\"},{\"@type\":\"ListItem\",\"position\":2,\"name\":\"Fokus FU \u2013 F\u00fchrung im Wandel der Zeit\"}]},{\"@type\":\"WebSite\",\"@id\":\"https:\/\/www.campus02.at\/marketing\/#website\",\"url\":\"https:\/\/www.campus02.at\/marketing\/\",\"name\":\"FH CAMPUS 02 - Marketing &amp; Sales\",\"description\":\"\",\"potentialAction\":[{\"@type\":\"SearchAction\",\"target\":{\"@type\":\"EntryPoint\",\"urlTemplate\":\"https:\/\/www.campus02.at\/marketing\/?s={search_term_string}\"},\"query-input\":{\"@type\":\"PropertyValueSpecification\",\"valueRequired\":true,\"valueName\":\"search_term_string\"}}],\"inLanguage\":\"en-GB\"}]}<\/script>\n<!-- \/ Yoast SEO plugin. -->","yoast_head_json":{"title":"Fokus FU \u2013 F\u00fchrung im Wandel der Zeit - FH CAMPUS 02 - Marketing &amp; Sales","robots":{"index":"index","follow":"follow","max-snippet":"max-snippet:-1","max-image-preview":"max-image-preview:large","max-video-preview":"max-video-preview:-1"},"canonical":"https:\/\/www.campus02.at\/marketing\/en\/news\/fokus-fu-fuehrung-im-wandel-der-zeit\/","og_locale":"en_GB","og_type":"article","og_title":"Fokus FU \u2013 F\u00fchrung im Wandel der Zeit - FH CAMPUS 02 - Marketing &amp; Sales","og_description":"Das Kompetenzzentrum f\u00fcr Familienunternehmen der Studienrichtung International Marketing &amp; Sales Management an der FH more&hellip;","og_url":"https:\/\/www.campus02.at\/marketing\/en\/news\/fokus-fu-fuehrung-im-wandel-der-zeit\/","og_site_name":"FH CAMPUS 02 - Marketing &amp; Sales","article_modified_time":"2020-08-20T19:17:40+00:00","og_image":[{"width":783,"height":350,"url":"https:\/\/www.campus02.at\/marketing\/wp-content\/uploads\/sites\/7\/2018\/04\/Foto-Fokus-FU-April-18-1024x466zugeschnitten2.png","type":"image\/png"}],"twitter_card":"summary_large_image","schema":{"@context":"https:\/\/schema.org","@graph":[{"@type":"WebPage","@id":"https:\/\/www.campus02.at\/marketing\/news\/fokus-fu-fuehrung-im-wandel-der-zeit\/","url":"https:\/\/www.campus02.at\/marketing\/news\/fokus-fu-fuehrung-im-wandel-der-zeit\/","name":"Fokus FU \u2013 F\u00fchrung im Wandel der Zeit - FH CAMPUS 02 - Marketing &amp; Sales","isPartOf":{"@id":"https:\/\/www.campus02.at\/marketing\/#website"},"primaryImageOfPage":{"@id":"https:\/\/www.campus02.at\/marketing\/news\/fokus-fu-fuehrung-im-wandel-der-zeit\/#primaryimage"},"image":{"@id":"https:\/\/www.campus02.at\/marketing\/news\/fokus-fu-fuehrung-im-wandel-der-zeit\/#primaryimage"},"thumbnailUrl":"https:\/\/www.campus02.at\/marketing\/wp-content\/uploads\/sites\/7\/2018\/04\/Foto-Fokus-FU-April-18-1024x466zugeschnitten2.png","datePublished":"2018-04-27T13:51:27+00:00","dateModified":"2020-08-20T19:17:40+00:00","breadcrumb":{"@id":"https:\/\/www.campus02.at\/marketing\/news\/fokus-fu-fuehrung-im-wandel-der-zeit\/#breadcrumb"},"inLanguage":"en-GB","potentialAction":[{"@type":"ReadAction","target":["https:\/\/www.campus02.at\/marketing\/news\/fokus-fu-fuehrung-im-wandel-der-zeit\/"]}]},{"@type":"ImageObject","inLanguage":"en-GB","@id":"https:\/\/www.campus02.at\/marketing\/news\/fokus-fu-fuehrung-im-wandel-der-zeit\/#primaryimage","url":"https:\/\/www.campus02.at\/marketing\/wp-content\/uploads\/sites\/7\/2018\/04\/Foto-Fokus-FU-April-18-1024x466zugeschnitten2.png","contentUrl":"https:\/\/www.campus02.at\/marketing\/wp-content\/uploads\/sites\/7\/2018\/04\/Foto-Fokus-FU-April-18-1024x466zugeschnitten2.png","width":783,"height":350,"caption":"\u00a9 FH CAMPUS 02"},{"@type":"BreadcrumbList","@id":"https:\/\/www.campus02.at\/marketing\/news\/fokus-fu-fuehrung-im-wandel-der-zeit\/#breadcrumb","itemListElement":[{"@type":"ListItem","position":1,"name":"Startseite","item":"https:\/\/www.campus02.at\/marketing\/"},{"@type":"ListItem","position":2,"name":"Fokus FU \u2013 F\u00fchrung im Wandel der Zeit"}]},{"@type":"WebSite","@id":"https:\/\/www.campus02.at\/marketing\/#website","url":"https:\/\/www.campus02.at\/marketing\/","name":"FH CAMPUS 02 - Marketing &amp; Sales","description":"","potentialAction":[{"@type":"SearchAction","target":{"@type":"EntryPoint","urlTemplate":"https:\/\/www.campus02.at\/marketing\/?s={search_term_string}"},"query-input":{"@type":"PropertyValueSpecification","valueRequired":true,"valueName":"search_term_string"}}],"inLanguage":"en-GB"}]}},"_links":{"self":[{"href":"https:\/\/www.campus02.at\/marketing\/en\/wp-json\/wp\/v2\/campus_news\/4271","targetHints":{"allow":["GET"]}}],"collection":[{"href":"https:\/\/www.campus02.at\/marketing\/en\/wp-json\/wp\/v2\/campus_news"}],"about":[{"href":"https:\/\/www.campus02.at\/marketing\/en\/wp-json\/wp\/v2\/types\/campus_news"}],"author":[{"embeddable":true,"href":"https:\/\/www.campus02.at\/marketing\/en\/wp-json\/wp\/v2\/users\/86"}],"version-history":[{"count":8,"href":"https:\/\/www.campus02.at\/marketing\/en\/wp-json\/wp\/v2\/campus_news\/4271\/revisions"}],"predecessor-version":[{"id":4282,"href":"https:\/\/www.campus02.at\/marketing\/en\/wp-json\/wp\/v2\/campus_news\/4271\/revisions\/4282"}],"wp:featuredmedia":[{"embeddable":true,"href":"https:\/\/www.campus02.at\/marketing\/en\/wp-json\/wp\/v2\/media\/4285"}],"wp:attachment":[{"href":"https:\/\/www.campus02.at\/marketing\/en\/wp-json\/wp\/v2\/media?parent=4271"}],"wp:term":[{"taxonomy":"author","embeddable":true,"href":"https:\/\/www.campus02.at\/marketing\/en\/wp-json\/wp\/v2\/coauthors?post=4271"}],"curies":[{"name":"wp","href":"https:\/\/api.w.org\/{rel}","templated":true}]}}