{"id":10594,"date":"2022-12-19T17:00:15","date_gmt":"2022-12-19T16:00:15","guid":{"rendered":"https:\/\/www.campus02.at\/marketing\/?post_type=campus_news&#038;p=10594"},"modified":"2023-03-27T14:38:37","modified_gmt":"2023-03-27T12:38:37","slug":"absolventin-des-monats-dezember-2022","status":"publish","type":"campus_news","link":"https:\/\/www.campus02.at\/marketing\/en\/news\/absolventin-des-monats-dezember-2022\/","title":{"rendered":"Marketing und Sales: Unsere Absolventin des Monats Dezember 2022"},"content":{"rendered":"<p>In diesem Monat hatten wir das Vergn\u00fcgen <strong>Jasmin Pinheiro<\/strong> f\u00fcr unser Format &#8222;Absolvent*in des Monats&#8220; zu interviewen und mit ihr \u00fcber ihre Entscheidung f\u00fcr ein <strong>Studium an der FH CAMPUS 02<\/strong> und ihren anschlie\u00dfenden Werdegang bis zur Head of Marketing bei <a href=\"https:\/\/www.logicdata.net\/\">LOGICDATA<\/a> zu sprechen.<\/p>\n<p><em>&#8222;Man lernt nie aus! Hungrig bleiben nach mehr, vielseitig sein und Herausforderungen annehmen, besonders dann wenn es hei\u00dft, die Komfortzone zu verlassen.&#8220;<\/em>, mit diesen Worten l\u00e4sst sich Jasmins Fokus auf Bildung und Karriere gut zusammenfassen. Im Jahr 2008 begann Jasmin Pinheiro ihr <a href=\"https:\/\/www.campus02.at\/marketing\/en\/bachelor\/\">Bachelorstudium Marketing &amp; Sales<\/a> an der FH CAMPUS 02, bevor sie auch das <strong>Masterstudium International Marketing<\/strong> hier absolvierte. Mittlerweile hat sie nicht nur ihre Karrierew\u00fcnsche verwirklicht, sondern auch ihr Doktoratsstudium der Sozial- und Wirtschaftswissenschaft im Hauptfach Marketing erfolgreich abgeschlossen.<\/p>\n<p>Vor allem im internationalen Kontext f\u00fchlt sie sich besonders wohl. Das Bild wird durch zahlreiche Interessen wie Turniertanz, Motorradfahren, Reisen, neue Kulturen, Reiten und Musik abgerundet.<\/p>\n<p>&nbsp;<\/p>\n<h4><strong>Warum hast du dich f\u00fcr das Studium Marketing &amp; Sales an der FH CAMPUS 02 entschieden?<\/strong><\/h4>\n<p>Im Zuge meiner schulischen Laufbahn an der HAK Monserbergergasse entdeckte ich im Fach Betriebswirtschaftslehre meine Vorliebe f\u00fcr strategische Themen vor allem im Bereich Marketing. Durch meine damalige BWL-Professorin, Frau Astrid Oberzaucher, wurde ich bereits seit der 3. Klasse ermutigt in diese Richtung weiterzugehen und wurde von ihr als langj\u00e4hrige Mentorin auch auf diesem Weg begleitet. Das Studium Marketing &amp; Sales an der FH CAMPUS 02 war der logische Weiterbildungsweg und mich hat der fokussierte, aber auch praxisorientierte Aufbau \u00fcberzeugt.<\/p>\n<p>&nbsp;<\/p>\n<h4><strong>When you think back to your studies, what do you particularly fondly remember?\u00a0<\/strong><\/h4>\n<p>Eine der besten Erfahrungen war definitiv das Auslandspraktikum. Trotz der finanziellen Herausforderung und einiger H\u00fcrden, die mit einem l\u00e4ngeren Aufenthalt im Ausland verbunden sind, hat mich diese Erfahrung sehr gepr\u00e4gt und zu einer starken und offenen Pers\u00f6nlichkeit wachsen lassen. Die \u201eSoft Skills\u201c, die man als Studierende aus so einer Erfahrung mitnehmen kann, sind einfach unbezahlbar.<\/p>\n<p>&nbsp;<\/p>\n<h4><strong>Wie bist du bei deiner heutigen T\u00e4tigkeit gelandet? Wie hat sich deine Karriere entwickelt?<\/strong><\/h4>\n<p>Nach dem Masterstudium International Marketing durfte ich bei der ANDRITZ AG mehrere Jahre die Marketingaktivit\u00e4ten des Gesch\u00e4ftsbereichs Automatisierung betreuen und etablieren. Im Rahmen dieser T\u00e4tigkeit konnte ich Erfahrungen im strategischen Aufbau einer konzernweiten Marke sowie im Aufbau einer Abteilung sammeln. Mein Interesse f\u00fcr digitale L\u00f6sungen war dann der Ausl\u00f6ser f\u00fcr einen Wechsel zu NAVAX. Ich erkannte aber bald, dass f\u00fcr mich ein internationaler Kontext ausschlaggebend f\u00fcr mein weiteres berufliches T\u00e4tigkeitsfeld ist.<\/p>\n<p>Seit ca. eineinhalb Jahren darf ich nun <a href=\"https:\/\/www.logicdata.net\/\">LOGICDATA<\/a> im Bereich Marketing unterst\u00fctzen. Bereits kurz nach meinem Eintritt wurde ich zur Bereichsleitung ernannt. Aktuell erarbeite ich, als Head of Marketing, gemeinsam mit meinem Team die internationale, strategische Ausrichtung der <a href=\"https:\/\/www.logicdata.net\/\">LOGICDATA<\/a> Marke im neuen Konzernkontext und kann so zum Unternehmenserfolg beitragen.<\/p>\n<p>&nbsp;<\/p>\n<h4><strong>I advise students...<\/strong><\/h4>\n<p>Versucht aktiv und parallel zu den theoretischen Inhalten so viel praxisorientierte Erfahrung wie m\u00f6glich zu sammeln. Geht mit offenen Augen durch die Welt und ergreift alle sich bietenden Chancen, welche die pers\u00f6nliche Leidenschaft triggern.<\/p>\n<p>&nbsp;<\/p>\n<h4><strong>Was zeichnet f\u00fcr dich eine gute Ausbildung von Expert*innen im Bereich Marketing &amp; Sales aus und wo siehst du zuk\u00fcnftige Herausforderungen in diesem Bereich?<\/strong><\/h4>\n<p>Eine gute Ausbildung in diesem Bereich setzt sich aus Basiskenntnissen \u00fcber das Tool-Set zusammen, welche f\u00fcr die operative Umsetzung von Strategien notwendig ist. Detaillierteres Fachwissen kann in weiterer Folge von Studierenden in der Praxis erworben oder im Selbststudium vertieft werden. Gleichzeitig ist vor allem in diesem Bereich das F\u00f6rdern eines Gesamtverst\u00e4ndnisses von Unternehmensprozessen und deren interdisziplin\u00e4ren Einfl\u00fcssen notwendig, um in der Praxis gerade auf strategischer Ebene die profitabelsten Entscheidungen treffen zu k\u00f6nnen. Die vermittelten Inhalte m\u00fcssen permanent auf aktuelle Trends angepasst werden, welche immer st\u00e4rker in den digitalen Bereich (z. B. KI-unterst\u00fctztes Marketing) gehen, d\u00fcrfen aber den strategischen Teil als Basis nicht vernachl\u00e4ssigen. Eine Kombination aus wissenschaftlichem Verst\u00e4ndnis f\u00fcr das Feld mit Praxisinhalten ist f\u00fcr mich essenziell.<\/p>\n<p>&nbsp;<\/p>\n<h4><strong>Auf ein paar Worte mit Jasmin Pinheiro<\/strong><\/h4>\n<p>Aus meiner Studienzeit besitze ich noch\u2026.<\/p>\n<ul>\n<li>&#8230;langj\u00e4hrige Freundschaften<\/li>\n<\/ul>\n<p>Who has inspired you?<\/p>\n<ul>\n<li>Astrid Oberzaucher<\/li>\n<\/ul>\n<p>If I were to study again, I would...<\/p>\n<ul>\n<li>alles genauso machen (oder noch ein wenig mehr feiern ?)<\/li>\n<\/ul>\n<ol>\n<li style=\"list-style-type: none\"><\/li>\n<\/ol>\n<p>&nbsp;<\/p>\n<h4><strong>Mein Studium in 4 Worten&#8230;<\/strong><\/h4>\n<p>&#8230;Top, pers\u00f6nlichkeitsbildend, kundenorientierte Unternehmensf\u00fchrung<\/p>\n<div id='gallery-1' class='gallery galleryid-10594 gallery-columns-2 gallery-size-medium'><figure class='gallery-item'>\n\t\t\t<div class='gallery-icon landscape'>\n\t\t\t\t<a href='https:\/\/www.campus02.at\/marketing\/en\/news\/absolventin-des-monats-dezember-2022\/high-five\/'><img fetchpriority=\"high\" decoding=\"async\" width=\"300\" height=\"200\" src=\"https:\/\/www.campus02.at\/marketing\/wp-content\/uploads\/sites\/7\/2022\/12\/high-five-300x200.jpg\" class=\"attachment-medium size-medium\" alt=\"LOGICDATA CEO high five\" aria-describedby=\"gallery-1-10599\" srcset=\"https:\/\/www.campus02.at\/marketing\/wp-content\/uploads\/sites\/7\/2022\/12\/high-five-300x200.jpg 300w, https:\/\/www.campus02.at\/marketing\/wp-content\/uploads\/sites\/7\/2022\/12\/high-five-1024x683.jpg 1024w, https:\/\/www.campus02.at\/marketing\/wp-content\/uploads\/sites\/7\/2022\/12\/high-five-768x512.jpg 768w, https:\/\/www.campus02.at\/marketing\/wp-content\/uploads\/sites\/7\/2022\/12\/high-five-1536x1024.jpg 1536w, https:\/\/www.campus02.at\/marketing\/wp-content\/uploads\/sites\/7\/2022\/12\/high-five-2048x1365.jpg 2048w, https:\/\/www.campus02.at\/marketing\/wp-content\/uploads\/sites\/7\/2022\/12\/high-five-1920x1280.jpg 1920w\" sizes=\"(max-width: 300px) 100vw, 300px\" \/><\/a>\n\t\t\t<\/div>\n\t\t\t\t<figcaption class='wp-caption-text gallery-caption' id='gallery-1-10599'>\n\t\t\t\t\u00a9Logicdata\n\t\t\t\t<\/figcaption><\/figure><figure class='gallery-item'>\n\t\t\t<div class='gallery-icon landscape'>\n\t\t\t\t<a href='https:\/\/www.campus02.at\/marketing\/en\/news\/absolventin-des-monats-dezember-2022\/wu221103_17-138\/'><img decoding=\"async\" width=\"300\" height=\"200\" src=\"https:\/\/www.campus02.at\/marketing\/wp-content\/uploads\/sites\/7\/2022\/12\/wu221103_17-138-300x200.jpg\" class=\"attachment-medium size-medium\" alt=\"Jasmin Pinheiro Doktorat\" aria-describedby=\"gallery-1-10610\" srcset=\"https:\/\/www.campus02.at\/marketing\/wp-content\/uploads\/sites\/7\/2022\/12\/wu221103_17-138-300x200.jpg 300w, https:\/\/www.campus02.at\/marketing\/wp-content\/uploads\/sites\/7\/2022\/12\/wu221103_17-138-1024x683.jpg 1024w, https:\/\/www.campus02.at\/marketing\/wp-content\/uploads\/sites\/7\/2022\/12\/wu221103_17-138-768x512.jpg 768w, https:\/\/www.campus02.at\/marketing\/wp-content\/uploads\/sites\/7\/2022\/12\/wu221103_17-138-1536x1024.jpg 1536w, https:\/\/www.campus02.at\/marketing\/wp-content\/uploads\/sites\/7\/2022\/12\/wu221103_17-138-2048x1365.jpg 2048w, https:\/\/www.campus02.at\/marketing\/wp-content\/uploads\/sites\/7\/2022\/12\/wu221103_17-138-1920x1280.jpg 1920w\" sizes=\"(max-width: 300px) 100vw, 300px\" \/><\/a>\n\t\t\t<\/div>\n\t\t\t\t<figcaption class='wp-caption-text gallery-caption' id='gallery-1-10610'>\n\t\t\t\t\u00a9WU &#8211; Jasmin Pinheiro\n\t\t\t\t<\/figcaption><\/figure>\n\t\t<\/div>","protected":false},"excerpt":{"rendered":"<p>In diesem Monat hatten wir das Vergn\u00fcgen Jasmin Pinheiro f\u00fcr unser Format &#8222;Absolvent*in des Monats&#8220; zu interviewen <a href=\"https:\/\/www.campus02.at\/marketing\/en\/news\/absolventin-des-monats-dezember-2022\/\" class=\"more-link\">more&hellip;<\/a><\/p>","protected":false},"author":153,"featured_media":10609,"parent":0,"template":"","coauthors":[76],"class_list":["post-10594","campus_news","type-campus_news","status-publish","has-post-thumbnail","hentry"],"acf":[],"yoast_head":"<!-- This site is optimized with the Yoast SEO plugin v26.9 - https:\/\/yoast.com\/product\/yoast-seo-wordpress\/ -->\n<title>Marketing &amp; Sales: Absolventin des Monats Dezember 2022 I FH CAMPUS 02<\/title>\n<meta name=\"description\" content=\"Alumni im Portr\u00e4t: Welche Karrieren schlagen Absolvent*innen des Departments Marketing &amp; Sales ein? Diesmal im Interview - Jasmin Pinheiro\" \/>\n<meta name=\"robots\" content=\"index, follow, max-snippet:-1, max-image-preview:large, max-video-preview:-1\" \/>\n<link rel=\"canonical\" href=\"https:\/\/www.campus02.at\/marketing\/en\/news\/absolventin-des-monats-dezember-2022\/\" \/>\n<meta property=\"og:locale\" content=\"en_GB\" \/>\n<meta property=\"og:type\" content=\"article\" \/>\n<meta property=\"og:title\" content=\"Jasmin Pinheiro - Absolventin des Monats\" \/>\n<meta property=\"og:description\" content=\"Alumni im Portr\u00e4t: Welche Karrieren schlagen Absolvent*innen des Departments Marketing &amp; Sales ein? Diesmal im Interview - Jasmin Pinheiro\" \/>\n<meta property=\"og:url\" content=\"https:\/\/www.campus02.at\/marketing\/en\/news\/absolventin-des-monats-dezember-2022\/\" \/>\n<meta property=\"og:site_name\" content=\"FH CAMPUS 02 - Marketing &amp; Sales\" \/>\n<meta property=\"article:modified_time\" content=\"2023-03-27T12:38:37+00:00\" \/>\n<meta property=\"og:image\" content=\"https:\/\/www.campus02.at\/marketing\/wp-content\/uploads\/sites\/7\/2022\/12\/MS_221219_Alumni-Titelbild_Soziale-Medien.png\" \/>\n\t<meta property=\"og:image:width\" content=\"700\" \/>\n\t<meta property=\"og:image:height\" content=\"300\" \/>\n\t<meta property=\"og:image:type\" content=\"image\/png\" \/>\n<meta name=\"twitter:card\" content=\"summary_large_image\" \/>\n<script type=\"application\/ld+json\" class=\"yoast-schema-graph\">{\"@context\":\"https:\/\/schema.org\",\"@graph\":[{\"@type\":\"WebPage\",\"@id\":\"https:\/\/www.campus02.at\/marketing\/news\/absolventin-des-monats-dezember-2022\/\",\"url\":\"https:\/\/www.campus02.at\/marketing\/news\/absolventin-des-monats-dezember-2022\/\",\"name\":\"Marketing & Sales: Absolventin des Monats Dezember 2022 I FH CAMPUS 02\",\"isPartOf\":{\"@id\":\"https:\/\/www.campus02.at\/marketing\/#website\"},\"primaryImageOfPage\":{\"@id\":\"https:\/\/www.campus02.at\/marketing\/news\/absolventin-des-monats-dezember-2022\/#primaryimage\"},\"image\":{\"@id\":\"https:\/\/www.campus02.at\/marketing\/news\/absolventin-des-monats-dezember-2022\/#primaryimage\"},\"thumbnailUrl\":\"https:\/\/www.campus02.at\/marketing\/wp-content\/uploads\/sites\/7\/2022\/12\/MS_221219_Alumni-Jasmin-Pinheiro-1.png\",\"datePublished\":\"2022-12-19T16:00:15+00:00\",\"dateModified\":\"2023-03-27T12:38:37+00:00\",\"description\":\"Alumni im Portr\u00e4t: Welche Karrieren schlagen Absolvent*innen des Departments Marketing & Sales ein? Diesmal im Interview - Jasmin Pinheiro\",\"breadcrumb\":{\"@id\":\"https:\/\/www.campus02.at\/marketing\/news\/absolventin-des-monats-dezember-2022\/#breadcrumb\"},\"inLanguage\":\"en-GB\",\"potentialAction\":[{\"@type\":\"ReadAction\",\"target\":[\"https:\/\/www.campus02.at\/marketing\/news\/absolventin-des-monats-dezember-2022\/\"]}]},{\"@type\":\"ImageObject\",\"inLanguage\":\"en-GB\",\"@id\":\"https:\/\/www.campus02.at\/marketing\/news\/absolventin-des-monats-dezember-2022\/#primaryimage\",\"url\":\"https:\/\/www.campus02.at\/marketing\/wp-content\/uploads\/sites\/7\/2022\/12\/MS_221219_Alumni-Jasmin-Pinheiro-1.png\",\"contentUrl\":\"https:\/\/www.campus02.at\/marketing\/wp-content\/uploads\/sites\/7\/2022\/12\/MS_221219_Alumni-Jasmin-Pinheiro-1.png\",\"width\":1024,\"height\":341,\"caption\":\"\u00a9Logicdata\"},{\"@type\":\"BreadcrumbList\",\"@id\":\"https:\/\/www.campus02.at\/marketing\/news\/absolventin-des-monats-dezember-2022\/#breadcrumb\",\"itemListElement\":[{\"@type\":\"ListItem\",\"position\":1,\"name\":\"Startseite\",\"item\":\"https:\/\/www.campus02.at\/marketing\/\"},{\"@type\":\"ListItem\",\"position\":2,\"name\":\"Marketing und Sales: Unsere Absolventin des Monats Dezember 2022\"}]},{\"@type\":\"WebSite\",\"@id\":\"https:\/\/www.campus02.at\/marketing\/#website\",\"url\":\"https:\/\/www.campus02.at\/marketing\/\",\"name\":\"FH CAMPUS 02 - Marketing &amp; Sales\",\"description\":\"\",\"potentialAction\":[{\"@type\":\"SearchAction\",\"target\":{\"@type\":\"EntryPoint\",\"urlTemplate\":\"https:\/\/www.campus02.at\/marketing\/?s={search_term_string}\"},\"query-input\":{\"@type\":\"PropertyValueSpecification\",\"valueRequired\":true,\"valueName\":\"search_term_string\"}}],\"inLanguage\":\"en-GB\"}]}<\/script>\n<!-- \/ Yoast SEO plugin. -->","yoast_head_json":{"title":"Marketing & Sales: Absolventin des Monats Dezember 2022 I FH CAMPUS 02","description":"Alumni im Portr\u00e4t: Welche Karrieren schlagen Absolvent*innen des Departments Marketing & Sales ein? Diesmal im Interview - Jasmin Pinheiro","robots":{"index":"index","follow":"follow","max-snippet":"max-snippet:-1","max-image-preview":"max-image-preview:large","max-video-preview":"max-video-preview:-1"},"canonical":"https:\/\/www.campus02.at\/marketing\/en\/news\/absolventin-des-monats-dezember-2022\/","og_locale":"en_GB","og_type":"article","og_title":"Jasmin Pinheiro - Absolventin des Monats","og_description":"Alumni im Portr\u00e4t: Welche Karrieren schlagen Absolvent*innen des Departments Marketing & Sales ein? Diesmal im Interview - Jasmin Pinheiro","og_url":"https:\/\/www.campus02.at\/marketing\/en\/news\/absolventin-des-monats-dezember-2022\/","og_site_name":"FH CAMPUS 02 - Marketing &amp; Sales","article_modified_time":"2023-03-27T12:38:37+00:00","og_image":[{"width":700,"height":300,"url":"https:\/\/www.campus02.at\/marketing\/wp-content\/uploads\/sites\/7\/2022\/12\/MS_221219_Alumni-Titelbild_Soziale-Medien.png","type":"image\/png"}],"twitter_card":"summary_large_image","schema":{"@context":"https:\/\/schema.org","@graph":[{"@type":"WebPage","@id":"https:\/\/www.campus02.at\/marketing\/news\/absolventin-des-monats-dezember-2022\/","url":"https:\/\/www.campus02.at\/marketing\/news\/absolventin-des-monats-dezember-2022\/","name":"Marketing & Sales: Absolventin des Monats Dezember 2022 I FH CAMPUS 02","isPartOf":{"@id":"https:\/\/www.campus02.at\/marketing\/#website"},"primaryImageOfPage":{"@id":"https:\/\/www.campus02.at\/marketing\/news\/absolventin-des-monats-dezember-2022\/#primaryimage"},"image":{"@id":"https:\/\/www.campus02.at\/marketing\/news\/absolventin-des-monats-dezember-2022\/#primaryimage"},"thumbnailUrl":"https:\/\/www.campus02.at\/marketing\/wp-content\/uploads\/sites\/7\/2022\/12\/MS_221219_Alumni-Jasmin-Pinheiro-1.png","datePublished":"2022-12-19T16:00:15+00:00","dateModified":"2023-03-27T12:38:37+00:00","description":"Alumni im Portr\u00e4t: Welche Karrieren schlagen Absolvent*innen des Departments Marketing & Sales ein? Diesmal im Interview - Jasmin Pinheiro","breadcrumb":{"@id":"https:\/\/www.campus02.at\/marketing\/news\/absolventin-des-monats-dezember-2022\/#breadcrumb"},"inLanguage":"en-GB","potentialAction":[{"@type":"ReadAction","target":["https:\/\/www.campus02.at\/marketing\/news\/absolventin-des-monats-dezember-2022\/"]}]},{"@type":"ImageObject","inLanguage":"en-GB","@id":"https:\/\/www.campus02.at\/marketing\/news\/absolventin-des-monats-dezember-2022\/#primaryimage","url":"https:\/\/www.campus02.at\/marketing\/wp-content\/uploads\/sites\/7\/2022\/12\/MS_221219_Alumni-Jasmin-Pinheiro-1.png","contentUrl":"https:\/\/www.campus02.at\/marketing\/wp-content\/uploads\/sites\/7\/2022\/12\/MS_221219_Alumni-Jasmin-Pinheiro-1.png","width":1024,"height":341,"caption":"\u00a9Logicdata"},{"@type":"BreadcrumbList","@id":"https:\/\/www.campus02.at\/marketing\/news\/absolventin-des-monats-dezember-2022\/#breadcrumb","itemListElement":[{"@type":"ListItem","position":1,"name":"Startseite","item":"https:\/\/www.campus02.at\/marketing\/"},{"@type":"ListItem","position":2,"name":"Marketing und Sales: Unsere Absolventin des Monats Dezember 2022"}]},{"@type":"WebSite","@id":"https:\/\/www.campus02.at\/marketing\/#website","url":"https:\/\/www.campus02.at\/marketing\/","name":"FH CAMPUS 02 - Marketing &amp; Sales","description":"","potentialAction":[{"@type":"SearchAction","target":{"@type":"EntryPoint","urlTemplate":"https:\/\/www.campus02.at\/marketing\/?s={search_term_string}"},"query-input":{"@type":"PropertyValueSpecification","valueRequired":true,"valueName":"search_term_string"}}],"inLanguage":"en-GB"}]}},"_links":{"self":[{"href":"https:\/\/www.campus02.at\/marketing\/en\/wp-json\/wp\/v2\/campus_news\/10594","targetHints":{"allow":["GET"]}}],"collection":[{"href":"https:\/\/www.campus02.at\/marketing\/en\/wp-json\/wp\/v2\/campus_news"}],"about":[{"href":"https:\/\/www.campus02.at\/marketing\/en\/wp-json\/wp\/v2\/types\/campus_news"}],"author":[{"embeddable":true,"href":"https:\/\/www.campus02.at\/marketing\/en\/wp-json\/wp\/v2\/users\/153"}],"version-history":[{"count":7,"href":"https:\/\/www.campus02.at\/marketing\/en\/wp-json\/wp\/v2\/campus_news\/10594\/revisions"}],"predecessor-version":[{"id":127985,"href":"https:\/\/www.campus02.at\/marketing\/en\/wp-json\/wp\/v2\/campus_news\/10594\/revisions\/127985"}],"wp:featuredmedia":[{"embeddable":true,"href":"https:\/\/www.campus02.at\/marketing\/en\/wp-json\/wp\/v2\/media\/10609"}],"wp:attachment":[{"href":"https:\/\/www.campus02.at\/marketing\/en\/wp-json\/wp\/v2\/media?parent=10594"}],"wp:term":[{"taxonomy":"author","embeddable":true,"href":"https:\/\/www.campus02.at\/marketing\/en\/wp-json\/wp\/v2\/coauthors?post=10594"}],"curies":[{"name":"wp","href":"https:\/\/api.w.org\/{rel}","templated":true}]}}