{"id":10540,"date":"2022-10-28T09:00:53","date_gmt":"2022-10-28T07:00:53","guid":{"rendered":"https:\/\/www.campus02.at\/marketing\/?post_type=campus_news&#038;p=10540"},"modified":"2023-03-27T14:33:29","modified_gmt":"2023-03-27T12:33:29","slug":"absolvent-des-monats-oktober-2022","status":"publish","type":"campus_news","link":"https:\/\/www.campus02.at\/marketing\/en\/news\/absolvent-des-monats-oktober-2022\/","title":{"rendered":"Marketing und Sales: Unser Absolvent des Monats Oktober 2022"},"content":{"rendered":"<h4>Und weiter geht es mit unserem Format \u201eAbsolvent*in des Monats\u201c. Dieses Mal haben wir Stefan Rathgeber zum Interview gebeten.<\/h4>\n<p>Stefan Rathgeber ist in der Ost-Steiermark aufgewachsen und hat an der FH CAMPUS 02 Marketing &amp; Sales (Bachelor Vollzeit) sowie International Marketing (Master) studiert. Seit 2012 lebt und arbeitet er in Wien. Mit uns spricht er \u00fcber seine Entscheidung f\u00fcr die FH CAMPUS 02 und seinen anschlie\u00dfenden Karriereweg bis zum Global Brand Director bei der Julius Meinl Coffee Group.<\/p>\n<p>&nbsp;<\/p>\n<h4><strong>Warum hast du dich f\u00fcr die FH CAMPUS 02 entschieden?<\/strong><\/h4>\n<p>F\u00fcr mich waren drei Gr\u00fcnde ausschlaggebend:<\/p>\n<ol>\n<li>Das Studienangebot hat mein Interesse an Wirtschaft, Kommunikation und internationalem Management bestm\u00f6glich abgedeckt.<\/li>\n<li>Mir war es wichtig, neben dem theoretischen Fundament auch Praxiserfahrung sammeln zu k\u00f6nnen.<\/li>\n<li>Die fixe Studiendauer, sowie die M\u00f6glichkeit das Bachelor- und\/oder Masterstudium berufsbegleitend zu absolvieren, waren f\u00fcr mich definitiv ein Pluspunkt.<\/li>\n<\/ol>\n<p>&nbsp;<\/p>\n<h4><strong>When you think back to your studies, what do you particularly fondly remember?<\/strong><\/h4>\n<p>Da kommt mir vieles in den Sinn! Woran ich aber besonders gerne zur\u00fcckdenke, sind die vielen verschiedenen Eindr\u00fccke und Erfahrungen, die man durch die Praxisprojekte, Vortragenden aus der Wirtschaft und die Auslandsaufenthalte sammeln konnte. Oft sind es die kleinen Momente zwischendurch, wie eine spannende Diskussion mit einer Vortragenden, die h\u00e4ngen bleiben und somit eine gro\u00dfe Wirkung erzielen.<\/p>\n<p>&nbsp;<\/p>\n<h4><strong>Gab es Momente oder Personen in deinem Studium, die dich besonders gepr\u00e4gt haben?<\/strong><\/h4>\n<p>Ja, mich haben einige Personen gepr\u00e4gt! Die Spanne zieht sich von Mitstudierenden bis zu au\u00dfergew\u00f6hnlichen Lektor*innen. Durch die Diversit\u00e4t des Lehrstuhls konnte man unterschiedliche Pers\u00f6nlichkeiten mit den interessantesten Hintergr\u00fcnden kennenlernen.<\/p>\n<p>Nach wie vor denke ich bei jeder einzelnen Marktforschung, die ich in Auftrag gebe, an FH-Prof. Mag. Dr. Astrid Oberzaucher. Sie hat uns in der Studienzeit mit Charisma, Charme, und Expertise in das Thema Marktforschung eingef\u00fchrt und diverse Praxisprojekte betreut. Das Sch\u00f6ne am Studium ist, dass man auch danach noch in Kontakt bleibt. So habe ich erst k\u00fcrzlich meinen Master-Thesis-Betreuer kontaktiert und ihn zum Thema Markenpositionierung konsultiert.<\/p>\n<p>Der einpr\u00e4gsamste Moment war f\u00fcr mich mit Abstand der erfolgreiche Abschluss der Masterpr\u00fcfung und das damit verbundene Gef\u00fchls-Potpourri von Stolz, Freude, Erleichterung und Genugtuung.<\/p>\n<p>&nbsp;<\/p>\n<h4><strong>Wie hat sich dein Weg vom Studium bis heute entwickelt?<\/strong><\/h4>\n<p>10 Jahre nach Abschluss meines Studiums darf ich stolz auf meine Karriere in der Julius Meinl Coffee Group zur\u00fcckblicken. Nach einigen Jahren in diversen lokalen und globalen Marketingrollen, darf ich heute als Global Brand Director die strategische Markenausrichtung und weltweite Kommunikation verantworten.<\/p>\n<p>&nbsp;<\/p>\n<h4><strong>Welche im Studium erworbene Qualifikation hilft dir in deiner heutigen Position am meisten?<\/strong><\/h4>\n<p>Durch das Studium werden viele fachliche Kompetenzen, die man in der Arbeitswelt ben\u00f6tigt, abgedeckt. Was mir r\u00fcckblickend ebenfalls sehr weitergeholfen hat, vor allem f\u00fcr ein selbstbewusstes Auftreten, war die Entwicklung der Soft Skills. Die durch die Vorlesungen zum Thema Rhetorik, Pr\u00e4sentationstechniken etc. und zahlreiche M\u00f6glichkeiten vor Publikum zu pr\u00e4sentieren, stark ausgebaut wurden.<\/p>\n<blockquote><p>Ich rate allen Studierenden, stellt euch das Studium wie einen Supermarkt vor und packt eueren Einkaufswagen so voll wie m\u00f6glich!<\/p><\/blockquote>\n<p>&nbsp;<\/p>\n<h4><strong>Was zeichnet f\u00fcr dich eine gute Ausbildung von Expert*innen im Bereich Marketing &amp; Sales aus?<\/strong><\/h4>\n<p>Ein guter Marketing- und\/oder Sales-Manager besticht durch breites, fachliches Grundwissen abgerundet mit einer gewinnenden Pers\u00f6nlichkeit.<\/p>\n<p>&nbsp;<\/p>\n<h4><strong>Auf ein paar Worte mit Stefan Rathgeber<\/strong><\/h4>\n<p>I still have from my time at university...<\/p>\n<ul>\n<li><em>&#8230;meine gebundene Masterarbeit und die Absolventenkappe<\/em><\/li>\n<\/ul>\n<p>Who has inspired you?<\/p>\n<ul>\n<li><em>Die Diversit\u00e4t an Student*innen und Lektor*innen<\/em><\/li>\n<\/ul>\n<p>If I were to study again, I would...<\/p>\n<ul>\n<li><em>&#8230;dem Praxis-Semester in Los Angeles zusagen.<\/em><\/li>\n<\/ul>\n<p>My studies in 4 words:<\/p>\n<ul>\n<li><em>Meine 4 F`s: fachlich, formend, fordernd, f\u00f6rdernd<\/em><\/li>\n<\/ul>\n<div id='gallery-1' class='gallery galleryid-10540 gallery-columns-3 gallery-size-medium'><figure class='gallery-item'>\n\t\t\t<div class='gallery-icon landscape'>\n\t\t\t\t<a href='https:\/\/www.campus02.at\/marketing\/en\/news\/absolvent-des-monats-oktober-2022\/foto-von-zsolt-marton\/'><img fetchpriority=\"high\" decoding=\"async\" width=\"300\" height=\"200\" src=\"https:\/\/www.campus02.at\/marketing\/wp-content\/uploads\/sites\/7\/2022\/10\/Stefan-Rathgeber-01-by-Marton-Zsolt-300x200.jpg\" class=\"attachment-medium size-medium\" alt=\"Rathgeber h\u00e4lt eine Pr\u00e4sentation\" aria-describedby=\"gallery-1-10542\" srcset=\"https:\/\/www.campus02.at\/marketing\/wp-content\/uploads\/sites\/7\/2022\/10\/Stefan-Rathgeber-01-by-Marton-Zsolt-300x200.jpg 300w, https:\/\/www.campus02.at\/marketing\/wp-content\/uploads\/sites\/7\/2022\/10\/Stefan-Rathgeber-01-by-Marton-Zsolt-1024x684.jpg 1024w, https:\/\/www.campus02.at\/marketing\/wp-content\/uploads\/sites\/7\/2022\/10\/Stefan-Rathgeber-01-by-Marton-Zsolt-768x513.jpg 768w, https:\/\/www.campus02.at\/marketing\/wp-content\/uploads\/sites\/7\/2022\/10\/Stefan-Rathgeber-01-by-Marton-Zsolt-1536x1025.jpg 1536w, https:\/\/www.campus02.at\/marketing\/wp-content\/uploads\/sites\/7\/2022\/10\/Stefan-Rathgeber-01-by-Marton-Zsolt-1920x1282.jpg 1920w, https:\/\/www.campus02.at\/marketing\/wp-content\/uploads\/sites\/7\/2022\/10\/Stefan-Rathgeber-01-by-Marton-Zsolt.jpg 2048w\" sizes=\"(max-width: 300px) 100vw, 300px\" \/><\/a>\n\t\t\t<\/div>\n\t\t\t\t<figcaption class='wp-caption-text gallery-caption' id='gallery-1-10542'>\n\t\t\t\t\u00a9 Marton Zsolt\n\t\t\t\t<\/figcaption><\/figure><figure class='gallery-item'>\n\t\t\t<div class='gallery-icon portrait'>\n\t\t\t\t<a href='https:\/\/www.campus02.at\/marketing\/en\/news\/absolvent-des-monats-oktober-2022\/stefan-rathgeber-02-by-cemera\/'><img decoding=\"async\" width=\"200\" height=\"300\" src=\"https:\/\/www.campus02.at\/marketing\/wp-content\/uploads\/sites\/7\/2022\/10\/Stefan-Rathgeber-02-by-Cemera-200x300.jpg\" class=\"attachment-medium size-medium\" alt=\"Stefan Rathgeber Potraitbild\" aria-describedby=\"gallery-1-10545\" srcset=\"https:\/\/www.campus02.at\/marketing\/wp-content\/uploads\/sites\/7\/2022\/10\/Stefan-Rathgeber-02-by-Cemera-200x300.jpg 200w, https:\/\/www.campus02.at\/marketing\/wp-content\/uploads\/sites\/7\/2022\/10\/Stefan-Rathgeber-02-by-Cemera-683x1024.jpg 683w, https:\/\/www.campus02.at\/marketing\/wp-content\/uploads\/sites\/7\/2022\/10\/Stefan-Rathgeber-02-by-Cemera-768x1152.jpg 768w, https:\/\/www.campus02.at\/marketing\/wp-content\/uploads\/sites\/7\/2022\/10\/Stefan-Rathgeber-02-by-Cemera-1024x1536.jpg 1024w, https:\/\/www.campus02.at\/marketing\/wp-content\/uploads\/sites\/7\/2022\/10\/Stefan-Rathgeber-02-by-Cemera-1365x2048.jpg 1365w, https:\/\/www.campus02.at\/marketing\/wp-content\/uploads\/sites\/7\/2022\/10\/Stefan-Rathgeber-02-by-Cemera-1920x2880.jpg 1920w, https:\/\/www.campus02.at\/marketing\/wp-content\/uploads\/sites\/7\/2022\/10\/Stefan-Rathgeber-02-by-Cemera-scaled.jpg 1707w\" sizes=\"(max-width: 200px) 100vw, 200px\" \/><\/a>\n\t\t\t<\/div>\n\t\t\t\t<figcaption class='wp-caption-text gallery-caption' id='gallery-1-10545'>\n\t\t\t\t\u00a9 Cemera\n\t\t\t\t<\/figcaption><\/figure><figure class='gallery-item'>\n\t\t\t<div class='gallery-icon landscape'>\n\t\t\t\t<a href='https:\/\/www.campus02.at\/marketing\/en\/news\/absolvent-des-monats-oktober-2022\/foto-von-zsolt-marton-2\/'><img decoding=\"async\" width=\"300\" height=\"200\" src=\"https:\/\/www.campus02.at\/marketing\/wp-content\/uploads\/sites\/7\/2022\/10\/Stefan-Rathgeber-04-by-Marton-Zsolt-300x200.jpg\" class=\"attachment-medium size-medium\" alt=\"Stefan Rathgeber weist auf Bild\" aria-describedby=\"gallery-1-10543\" srcset=\"https:\/\/www.campus02.at\/marketing\/wp-content\/uploads\/sites\/7\/2022\/10\/Stefan-Rathgeber-04-by-Marton-Zsolt-300x200.jpg 300w, https:\/\/www.campus02.at\/marketing\/wp-content\/uploads\/sites\/7\/2022\/10\/Stefan-Rathgeber-04-by-Marton-Zsolt-1024x684.jpg 1024w, https:\/\/www.campus02.at\/marketing\/wp-content\/uploads\/sites\/7\/2022\/10\/Stefan-Rathgeber-04-by-Marton-Zsolt-768x513.jpg 768w, https:\/\/www.campus02.at\/marketing\/wp-content\/uploads\/sites\/7\/2022\/10\/Stefan-Rathgeber-04-by-Marton-Zsolt-1536x1025.jpg 1536w, https:\/\/www.campus02.at\/marketing\/wp-content\/uploads\/sites\/7\/2022\/10\/Stefan-Rathgeber-04-by-Marton-Zsolt-1920x1282.jpg 1920w, https:\/\/www.campus02.at\/marketing\/wp-content\/uploads\/sites\/7\/2022\/10\/Stefan-Rathgeber-04-by-Marton-Zsolt.jpg 2048w\" sizes=\"(max-width: 300px) 100vw, 300px\" \/><\/a>\n\t\t\t<\/div>\n\t\t\t\t<figcaption class='wp-caption-text gallery-caption' id='gallery-1-10543'>\n\t\t\t\t\u00a9 Marton Zsolt \n\t\t\t\t<\/figcaption><\/figure>\n\t\t<\/div>","protected":false},"excerpt":{"rendered":"<p>Und weiter geht es mit unserem Format \u201eAbsolvent*in des Monats\u201c. Dieses Mal haben wir Stefan Rathgeber zum Interview gebeten. <a href=\"https:\/\/www.campus02.at\/marketing\/en\/news\/absolvent-des-monats-oktober-2022\/\" class=\"more-link\">more&hellip;<\/a><\/p>","protected":false},"author":153,"featured_media":10547,"parent":0,"template":"","coauthors":[76],"class_list":["post-10540","campus_news","type-campus_news","status-publish","has-post-thumbnail","hentry"],"acf":[],"yoast_head":"<!-- This site is optimized with the Yoast SEO plugin v26.9 - https:\/\/yoast.com\/product\/yoast-seo-wordpress\/ -->\n<title>Marketing &amp; Sales: Absolvent des Monats Oktober 2022 I FH CAMPUS 02<\/title>\n<meta name=\"description\" content=\"Alumni im Portr\u00e4t: Welche Karrieren schlagen Absolvent*innen des Departments Marketing &amp; Sales ein? Diesmal im Interview - Stefan Rathgeber\" \/>\n<meta name=\"robots\" content=\"index, follow, max-snippet:-1, max-image-preview:large, max-video-preview:-1\" \/>\n<link rel=\"canonical\" href=\"https:\/\/www.campus02.at\/marketing\/en\/news\/absolvent-des-monats-oktober-2022\/\" \/>\n<meta property=\"og:locale\" content=\"en_GB\" \/>\n<meta property=\"og:type\" content=\"article\" \/>\n<meta property=\"og:title\" content=\"Stefan Rathgeber - Absolvent des Monats\" \/>\n<meta property=\"og:description\" content=\"Alumni im Portr\u00e4t: Welche Karrieren schlagen Absolvent*innen des Departments Marketing &amp; Sales ein? Diesmal im Interview - Stefan Rathgeber\" \/>\n<meta property=\"og:url\" content=\"https:\/\/www.campus02.at\/marketing\/en\/news\/absolvent-des-monats-oktober-2022\/\" \/>\n<meta property=\"og:site_name\" content=\"FH CAMPUS 02 - Marketing &amp; Sales\" \/>\n<meta property=\"article:modified_time\" content=\"2023-03-27T12:33:29+00:00\" \/>\n<meta property=\"og:image\" content=\"https:\/\/www.campus02.at\/marketing\/wp-content\/uploads\/sites\/7\/2022\/10\/MS_221028_Alumni-Titelbild_Soziale-Medien.png\" \/>\n\t<meta property=\"og:image:width\" content=\"700\" \/>\n\t<meta property=\"og:image:height\" content=\"300\" \/>\n\t<meta property=\"og:image:type\" content=\"image\/png\" \/>\n<meta name=\"twitter:card\" content=\"summary_large_image\" \/>\n<script type=\"application\/ld+json\" class=\"yoast-schema-graph\">{\"@context\":\"https:\/\/schema.org\",\"@graph\":[{\"@type\":\"WebPage\",\"@id\":\"https:\/\/www.campus02.at\/marketing\/news\/absolvent-des-monats-oktober-2022\/\",\"url\":\"https:\/\/www.campus02.at\/marketing\/news\/absolvent-des-monats-oktober-2022\/\",\"name\":\"Marketing & Sales: Absolvent des Monats Oktober 2022 I FH CAMPUS 02\",\"isPartOf\":{\"@id\":\"https:\/\/www.campus02.at\/marketing\/#website\"},\"primaryImageOfPage\":{\"@id\":\"https:\/\/www.campus02.at\/marketing\/news\/absolvent-des-monats-oktober-2022\/#primaryimage\"},\"image\":{\"@id\":\"https:\/\/www.campus02.at\/marketing\/news\/absolvent-des-monats-oktober-2022\/#primaryimage\"},\"thumbnailUrl\":\"https:\/\/www.campus02.at\/marketing\/wp-content\/uploads\/sites\/7\/2022\/10\/MS_221028_Alumni-Stefan-Rathgeber.png\",\"datePublished\":\"2022-10-28T07:00:53+00:00\",\"dateModified\":\"2023-03-27T12:33:29+00:00\",\"description\":\"Alumni im Portr\u00e4t: Welche Karrieren schlagen Absolvent*innen des Departments Marketing & Sales ein? Diesmal im Interview - Stefan Rathgeber\",\"breadcrumb\":{\"@id\":\"https:\/\/www.campus02.at\/marketing\/news\/absolvent-des-monats-oktober-2022\/#breadcrumb\"},\"inLanguage\":\"en-GB\",\"potentialAction\":[{\"@type\":\"ReadAction\",\"target\":[\"https:\/\/www.campus02.at\/marketing\/news\/absolvent-des-monats-oktober-2022\/\"]}]},{\"@type\":\"ImageObject\",\"inLanguage\":\"en-GB\",\"@id\":\"https:\/\/www.campus02.at\/marketing\/news\/absolvent-des-monats-oktober-2022\/#primaryimage\",\"url\":\"https:\/\/www.campus02.at\/marketing\/wp-content\/uploads\/sites\/7\/2022\/10\/MS_221028_Alumni-Stefan-Rathgeber.png\",\"contentUrl\":\"https:\/\/www.campus02.at\/marketing\/wp-content\/uploads\/sites\/7\/2022\/10\/MS_221028_Alumni-Stefan-Rathgeber.png\",\"width\":1024,\"height\":341,\"caption\":\"\u00a9 Cemera\"},{\"@type\":\"BreadcrumbList\",\"@id\":\"https:\/\/www.campus02.at\/marketing\/news\/absolvent-des-monats-oktober-2022\/#breadcrumb\",\"itemListElement\":[{\"@type\":\"ListItem\",\"position\":1,\"name\":\"Startseite\",\"item\":\"https:\/\/www.campus02.at\/marketing\/\"},{\"@type\":\"ListItem\",\"position\":2,\"name\":\"Marketing und Sales: Unser Absolvent des Monats Oktober 2022\"}]},{\"@type\":\"WebSite\",\"@id\":\"https:\/\/www.campus02.at\/marketing\/#website\",\"url\":\"https:\/\/www.campus02.at\/marketing\/\",\"name\":\"FH CAMPUS 02 - Marketing &amp; Sales\",\"description\":\"\",\"potentialAction\":[{\"@type\":\"SearchAction\",\"target\":{\"@type\":\"EntryPoint\",\"urlTemplate\":\"https:\/\/www.campus02.at\/marketing\/?s={search_term_string}\"},\"query-input\":{\"@type\":\"PropertyValueSpecification\",\"valueRequired\":true,\"valueName\":\"search_term_string\"}}],\"inLanguage\":\"en-GB\"}]}<\/script>\n<!-- \/ Yoast SEO plugin. -->","yoast_head_json":{"title":"Marketing & Sales: Absolvent des Monats Oktober 2022 I FH CAMPUS 02","description":"Alumni im Portr\u00e4t: Welche Karrieren schlagen Absolvent*innen des Departments Marketing & Sales ein? Diesmal im Interview - Stefan Rathgeber","robots":{"index":"index","follow":"follow","max-snippet":"max-snippet:-1","max-image-preview":"max-image-preview:large","max-video-preview":"max-video-preview:-1"},"canonical":"https:\/\/www.campus02.at\/marketing\/en\/news\/absolvent-des-monats-oktober-2022\/","og_locale":"en_GB","og_type":"article","og_title":"Stefan Rathgeber - Absolvent des Monats","og_description":"Alumni im Portr\u00e4t: Welche Karrieren schlagen Absolvent*innen des Departments Marketing & Sales ein? Diesmal im Interview - Stefan Rathgeber","og_url":"https:\/\/www.campus02.at\/marketing\/en\/news\/absolvent-des-monats-oktober-2022\/","og_site_name":"FH CAMPUS 02 - Marketing &amp; Sales","article_modified_time":"2023-03-27T12:33:29+00:00","og_image":[{"width":700,"height":300,"url":"https:\/\/www.campus02.at\/marketing\/wp-content\/uploads\/sites\/7\/2022\/10\/MS_221028_Alumni-Titelbild_Soziale-Medien.png","type":"image\/png"}],"twitter_card":"summary_large_image","schema":{"@context":"https:\/\/schema.org","@graph":[{"@type":"WebPage","@id":"https:\/\/www.campus02.at\/marketing\/news\/absolvent-des-monats-oktober-2022\/","url":"https:\/\/www.campus02.at\/marketing\/news\/absolvent-des-monats-oktober-2022\/","name":"Marketing & Sales: Absolvent des Monats Oktober 2022 I FH CAMPUS 02","isPartOf":{"@id":"https:\/\/www.campus02.at\/marketing\/#website"},"primaryImageOfPage":{"@id":"https:\/\/www.campus02.at\/marketing\/news\/absolvent-des-monats-oktober-2022\/#primaryimage"},"image":{"@id":"https:\/\/www.campus02.at\/marketing\/news\/absolvent-des-monats-oktober-2022\/#primaryimage"},"thumbnailUrl":"https:\/\/www.campus02.at\/marketing\/wp-content\/uploads\/sites\/7\/2022\/10\/MS_221028_Alumni-Stefan-Rathgeber.png","datePublished":"2022-10-28T07:00:53+00:00","dateModified":"2023-03-27T12:33:29+00:00","description":"Alumni im Portr\u00e4t: Welche Karrieren schlagen Absolvent*innen des Departments Marketing & Sales ein? Diesmal im Interview - Stefan Rathgeber","breadcrumb":{"@id":"https:\/\/www.campus02.at\/marketing\/news\/absolvent-des-monats-oktober-2022\/#breadcrumb"},"inLanguage":"en-GB","potentialAction":[{"@type":"ReadAction","target":["https:\/\/www.campus02.at\/marketing\/news\/absolvent-des-monats-oktober-2022\/"]}]},{"@type":"ImageObject","inLanguage":"en-GB","@id":"https:\/\/www.campus02.at\/marketing\/news\/absolvent-des-monats-oktober-2022\/#primaryimage","url":"https:\/\/www.campus02.at\/marketing\/wp-content\/uploads\/sites\/7\/2022\/10\/MS_221028_Alumni-Stefan-Rathgeber.png","contentUrl":"https:\/\/www.campus02.at\/marketing\/wp-content\/uploads\/sites\/7\/2022\/10\/MS_221028_Alumni-Stefan-Rathgeber.png","width":1024,"height":341,"caption":"\u00a9 Cemera"},{"@type":"BreadcrumbList","@id":"https:\/\/www.campus02.at\/marketing\/news\/absolvent-des-monats-oktober-2022\/#breadcrumb","itemListElement":[{"@type":"ListItem","position":1,"name":"Startseite","item":"https:\/\/www.campus02.at\/marketing\/"},{"@type":"ListItem","position":2,"name":"Marketing und Sales: Unser Absolvent des Monats Oktober 2022"}]},{"@type":"WebSite","@id":"https:\/\/www.campus02.at\/marketing\/#website","url":"https:\/\/www.campus02.at\/marketing\/","name":"FH CAMPUS 02 - Marketing &amp; Sales","description":"","potentialAction":[{"@type":"SearchAction","target":{"@type":"EntryPoint","urlTemplate":"https:\/\/www.campus02.at\/marketing\/?s={search_term_string}"},"query-input":{"@type":"PropertyValueSpecification","valueRequired":true,"valueName":"search_term_string"}}],"inLanguage":"en-GB"}]}},"_links":{"self":[{"href":"https:\/\/www.campus02.at\/marketing\/en\/wp-json\/wp\/v2\/campus_news\/10540","targetHints":{"allow":["GET"]}}],"collection":[{"href":"https:\/\/www.campus02.at\/marketing\/en\/wp-json\/wp\/v2\/campus_news"}],"about":[{"href":"https:\/\/www.campus02.at\/marketing\/en\/wp-json\/wp\/v2\/types\/campus_news"}],"author":[{"embeddable":true,"href":"https:\/\/www.campus02.at\/marketing\/en\/wp-json\/wp\/v2\/users\/153"}],"version-history":[{"count":7,"href":"https:\/\/www.campus02.at\/marketing\/en\/wp-json\/wp\/v2\/campus_news\/10540\/revisions"}],"predecessor-version":[{"id":127983,"href":"https:\/\/www.campus02.at\/marketing\/en\/wp-json\/wp\/v2\/campus_news\/10540\/revisions\/127983"}],"wp:featuredmedia":[{"embeddable":true,"href":"https:\/\/www.campus02.at\/marketing\/en\/wp-json\/wp\/v2\/media\/10547"}],"wp:attachment":[{"href":"https:\/\/www.campus02.at\/marketing\/en\/wp-json\/wp\/v2\/media?parent=10540"}],"wp:term":[{"taxonomy":"author","embeddable":true,"href":"https:\/\/www.campus02.at\/marketing\/en\/wp-json\/wp\/v2\/coauthors?post=10540"}],"curies":[{"name":"wp","href":"https:\/\/api.w.org\/{rel}","templated":true}]}}