{"id":10425,"date":"2022-08-16T09:10:59","date_gmt":"2022-08-16T07:10:59","guid":{"rendered":"https:\/\/www.campus02.at\/marketing\/?post_type=campus_news&#038;p=10425"},"modified":"2023-03-27T13:59:23","modified_gmt":"2023-03-27T11:59:23","slug":"absolventin-des-monats-august_2022","status":"publish","type":"campus_news","link":"https:\/\/www.campus02.at\/marketing\/en\/news\/absolventin-des-monats-august_2022\/","title":{"rendered":"Marketing &amp; Sales: Our Graduate of the Month for August 2024"},"content":{"rendered":"<div class=\"mceTemp\"><\/div>\n<h4><span data-contrast=\"auto\">Dieses Monat interviewten wir Carina Kaufmann-<\/span><span data-contrast=\"auto\">Fernandez im Rahmen unseres \u201eAbsolvent*in des Monats\u201c Formats. Dabei gibt sie uns Einblicke in ihren beruflichen Werdegang nach ihrem Abschluss an der FH CAMPUS 02.<\/span><\/h4>\n<p><span data-contrast=\"auto\">Aufgewachsen und geboren in der S\u00fcdsteiermark zog es Carina Kaufmann-Fernandez nach Graz, um ihren Abschluss in Marketing &amp; Sales an der FH CAMPUS 02 zu machen. Nach ihrem Studium startete sie ein 18-monatiges Traineeprogramm f\u00fcr Marketing und Kommunikation bei Santander, wo sie dann zur Right Hand Managerin des CEOs bef\u00f6rdert wurde und schlie\u00dflich nach Dubai zog.\u00a0<\/span><\/p>\n<p><span data-ccp-props=\"{&quot;201341983&quot;:0,&quot;335559739&quot;:160,&quot;335559740&quot;:259}\">\u00a0<\/span><\/p>\n<p><b><span data-contrast=\"auto\">When you think back to your studies, what do you particularly fondly remember?<\/span><\/b><span data-ccp-props=\"{&quot;201341983&quot;:0,&quot;335559739&quot;:160,&quot;335559740&quot;:259}\">\u00a0<\/span><\/p>\n<p><span data-contrast=\"auto\">An meine Studienkolleg*innen. Ich bin stolz, dass viele damals gewonnenen Freundschaften noch bis heute halten, obwohl sich unsere Lebenswege so unterschiedlich entwickelt haben. Au\u00dferdem denke ich gerne an die Auslandserfahrungen zur\u00fcck, die ich im Zuge meines Studiums gemacht habe. Ich war einen Sommer lang in China und f\u00fcr mein Berufspraktikum in S\u00fcdafrika. <\/span><span data-ccp-props=\"{&quot;201341983&quot;:0,&quot;335559739&quot;:160,&quot;335559740&quot;:259}\">\u00a0<\/span><\/p>\n<p><span data-ccp-props=\"{&quot;201341983&quot;:0,&quot;335559739&quot;:160,&quot;335559740&quot;:259}\">\u00a0<\/span><\/p>\n<p><b><span data-contrast=\"auto\">Du hast seit deinem Abschluss einen gro\u00dfartigen beruflichen Karriereweg eingeschlagen und arbeitest mittlerweile in Dubai. Was hat dich bewogen, diesen Schritt zu gehen, vor welche Herausforderungen wurdest du gestellt bzw. siehst du Unterschiede zur \u00f6sterreichischen Arbeitswelt?<\/span><\/b><span data-ccp-props=\"{&quot;201341983&quot;:0,&quot;335559739&quot;:160,&quot;335559740&quot;:259}\">\u00a0<\/span><\/p>\n<p><span data-contrast=\"auto\">Mich hat es schon immer ins Ausland gezogen. Ich habe die FH CAMPUS 02 wegen der praxisnahen Lehrinhalte, aber vor allem wegen der M\u00f6glichkeit, ein ganzes Semester Berufspraxis im Ausland zu sammeln, gew\u00e4hlt. <\/span><\/p>\n<p><span data-contrast=\"auto\">Arbeiten in Dubai unterscheidet sich sehr vom Berufsalltag in \u00d6sterreich. Ich pers\u00f6nlich bin \u00fcber mich selbst hinausgewachsen und habe dabei auch sehr viel \u00fcber mich gelernt. Ich kann sagen, dass ich als Person st\u00e4rker und selbstbewusster bin als je zuvor.<\/span><\/p>\n<p><span data-contrast=\"auto\">Die Arbeitsanforderungen sind sehr herausfordernd. Work-Life-Balance gibt es nicht wirklich. Arbeit und Freizeit gehen ineinander \u00fcber und man ist f\u00fcr Kund*innen aber auch f\u00fcr Gesch\u00e4ftspartner*innen und Kolleg*innen rund um die Uhr erreichbar.<\/span><br \/>\n<span data-contrast=\"auto\">Am meisten profitiert habe ich durch die Zusammenarbeit mit Menschen aus verschiedensten L\u00e4ndern und Kulturen. <\/span><br \/>\n<span data-contrast=\"auto\">F\u00fcr mich steht der Respekt des Gegen\u00fcbers immer im Vordergrund, damit war ich sehr erfolgreich und wurde von allen Mitarbeiter*innen gesch\u00e4tzt, mit dem Ergebnis, dass eine Mitarbeiterin ihre Tochter nach mir benannt hat und so kam es, dass heute eine kleine Carina in Uganda lebt.<\/span><span data-ccp-props=\"{&quot;201341983&quot;:0,&quot;335559739&quot;:160,&quot;335559740&quot;:259}\">\u00a0<\/span><\/p>\n<p><span data-ccp-props=\"{&quot;201341983&quot;:0,&quot;335559739&quot;:160,&quot;335559740&quot;:259}\">\u00a0<\/span><\/p>\n<p><b><span data-contrast=\"auto\">Inwiefern profitierst du in deiner heutigen Position vom Studium an der FH CAMPUS 02?<\/span><\/b><span data-ccp-props=\"{&quot;201341983&quot;:0,&quot;335551550&quot;:6,&quot;335551620&quot;:6,&quot;335559739&quot;:160,&quot;335559740&quot;:259}\">\u00a0<\/span><\/p>\n<p><span data-contrast=\"auto\">Zielstrebigkeit, Ausdauer, strukturierte Arbeitsweise und die F\u00e4higkeit, theoretisches Wissen in der Praxis anzuwenden. Zusammenh\u00e4nge zu verstehen und komplexe Problemstellungen effizient und effektiv zu l\u00f6sen. Obwohl die Fachhochschule international weniger bekannt ist, sprechen die erlernten F\u00e4higkeiten f\u00fcr sich. <\/span><span data-contrast=\"auto\">Weswegen ich nach \u00fcber acht Jahren in Dubai eine neue berufliche Herausforderung angenommen habe und n\u00e4chsten Monat in die USA umziehe. <\/span><span data-ccp-props=\"{&quot;201341983&quot;:0,&quot;335559739&quot;:160,&quot;335559740&quot;:259}\">\u00a0<\/span><\/p>\n<p><span data-ccp-props=\"{&quot;201341983&quot;:0,&quot;335559739&quot;:160,&quot;335559740&quot;:259}\">\u00a0<\/span><\/p>\n<p><b><span data-contrast=\"auto\">I advise students...<\/span><\/b><span data-ccp-props=\"{&quot;201341983&quot;:0,&quot;335559739&quot;:160,&quot;335559740&quot;:259}\">\u00a0<\/span><\/p>\n<p><span data-contrast=\"auto\">\u2026sich das theoretisch Erlernte in der praktischen Anwendung vorzustellen und soweit als m\u00f6glich Berufspraxis zu sammeln. Zudem sollte man die Chance nutzen und sich ein starkes Netzwerk aufbauen. Aus meiner Sicht kann man nicht erfolgreich sein, ohne ein Netzwerk von Verb\u00fcndeten. <\/span><span data-ccp-props=\"{&quot;201341983&quot;:0,&quot;335559739&quot;:160,&quot;335559740&quot;:259}\">\u00a0<\/span><\/p>\n<p><span data-ccp-props=\"{&quot;201341983&quot;:0,&quot;335559739&quot;:160,&quot;335559740&quot;:259}\">\u00a0<\/span><\/p>\n<p><b><span data-contrast=\"auto\">Was zeichnet f\u00fcr dich eine gute Ausbildung von Expert*innen im Bereich Marketing &amp; Sales aus, die international t\u00e4tig sein wollen?<\/span><\/b><span data-ccp-props=\"{&quot;201341983&quot;:0,&quot;335559739&quot;:160,&quot;335559740&quot;:259}\">\u00a0<\/span><\/p>\n<p><span data-contrast=\"auto\">Um international erfolgreich zu sein, ist es essenziell, sein Gegen\u00fcber richtig einzusch\u00e4tzen, zu verstehen und sich auf diese Person einzulassen. Au\u00dferdem ist es au\u00dferordentlich wichtig, \u201cthe way of doing business\u201d, also den Markt, zu verstehen, und dessen Bedeutung nicht zu untersch\u00e4tzen, was meiner Erfahrung nach oft bei internationalen Konzernen passiert und somit den Erfolg im Ausland verhindert. Dabei f\u00e4llt mir ein \u201cThink global &#8211; act local!\u201d<\/span><span data-ccp-props=\"{&quot;201341983&quot;:0,&quot;335559739&quot;:160,&quot;335559740&quot;:259}\"> \ud83d\ude42<\/span><\/p>\n<p>&nbsp;<\/p>\n<p><b><span data-contrast=\"auto\">Auf ein paar Worte mit Carina Kaufmann-Fernandez<\/span><\/b><span data-ccp-props=\"{&quot;201341983&quot;:0,&quot;335559739&quot;:160,&quot;335559740&quot;:259}\">\u00a0<\/span><\/p>\n<p><span data-contrast=\"auto\">I still have from my time at university...<\/span><\/p>\n<ul>\n<li data-leveltext=\"\uf0b7\" data-font=\"Symbol\" data-listid=\"4\" data-list-defn-props=\"{&quot;335552541&quot;:1,&quot;335559684&quot;:-2,&quot;335559685&quot;:720,&quot;335559991&quot;:360,&quot;469769226&quot;:&quot;Symbol&quot;,&quot;469769242&quot;:[8226],&quot;469777803&quot;:&quot;left&quot;,&quot;469777804&quot;:&quot;\uf0b7&quot;,&quot;469777815&quot;:&quot;hybridMultilevel&quot;}\" data-aria-posinset=\"1\" data-aria-level=\"1\"><em>alle meine Unterlagen und B\u00fccher\u00a0<\/em><\/li>\n<\/ul>\n<p><span data-contrast=\"auto\">Who has inspired you?<\/span><span data-ccp-props=\"{&quot;201341983&quot;:0,&quot;335559739&quot;:0,&quot;335559740&quot;:276}\">\u00a0<\/span><\/p>\n<ul>\n<li data-leveltext=\"\uf0b7\" data-font=\"Symbol\" data-listid=\"3\" data-list-defn-props=\"{&quot;335552541&quot;:1,&quot;335559684&quot;:-2,&quot;335559685&quot;:720,&quot;335559991&quot;:360,&quot;469769226&quot;:&quot;Symbol&quot;,&quot;469769242&quot;:[8226],&quot;469777803&quot;:&quot;left&quot;,&quot;469777804&quot;:&quot;\uf0b7&quot;,&quot;469777815&quot;:&quot;hybridMultilevel&quot;}\" data-aria-posinset=\"1\" data-aria-level=\"1\"><em>Ich lasse mich von Menschen inspirieren, die ihre Ziele verfolgen und t\u00e4glich das Beste geben. Es geht dabei nicht um Ber\u00fchmtheiten. Menschen treten einfach zum richtigen Zeitpunkt in mein Leben. Ich lasse mich von ihren Ansichten, Lebenserfahrungen und -weisen inspirieren, besonders spannend finde ich es, wenn diese kontr\u00e4r zu meinen sind. \u00a0<\/em><\/li>\n<\/ul>\n<p><span data-contrast=\"auto\">If I were to study again, I would...<\/span><span data-ccp-props=\"{&quot;201341983&quot;:0,&quot;335559739&quot;:0,&quot;335559740&quot;:276}\">\u00a0<\/span><\/p>\n<ul>\n<li data-leveltext=\"\uf0b7\" data-font=\"Symbol\" data-listid=\"3\" data-list-defn-props=\"{&quot;335552541&quot;:1,&quot;335559684&quot;:-2,&quot;335559685&quot;:720,&quot;335559991&quot;:360,&quot;469769226&quot;:&quot;Symbol&quot;,&quot;469769242&quot;:[8226],&quot;469777803&quot;:&quot;left&quot;,&quot;469777804&quot;:&quot;\uf0b7&quot;,&quot;469777815&quot;:&quot;hybridMultilevel&quot;}\" data-aria-posinset=\"2\" data-aria-level=\"1\"><em>etwas \u201clockerer\u201d an die Sache herangehen und mindestens noch eine zus\u00e4tzliche Fremdsprache lernen.\u00a0<\/em><\/li>\n<\/ul>\n<p><span data-contrast=\"auto\">My studies in 4 words:<\/span><span data-ccp-props=\"{&quot;201341983&quot;:0,&quot;335559739&quot;:0,&quot;335559740&quot;:276}\">\u00a0<\/span><\/p>\n<ul>\n<li data-leveltext=\"\uf0b7\" data-font=\"Symbol\" data-listid=\"3\" data-list-defn-props=\"{&quot;335552541&quot;:1,&quot;335559684&quot;:-2,&quot;335559685&quot;:720,&quot;335559991&quot;:360,&quot;469769226&quot;:&quot;Symbol&quot;,&quot;469769242&quot;:[8226],&quot;469777803&quot;:&quot;left&quot;,&quot;469777804&quot;:&quot;\uf0b7&quot;,&quot;469777815&quot;:&quot;hybridMultilevel&quot;}\" data-aria-posinset=\"3\" data-aria-level=\"1\"><em>intensive Lernn\u00e4chte &#8211; <\/em><em>Freunde f\u00fcrs Leben &#8211; a<\/em><em>nspruchsvoll &#8211; i<\/em><em>nspirierend\u00a0<\/em><\/li>\n<\/ul>\n<div id='gallery-1' class='gallery galleryid-10425 gallery-columns-3 gallery-size-medium'><figure class='gallery-item'>\n\t\t\t<div class='gallery-icon landscape'>\n\t\t\t\t<a href='https:\/\/www.campus02.at\/marketing\/en\/image00007-2\/'><img fetchpriority=\"high\" decoding=\"async\" width=\"300\" height=\"200\" src=\"https:\/\/www.campus02.at\/marketing\/wp-content\/uploads\/sites\/7\/2022\/08\/image00007-1-300x200.jpg\" class=\"attachment-medium size-medium\" alt=\"Carina Kaufmann-Fernandez\" aria-describedby=\"gallery-1-10442\" srcset=\"https:\/\/www.campus02.at\/marketing\/wp-content\/uploads\/sites\/7\/2022\/08\/image00007-1-300x200.jpg 300w, https:\/\/www.campus02.at\/marketing\/wp-content\/uploads\/sites\/7\/2022\/08\/image00007-1-1024x683.jpg 1024w, https:\/\/www.campus02.at\/marketing\/wp-content\/uploads\/sites\/7\/2022\/08\/image00007-1-768x512.jpg 768w, https:\/\/www.campus02.at\/marketing\/wp-content\/uploads\/sites\/7\/2022\/08\/image00007-1-1536x1024.jpg 1536w, https:\/\/www.campus02.at\/marketing\/wp-content\/uploads\/sites\/7\/2022\/08\/image00007-1-2048x1365.jpg 2048w, https:\/\/www.campus02.at\/marketing\/wp-content\/uploads\/sites\/7\/2022\/08\/image00007-1-1920x1280.jpg 1920w\" sizes=\"(max-width: 300px) 100vw, 300px\" \/><\/a>\n\t\t\t<\/div>\n\t\t\t\t<figcaption class='wp-caption-text gallery-caption' id='gallery-1-10442'>\n\t\t\t\t\u00a9 Privat\n\t\t\t\t<\/figcaption><\/figure><figure class='gallery-item'>\n\t\t\t<div class='gallery-icon landscape'>\n\t\t\t\t<a href='https:\/\/www.campus02.at\/marketing\/en\/image00008-2\/'><img decoding=\"async\" width=\"300\" height=\"225\" src=\"https:\/\/www.campus02.at\/marketing\/wp-content\/uploads\/sites\/7\/2022\/08\/image00008-1-300x225.jpg\" class=\"attachment-medium size-medium\" alt=\"Carina Kaufmann-Fernandez\" aria-describedby=\"gallery-1-10441\" srcset=\"https:\/\/www.campus02.at\/marketing\/wp-content\/uploads\/sites\/7\/2022\/08\/image00008-1-300x225.jpg 300w, https:\/\/www.campus02.at\/marketing\/wp-content\/uploads\/sites\/7\/2022\/08\/image00008-1-1024x768.jpg 1024w, https:\/\/www.campus02.at\/marketing\/wp-content\/uploads\/sites\/7\/2022\/08\/image00008-1-768x576.jpg 768w, https:\/\/www.campus02.at\/marketing\/wp-content\/uploads\/sites\/7\/2022\/08\/image00008-1-1536x1152.jpg 1536w, https:\/\/www.campus02.at\/marketing\/wp-content\/uploads\/sites\/7\/2022\/08\/image00008-1-2048x1536.jpg 2048w, https:\/\/www.campus02.at\/marketing\/wp-content\/uploads\/sites\/7\/2022\/08\/image00008-1-1920x1440.jpg 1920w\" sizes=\"(max-width: 300px) 100vw, 300px\" \/><\/a>\n\t\t\t<\/div>\n\t\t\t\t<figcaption class='wp-caption-text gallery-caption' id='gallery-1-10441'>\n\t\t\t\t\u00a9 Privat\n\t\t\t\t<\/figcaption><\/figure><figure class='gallery-item'>\n\t\t\t<div class='gallery-icon landscape'>\n\t\t\t\t<a href='https:\/\/www.campus02.at\/marketing\/en\/image00004-2\/'><img decoding=\"async\" width=\"300\" height=\"206\" src=\"https:\/\/www.campus02.at\/marketing\/wp-content\/uploads\/sites\/7\/2022\/08\/image00004-1-300x206.jpg\" class=\"attachment-medium size-medium\" alt=\"Carina Kaufmann-Fernandez\" aria-describedby=\"gallery-1-10440\" srcset=\"https:\/\/www.campus02.at\/marketing\/wp-content\/uploads\/sites\/7\/2022\/08\/image00004-1-300x206.jpg 300w, https:\/\/www.campus02.at\/marketing\/wp-content\/uploads\/sites\/7\/2022\/08\/image00004-1-1024x704.jpg 1024w, https:\/\/www.campus02.at\/marketing\/wp-content\/uploads\/sites\/7\/2022\/08\/image00004-1-768x528.jpg 768w, https:\/\/www.campus02.at\/marketing\/wp-content\/uploads\/sites\/7\/2022\/08\/image00004-1-1536x1055.jpg 1536w, https:\/\/www.campus02.at\/marketing\/wp-content\/uploads\/sites\/7\/2022\/08\/image00004-1-1920x1319.jpg 1920w, https:\/\/www.campus02.at\/marketing\/wp-content\/uploads\/sites\/7\/2022\/08\/image00004-1.jpg 2048w\" sizes=\"(max-width: 300px) 100vw, 300px\" \/><\/a>\n\t\t\t<\/div>\n\t\t\t\t<figcaption class='wp-caption-text gallery-caption' id='gallery-1-10440'>\n\t\t\t\t\u00a9 Privat\n\t\t\t\t<\/figcaption><\/figure><figure class='gallery-item'>\n\t\t\t<div class='gallery-icon landscape'>\n\t\t\t\t<a href='https:\/\/www.campus02.at\/marketing\/en\/image00002-2\/'><img loading=\"lazy\" decoding=\"async\" width=\"300\" height=\"225\" src=\"https:\/\/www.campus02.at\/marketing\/wp-content\/uploads\/sites\/7\/2022\/08\/image00002-1-300x225.jpg\" class=\"attachment-medium size-medium\" alt=\"Carina Kaufmann-Fernandez\" aria-describedby=\"gallery-1-10438\" srcset=\"https:\/\/www.campus02.at\/marketing\/wp-content\/uploads\/sites\/7\/2022\/08\/image00002-1-300x225.jpg 300w, https:\/\/www.campus02.at\/marketing\/wp-content\/uploads\/sites\/7\/2022\/08\/image00002-1-1024x768.jpg 1024w, https:\/\/www.campus02.at\/marketing\/wp-content\/uploads\/sites\/7\/2022\/08\/image00002-1-768x576.jpg 768w, https:\/\/www.campus02.at\/marketing\/wp-content\/uploads\/sites\/7\/2022\/08\/image00002-1-1536x1152.jpg 1536w, https:\/\/www.campus02.at\/marketing\/wp-content\/uploads\/sites\/7\/2022\/08\/image00002-1-2048x1536.jpg 2048w, https:\/\/www.campus02.at\/marketing\/wp-content\/uploads\/sites\/7\/2022\/08\/image00002-1-1920x1440.jpg 1920w\" sizes=\"(max-width: 300px) 100vw, 300px\" \/><\/a>\n\t\t\t<\/div>\n\t\t\t\t<figcaption class='wp-caption-text gallery-caption' id='gallery-1-10438'>\n\t\t\t\t\u00a9 Privat\n\t\t\t\t<\/figcaption><\/figure><figure class='gallery-item'>\n\t\t\t<div class='gallery-icon portrait'>\n\t\t\t\t<a href='https:\/\/www.campus02.at\/marketing\/en\/news\/absolventin-des-monats-august_2022\/image00020\/'><img loading=\"lazy\" decoding=\"async\" width=\"225\" height=\"300\" src=\"https:\/\/www.campus02.at\/marketing\/wp-content\/uploads\/sites\/7\/2022\/08\/image00020-225x300.jpg\" class=\"attachment-medium size-medium\" alt=\"Carina Kaufmann-Fernandez\" aria-describedby=\"gallery-1-10434\" srcset=\"https:\/\/www.campus02.at\/marketing\/wp-content\/uploads\/sites\/7\/2022\/08\/image00020-225x300.jpg 225w, https:\/\/www.campus02.at\/marketing\/wp-content\/uploads\/sites\/7\/2022\/08\/image00020-768x1024.jpg 768w, https:\/\/www.campus02.at\/marketing\/wp-content\/uploads\/sites\/7\/2022\/08\/image00020-1152x1536.jpg 1152w, https:\/\/www.campus02.at\/marketing\/wp-content\/uploads\/sites\/7\/2022\/08\/image00020-1536x2048.jpg 1536w, https:\/\/www.campus02.at\/marketing\/wp-content\/uploads\/sites\/7\/2022\/08\/image00020-scaled.jpg 1920w\" sizes=\"(max-width: 225px) 100vw, 225px\" \/><\/a>\n\t\t\t<\/div>\n\t\t\t\t<figcaption class='wp-caption-text gallery-caption' id='gallery-1-10434'>\n\t\t\t\t\u00a9 Privat\n\t\t\t\t<\/figcaption><\/figure>\n\t\t<\/div>\n\n<p>&nbsp;<\/p>\n<p><a href=\"https:\/\/www.campus02.at\/marketing\/wp-content\/uploads\/sites\/7\/2022\/08\/image00007.jpg\">\u00a0 \u00a0 \u00a0 \u00a0 \u00a0 \u00a0 \u00a0 \u00a0 \u00a0 \u00a0 \u00a0 \u00a0 \u00a0 \u00a0 \u00a0 \u00a0 \u00a0 \u00a0 \u00a0 \u00a0 \u00a0 \u00a0 \u00a0 \u00a0\u00a0<\/a><\/p>","protected":false},"excerpt":{"rendered":"<p>Dieses Monat interviewten wir Carina Kaufmann-Fernandez im Rahmen unseres \u201eAbsolvent*in des Monats\u201c Formats. Dabei gibt sie <a href=\"https:\/\/www.campus02.at\/marketing\/en\/news\/absolventin-des-monats-august_2022\/\" class=\"more-link\">more&hellip;<\/a><\/p>","protected":false},"author":156,"featured_media":10426,"parent":0,"template":"","coauthors":[78],"class_list":["post-10425","campus_news","type-campus_news","status-publish","has-post-thumbnail","hentry"],"acf":[],"yoast_head":"<!-- This site is optimized with the Yoast SEO plugin v26.9 - https:\/\/yoast.com\/product\/yoast-seo-wordpress\/ -->\n<title>Marketing &amp; Sales: Absolventin des Monats August 2022 I FH CAMPUS 02<\/title>\n<meta name=\"description\" content=\"Alumni im Portr\u00e4t: Welche Karrieren schlagen Absolvent*innen des Departments Marketing &amp; Sales ein? Im Interview - Carina Kaufmann-Fernandez.\" \/>\n<meta name=\"robots\" content=\"index, follow, max-snippet:-1, max-image-preview:large, max-video-preview:-1\" \/>\n<link rel=\"canonical\" href=\"https:\/\/www.campus02.at\/marketing\/en\/news\/absolventin-des-monats-august_2022\/\" \/>\n<meta property=\"og:locale\" content=\"en_GB\" \/>\n<meta property=\"og:type\" content=\"article\" \/>\n<meta property=\"og:title\" content=\"Carina Kaufmann-Fernandez - Absolventin des Monats\" \/>\n<meta property=\"og:description\" content=\"Alumni im Portr\u00e4t: Welche Karrieren schlagen Absolvent*innen des Departments Marketing &amp; Sales ein? Im Interview - Carina Kaufmann-Fernandez.\" \/>\n<meta property=\"og:url\" content=\"https:\/\/www.campus02.at\/marketing\/en\/news\/absolventin-des-monats-august_2022\/\" \/>\n<meta property=\"og:site_name\" content=\"FH CAMPUS 02 - Marketing &amp; Sales\" \/>\n<meta property=\"article:modified_time\" content=\"2023-03-27T11:59:23+00:00\" \/>\n<meta property=\"og:image\" content=\"https:\/\/www.campus02.at\/marketing\/wp-content\/uploads\/sites\/7\/2022\/08\/MS_220816_Alumni-Carina_Kaufmann-Fernandez_Blog-1.png\" \/>\n\t<meta property=\"og:image:width\" content=\"1024\" \/>\n\t<meta property=\"og:image:height\" content=\"341\" \/>\n\t<meta property=\"og:image:type\" content=\"image\/png\" \/>\n<meta name=\"twitter:card\" content=\"summary_large_image\" \/>\n<meta name=\"twitter:title\" content=\"Absolventin des Monats August: Carina Kaufmann-Fernandez\" \/>\n<meta name=\"twitter:description\" content=\"Absolventin des Monats August: Carina Kaufmann-Fernandez gibt uns Einblicke in ihren beruflichen Werdegang nach dem Studium.\" \/>\n<meta name=\"twitter:image\" content=\"https:\/\/www.campus02.at\/marketing\/wp-content\/uploads\/sites\/7\/2022\/08\/MS_220816_Alumni-Carina-Kaufmann-Fernandez.png\" \/>\n<script type=\"application\/ld+json\" class=\"yoast-schema-graph\">{\"@context\":\"https:\/\/schema.org\",\"@graph\":[{\"@type\":\"WebPage\",\"@id\":\"https:\/\/www.campus02.at\/marketing\/news\/absolventin-des-monats-august_2022\/\",\"url\":\"https:\/\/www.campus02.at\/marketing\/news\/absolventin-des-monats-august_2022\/\",\"name\":\"Marketing & Sales: Absolventin des Monats August 2022 I FH CAMPUS 02\",\"isPartOf\":{\"@id\":\"https:\/\/www.campus02.at\/marketing\/#website\"},\"primaryImageOfPage\":{\"@id\":\"https:\/\/www.campus02.at\/marketing\/news\/absolventin-des-monats-august_2022\/#primaryimage\"},\"image\":{\"@id\":\"https:\/\/www.campus02.at\/marketing\/news\/absolventin-des-monats-august_2022\/#primaryimage\"},\"thumbnailUrl\":\"https:\/\/www.campus02.at\/marketing\/wp-content\/uploads\/sites\/7\/2022\/08\/MS_220816_Alumni-Carina_Kaufmann-Fernandez_Blog.png\",\"datePublished\":\"2022-08-16T07:10:59+00:00\",\"dateModified\":\"2023-03-27T11:59:23+00:00\",\"description\":\"Alumni im Portr\u00e4t: Welche Karrieren schlagen Absolvent*innen des Departments Marketing & Sales ein? Im Interview - Carina Kaufmann-Fernandez.\",\"breadcrumb\":{\"@id\":\"https:\/\/www.campus02.at\/marketing\/news\/absolventin-des-monats-august_2022\/#breadcrumb\"},\"inLanguage\":\"en-GB\",\"potentialAction\":[{\"@type\":\"ReadAction\",\"target\":[\"https:\/\/www.campus02.at\/marketing\/news\/absolventin-des-monats-august_2022\/\"]}]},{\"@type\":\"ImageObject\",\"inLanguage\":\"en-GB\",\"@id\":\"https:\/\/www.campus02.at\/marketing\/news\/absolventin-des-monats-august_2022\/#primaryimage\",\"url\":\"https:\/\/www.campus02.at\/marketing\/wp-content\/uploads\/sites\/7\/2022\/08\/MS_220816_Alumni-Carina_Kaufmann-Fernandez_Blog.png\",\"contentUrl\":\"https:\/\/www.campus02.at\/marketing\/wp-content\/uploads\/sites\/7\/2022\/08\/MS_220816_Alumni-Carina_Kaufmann-Fernandez_Blog.png\",\"width\":1024,\"height\":341,\"caption\":\"\u00a9Privat\"},{\"@type\":\"BreadcrumbList\",\"@id\":\"https:\/\/www.campus02.at\/marketing\/news\/absolventin-des-monats-august_2022\/#breadcrumb\",\"itemListElement\":[{\"@type\":\"ListItem\",\"position\":1,\"name\":\"Startseite\",\"item\":\"https:\/\/www.campus02.at\/marketing\/\"},{\"@type\":\"ListItem\",\"position\":2,\"name\":\"Marketing &amp; Sales: Unsere Absolventin des Monats August 2022\"}]},{\"@type\":\"WebSite\",\"@id\":\"https:\/\/www.campus02.at\/marketing\/#website\",\"url\":\"https:\/\/www.campus02.at\/marketing\/\",\"name\":\"FH CAMPUS 02 - Marketing &amp; Sales\",\"description\":\"\",\"potentialAction\":[{\"@type\":\"SearchAction\",\"target\":{\"@type\":\"EntryPoint\",\"urlTemplate\":\"https:\/\/www.campus02.at\/marketing\/?s={search_term_string}\"},\"query-input\":{\"@type\":\"PropertyValueSpecification\",\"valueRequired\":true,\"valueName\":\"search_term_string\"}}],\"inLanguage\":\"en-GB\"}]}<\/script>\n<!-- \/ Yoast SEO plugin. -->","yoast_head_json":{"title":"Marketing & Sales: Absolventin des Monats August 2022 I FH CAMPUS 02","description":"Alumni im Portr\u00e4t: Welche Karrieren schlagen Absolvent*innen des Departments Marketing & Sales ein? Im Interview - Carina Kaufmann-Fernandez.","robots":{"index":"index","follow":"follow","max-snippet":"max-snippet:-1","max-image-preview":"max-image-preview:large","max-video-preview":"max-video-preview:-1"},"canonical":"https:\/\/www.campus02.at\/marketing\/en\/news\/absolventin-des-monats-august_2022\/","og_locale":"en_GB","og_type":"article","og_title":"Carina Kaufmann-Fernandez - Absolventin des Monats","og_description":"Alumni im Portr\u00e4t: Welche Karrieren schlagen Absolvent*innen des Departments Marketing & Sales ein? Im Interview - Carina Kaufmann-Fernandez.","og_url":"https:\/\/www.campus02.at\/marketing\/en\/news\/absolventin-des-monats-august_2022\/","og_site_name":"FH CAMPUS 02 - Marketing &amp; Sales","article_modified_time":"2023-03-27T11:59:23+00:00","og_image":[{"width":1024,"height":341,"url":"https:\/\/www.campus02.at\/marketing\/wp-content\/uploads\/sites\/7\/2022\/08\/MS_220816_Alumni-Carina_Kaufmann-Fernandez_Blog-1.png","type":"image\/png"}],"twitter_card":"summary_large_image","twitter_title":"Absolventin des Monats August: Carina Kaufmann-Fernandez","twitter_description":"Absolventin des Monats August: Carina Kaufmann-Fernandez gibt uns Einblicke in ihren beruflichen Werdegang nach dem Studium.","twitter_image":"https:\/\/www.campus02.at\/marketing\/wp-content\/uploads\/sites\/7\/2022\/08\/MS_220816_Alumni-Carina-Kaufmann-Fernandez.png","schema":{"@context":"https:\/\/schema.org","@graph":[{"@type":"WebPage","@id":"https:\/\/www.campus02.at\/marketing\/news\/absolventin-des-monats-august_2022\/","url":"https:\/\/www.campus02.at\/marketing\/news\/absolventin-des-monats-august_2022\/","name":"Marketing & Sales: Absolventin des Monats August 2022 I FH CAMPUS 02","isPartOf":{"@id":"https:\/\/www.campus02.at\/marketing\/#website"},"primaryImageOfPage":{"@id":"https:\/\/www.campus02.at\/marketing\/news\/absolventin-des-monats-august_2022\/#primaryimage"},"image":{"@id":"https:\/\/www.campus02.at\/marketing\/news\/absolventin-des-monats-august_2022\/#primaryimage"},"thumbnailUrl":"https:\/\/www.campus02.at\/marketing\/wp-content\/uploads\/sites\/7\/2022\/08\/MS_220816_Alumni-Carina_Kaufmann-Fernandez_Blog.png","datePublished":"2022-08-16T07:10:59+00:00","dateModified":"2023-03-27T11:59:23+00:00","description":"Alumni im Portr\u00e4t: Welche Karrieren schlagen Absolvent*innen des Departments Marketing & Sales ein? Im Interview - Carina Kaufmann-Fernandez.","breadcrumb":{"@id":"https:\/\/www.campus02.at\/marketing\/news\/absolventin-des-monats-august_2022\/#breadcrumb"},"inLanguage":"en-GB","potentialAction":[{"@type":"ReadAction","target":["https:\/\/www.campus02.at\/marketing\/news\/absolventin-des-monats-august_2022\/"]}]},{"@type":"ImageObject","inLanguage":"en-GB","@id":"https:\/\/www.campus02.at\/marketing\/news\/absolventin-des-monats-august_2022\/#primaryimage","url":"https:\/\/www.campus02.at\/marketing\/wp-content\/uploads\/sites\/7\/2022\/08\/MS_220816_Alumni-Carina_Kaufmann-Fernandez_Blog.png","contentUrl":"https:\/\/www.campus02.at\/marketing\/wp-content\/uploads\/sites\/7\/2022\/08\/MS_220816_Alumni-Carina_Kaufmann-Fernandez_Blog.png","width":1024,"height":341,"caption":"\u00a9Privat"},{"@type":"BreadcrumbList","@id":"https:\/\/www.campus02.at\/marketing\/news\/absolventin-des-monats-august_2022\/#breadcrumb","itemListElement":[{"@type":"ListItem","position":1,"name":"Startseite","item":"https:\/\/www.campus02.at\/marketing\/"},{"@type":"ListItem","position":2,"name":"Marketing &amp; Sales: Unsere Absolventin des Monats August 2022"}]},{"@type":"WebSite","@id":"https:\/\/www.campus02.at\/marketing\/#website","url":"https:\/\/www.campus02.at\/marketing\/","name":"FH CAMPUS 02 - Marketing &amp; Sales","description":"","potentialAction":[{"@type":"SearchAction","target":{"@type":"EntryPoint","urlTemplate":"https:\/\/www.campus02.at\/marketing\/?s={search_term_string}"},"query-input":{"@type":"PropertyValueSpecification","valueRequired":true,"valueName":"search_term_string"}}],"inLanguage":"en-GB"}]}},"_links":{"self":[{"href":"https:\/\/www.campus02.at\/marketing\/en\/wp-json\/wp\/v2\/campus_news\/10425","targetHints":{"allow":["GET"]}}],"collection":[{"href":"https:\/\/www.campus02.at\/marketing\/en\/wp-json\/wp\/v2\/campus_news"}],"about":[{"href":"https:\/\/www.campus02.at\/marketing\/en\/wp-json\/wp\/v2\/types\/campus_news"}],"author":[{"embeddable":true,"href":"https:\/\/www.campus02.at\/marketing\/en\/wp-json\/wp\/v2\/users\/156"}],"version-history":[{"count":7,"href":"https:\/\/www.campus02.at\/marketing\/en\/wp-json\/wp\/v2\/campus_news\/10425\/revisions"}],"predecessor-version":[{"id":127971,"href":"https:\/\/www.campus02.at\/marketing\/en\/wp-json\/wp\/v2\/campus_news\/10425\/revisions\/127971"}],"wp:featuredmedia":[{"embeddable":true,"href":"https:\/\/www.campus02.at\/marketing\/en\/wp-json\/wp\/v2\/media\/10426"}],"wp:attachment":[{"href":"https:\/\/www.campus02.at\/marketing\/en\/wp-json\/wp\/v2\/media?parent=10425"}],"wp:term":[{"taxonomy":"author","embeddable":true,"href":"https:\/\/www.campus02.at\/marketing\/en\/wp-json\/wp\/v2\/coauthors?post=10425"}],"curies":[{"name":"wp","href":"https:\/\/api.w.org\/{rel}","templated":true}]}}