{"id":96578,"date":"2017-04-07T15:23:57","date_gmt":"2017-04-07T13:23:57","guid":{"rendered":"https:\/\/www.campus02.at\/?post_type=campus_news&#038;p=96578"},"modified":"2017-05-17T15:20:58","modified_gmt":"2017-05-17T13:20:58","slug":"verleihung-des-ersten-lehrpreis-an-der-fh-campus-02-exzellent-gelehrt-frau-archan","status":"publish","type":"campus_news","link":"https:\/\/www.campus02.at\/en\/news\/verleihung-des-ersten-lehrpreis-an-der-fh-campus-02-exzellent-gelehrt-frau-archan\/","title":{"rendered":"Verleihung des ersten Lehrpreises an der FH CAMPUS 02: Exzellent gelehrt, Frau Archan!"},"content":{"rendered":"<p>Im Rahmen der 20-Jahr-Feier wurde auch die Preistr\u00e4gerin des ersten Lehrpreises der FH\u00a0CAMPUS\u00a002 geehrt. Ziel des Lehrpreises ist es, gute Lehrleistung sichtbar zu machen und zu honorieren. Insgesamt wurden 7 Lehrveranstaltungen aus 5 verschiedenen Studienrichtungen nominiert und von der Jury \u2013 unterst\u00fctzt vom externen Experten Herrn Dr. Michael Kopp (Leiter der Akademie f\u00fcr neuen Medien und Wissenstransfer der Karl Franzens Universit\u00e4t Graz) \u2013 bewertet. Frau MMag. Dagmar Archan wurde f\u00fcr ihr hervorragendes Blended-Learning-Konzept im Bereich \u201eTechnical English\u201c ausgezeichnet. Das Konzept, das viele Anregungen enth\u00e4lt, wie man moderne Technologien sinnvoll in der Lehre einsetzen kann, ist <a href=\"https:\/\/www.campus02.at\/en\/lehrpreis2016\/\"><!-- not translated -->\u00a0<\/a>abrufbar.<\/p>\n<p>Wir bedanken uns bei all jenen Personen, die Lehrende f\u00fcr den Lehrpreis vorgeschlagen haben. Ganz besonders bedanken wir uns bei den Studierendenteams, die Lehrende nominiert haben.<\/p>","protected":false},"excerpt":{"rendered":"<p>Im Rahmen der 20-Jahr-Feier wurde auch die Preistr\u00e4gerin des ersten Lehrpreises der FH\u00a0CAMPUS\u00a002 geehrt. Ziel des Lehrpreises <a href=\"https:\/\/www.campus02.at\/en\/news\/verleihung-des-ersten-lehrpreis-an-der-fh-campus-02-exzellent-gelehrt-frau-archan\/\" class=\"more-link\">more&hellip;<\/a><\/p>","protected":false},"author":135,"featured_media":96579,"parent":0,"template":"","coauthors":[83],"class_list":["post-96578","campus_news","type-campus_news","status-publish","has-post-thumbnail","hentry"],"acf":[],"yoast_head":"<!-- This site is optimized with the Yoast SEO plugin v26.9 - https:\/\/yoast.com\/product\/yoast-seo-wordpress\/ -->\n<title>Verleihung des ersten Lehrpreises an der FH CAMPUS 02: Exzellent gelehrt, Frau Archan! - FH CAMPUS 02<\/title>\n<meta name=\"robots\" content=\"index, follow, max-snippet:-1, max-image-preview:large, max-video-preview:-1\" \/>\n<link rel=\"canonical\" href=\"https:\/\/www.campus02.at\/en\/news\/verleihung-des-ersten-lehrpreis-an-der-fh-campus-02-exzellent-gelehrt-frau-archan\/\" \/>\n<meta property=\"og:locale\" content=\"en_GB\" \/>\n<meta property=\"og:type\" content=\"article\" \/>\n<meta property=\"og:title\" content=\"Verleihung des ersten Lehrpreises an der FH CAMPUS 02: Exzellent gelehrt, Frau Archan! - FH CAMPUS 02\" \/>\n<meta property=\"og:description\" content=\"Im Rahmen der 20-Jahr-Feier wurde auch die Preistr\u00e4gerin des ersten Lehrpreises der FH\u00a0CAMPUS\u00a002 geehrt. Ziel des Lehrpreises more&hellip;\" \/>\n<meta property=\"og:url\" content=\"https:\/\/www.campus02.at\/en\/news\/verleihung-des-ersten-lehrpreis-an-der-fh-campus-02-exzellent-gelehrt-frau-archan\/\" \/>\n<meta property=\"og:site_name\" content=\"FH CAMPUS 02\" \/>\n<meta property=\"article:modified_time\" content=\"2017-05-17T13:20:58+00:00\" \/>\n<meta property=\"og:image\" content=\"https:\/\/www.campus02.at\/wp-content\/uploads\/2017\/04\/m161206p478-e1491571400918.jpg\" \/>\n\t<meta property=\"og:image:width\" content=\"5641\" \/>\n\t<meta property=\"og:image:height\" content=\"2143\" \/>\n\t<meta property=\"og:image:type\" content=\"image\/jpeg\" \/>\n<meta name=\"twitter:card\" content=\"summary_large_image\" \/>\n<meta name=\"twitter:label1\" content=\"Estimated reading time\" \/>\n\t<meta name=\"twitter:data1\" content=\"1 minute\" \/>\n<script type=\"application\/ld+json\" class=\"yoast-schema-graph\">{\"@context\":\"https:\/\/schema.org\",\"@graph\":[{\"@type\":\"WebPage\",\"@id\":\"https:\/\/www.campus02.at\/news\/verleihung-des-ersten-lehrpreis-an-der-fh-campus-02-exzellent-gelehrt-frau-archan\/\",\"url\":\"https:\/\/www.campus02.at\/news\/verleihung-des-ersten-lehrpreis-an-der-fh-campus-02-exzellent-gelehrt-frau-archan\/\",\"name\":\"Verleihung des ersten Lehrpreises an der FH CAMPUS 02: Exzellent gelehrt, Frau Archan! - FH CAMPUS 02\",\"isPartOf\":{\"@id\":\"https:\/\/www.campus02.at\/#website\"},\"primaryImageOfPage\":{\"@id\":\"https:\/\/www.campus02.at\/news\/verleihung-des-ersten-lehrpreis-an-der-fh-campus-02-exzellent-gelehrt-frau-archan\/#primaryimage\"},\"image\":{\"@id\":\"https:\/\/www.campus02.at\/news\/verleihung-des-ersten-lehrpreis-an-der-fh-campus-02-exzellent-gelehrt-frau-archan\/#primaryimage\"},\"thumbnailUrl\":\"https:\/\/www.campus02.at\/wp-content\/uploads\/2017\/04\/m161206p478-e1491571400918.jpg\",\"datePublished\":\"2017-04-07T13:23:57+00:00\",\"dateModified\":\"2017-05-17T13:20:58+00:00\",\"breadcrumb\":{\"@id\":\"https:\/\/www.campus02.at\/news\/verleihung-des-ersten-lehrpreis-an-der-fh-campus-02-exzellent-gelehrt-frau-archan\/#breadcrumb\"},\"inLanguage\":\"en-GB\",\"potentialAction\":[{\"@type\":\"ReadAction\",\"target\":[\"https:\/\/www.campus02.at\/news\/verleihung-des-ersten-lehrpreis-an-der-fh-campus-02-exzellent-gelehrt-frau-archan\/\"]}]},{\"@type\":\"ImageObject\",\"inLanguage\":\"en-GB\",\"@id\":\"https:\/\/www.campus02.at\/news\/verleihung-des-ersten-lehrpreis-an-der-fh-campus-02-exzellent-gelehrt-frau-archan\/#primaryimage\",\"url\":\"https:\/\/www.campus02.at\/wp-content\/uploads\/2017\/04\/m161206p478-e1491571400918.jpg\",\"contentUrl\":\"https:\/\/www.campus02.at\/wp-content\/uploads\/2017\/04\/m161206p478-e1491571400918.jpg\",\"width\":5641,\"height\":2143,\"caption\":\"\u00a9 FH CAMPUS 02 \/ Foto Melbinger\"},{\"@type\":\"BreadcrumbList\",\"@id\":\"https:\/\/www.campus02.at\/news\/verleihung-des-ersten-lehrpreis-an-der-fh-campus-02-exzellent-gelehrt-frau-archan\/#breadcrumb\",\"itemListElement\":[{\"@type\":\"ListItem\",\"position\":1,\"name\":\"Startseite\",\"item\":\"https:\/\/www.campus02.at\/\"},{\"@type\":\"ListItem\",\"position\":2,\"name\":\"Verleihung des ersten Lehrpreises an der FH CAMPUS 02: Exzellent gelehrt, Frau Archan!\"}]},{\"@type\":\"WebSite\",\"@id\":\"https:\/\/www.campus02.at\/#website\",\"url\":\"https:\/\/www.campus02.at\/\",\"name\":\"FH CAMPUS 02\",\"description\":\"\",\"publisher\":{\"@id\":\"https:\/\/www.campus02.at\/#organization\"},\"potentialAction\":[{\"@type\":\"SearchAction\",\"target\":{\"@type\":\"EntryPoint\",\"urlTemplate\":\"https:\/\/www.campus02.at\/?s={search_term_string}\"},\"query-input\":{\"@type\":\"PropertyValueSpecification\",\"valueRequired\":true,\"valueName\":\"search_term_string\"}}],\"inLanguage\":\"en-GB\"},{\"@type\":\"Organization\",\"@id\":\"https:\/\/www.campus02.at\/#organization\",\"name\":\"FH CAMPUS 02\",\"url\":\"https:\/\/www.campus02.at\/\",\"logo\":{\"@type\":\"ImageObject\",\"inLanguage\":\"en-GB\",\"@id\":\"https:\/\/www.campus02.at\/#\/schema\/logo\/image\/\",\"url\":\"https:\/\/www.campus02.at\/wp-content\/uploads\/2016\/10\/Logo.jpg\",\"contentUrl\":\"https:\/\/www.campus02.at\/wp-content\/uploads\/2016\/10\/Logo.jpg\",\"width\":1108,\"height\":440,\"caption\":\"FH CAMPUS 02\"},\"image\":{\"@id\":\"https:\/\/www.campus02.at\/#\/schema\/logo\/image\/\"}}]}<\/script>\n<!-- \/ Yoast SEO plugin. -->","yoast_head_json":{"title":"Verleihung des ersten Lehrpreises an der FH CAMPUS 02: Exzellent gelehrt, Frau Archan! - FH CAMPUS 02","robots":{"index":"index","follow":"follow","max-snippet":"max-snippet:-1","max-image-preview":"max-image-preview:large","max-video-preview":"max-video-preview:-1"},"canonical":"https:\/\/www.campus02.at\/en\/news\/verleihung-des-ersten-lehrpreis-an-der-fh-campus-02-exzellent-gelehrt-frau-archan\/","og_locale":"en_GB","og_type":"article","og_title":"Verleihung des ersten Lehrpreises an der FH CAMPUS 02: Exzellent gelehrt, Frau Archan! - FH CAMPUS 02","og_description":"Im Rahmen der 20-Jahr-Feier wurde auch die Preistr\u00e4gerin des ersten Lehrpreises der FH\u00a0CAMPUS\u00a002 geehrt. Ziel des Lehrpreises more&hellip;","og_url":"https:\/\/www.campus02.at\/en\/news\/verleihung-des-ersten-lehrpreis-an-der-fh-campus-02-exzellent-gelehrt-frau-archan\/","og_site_name":"FH CAMPUS 02","article_modified_time":"2017-05-17T13:20:58+00:00","og_image":[{"width":5641,"height":2143,"url":"https:\/\/www.campus02.at\/wp-content\/uploads\/2017\/04\/m161206p478-e1491571400918.jpg","type":"image\/jpeg"}],"twitter_card":"summary_large_image","twitter_misc":{"Estimated reading time":"1 minute"},"schema":{"@context":"https:\/\/schema.org","@graph":[{"@type":"WebPage","@id":"https:\/\/www.campus02.at\/news\/verleihung-des-ersten-lehrpreis-an-der-fh-campus-02-exzellent-gelehrt-frau-archan\/","url":"https:\/\/www.campus02.at\/news\/verleihung-des-ersten-lehrpreis-an-der-fh-campus-02-exzellent-gelehrt-frau-archan\/","name":"Verleihung des ersten Lehrpreises an der FH CAMPUS 02: Exzellent gelehrt, Frau Archan! - FH CAMPUS 02","isPartOf":{"@id":"https:\/\/www.campus02.at\/#website"},"primaryImageOfPage":{"@id":"https:\/\/www.campus02.at\/news\/verleihung-des-ersten-lehrpreis-an-der-fh-campus-02-exzellent-gelehrt-frau-archan\/#primaryimage"},"image":{"@id":"https:\/\/www.campus02.at\/news\/verleihung-des-ersten-lehrpreis-an-der-fh-campus-02-exzellent-gelehrt-frau-archan\/#primaryimage"},"thumbnailUrl":"https:\/\/www.campus02.at\/wp-content\/uploads\/2017\/04\/m161206p478-e1491571400918.jpg","datePublished":"2017-04-07T13:23:57+00:00","dateModified":"2017-05-17T13:20:58+00:00","breadcrumb":{"@id":"https:\/\/www.campus02.at\/news\/verleihung-des-ersten-lehrpreis-an-der-fh-campus-02-exzellent-gelehrt-frau-archan\/#breadcrumb"},"inLanguage":"en-GB","potentialAction":[{"@type":"ReadAction","target":["https:\/\/www.campus02.at\/news\/verleihung-des-ersten-lehrpreis-an-der-fh-campus-02-exzellent-gelehrt-frau-archan\/"]}]},{"@type":"ImageObject","inLanguage":"en-GB","@id":"https:\/\/www.campus02.at\/news\/verleihung-des-ersten-lehrpreis-an-der-fh-campus-02-exzellent-gelehrt-frau-archan\/#primaryimage","url":"https:\/\/www.campus02.at\/wp-content\/uploads\/2017\/04\/m161206p478-e1491571400918.jpg","contentUrl":"https:\/\/www.campus02.at\/wp-content\/uploads\/2017\/04\/m161206p478-e1491571400918.jpg","width":5641,"height":2143,"caption":"\u00a9 FH CAMPUS 02 \/ Foto Melbinger"},{"@type":"BreadcrumbList","@id":"https:\/\/www.campus02.at\/news\/verleihung-des-ersten-lehrpreis-an-der-fh-campus-02-exzellent-gelehrt-frau-archan\/#breadcrumb","itemListElement":[{"@type":"ListItem","position":1,"name":"Startseite","item":"https:\/\/www.campus02.at\/"},{"@type":"ListItem","position":2,"name":"Verleihung des ersten Lehrpreises an der FH CAMPUS 02: Exzellent gelehrt, Frau Archan!"}]},{"@type":"WebSite","@id":"https:\/\/www.campus02.at\/#website","url":"https:\/\/www.campus02.at\/","name":"CAMPUS 02 UAS","description":"","publisher":{"@id":"https:\/\/www.campus02.at\/#organization"},"potentialAction":[{"@type":"SearchAction","target":{"@type":"EntryPoint","urlTemplate":"https:\/\/www.campus02.at\/?s={search_term_string}"},"query-input":{"@type":"PropertyValueSpecification","valueRequired":true,"valueName":"search_term_string"}}],"inLanguage":"en-GB"},{"@type":"Organization","@id":"https:\/\/www.campus02.at\/#organization","name":"CAMPUS 02 UAS","url":"https:\/\/www.campus02.at\/","logo":{"@type":"ImageObject","inLanguage":"en-GB","@id":"https:\/\/www.campus02.at\/#\/schema\/logo\/image\/","url":"https:\/\/www.campus02.at\/wp-content\/uploads\/2016\/10\/Logo.jpg","contentUrl":"https:\/\/www.campus02.at\/wp-content\/uploads\/2016\/10\/Logo.jpg","width":1108,"height":440,"caption":"FH CAMPUS 02"},"image":{"@id":"https:\/\/www.campus02.at\/#\/schema\/logo\/image\/"}}]}},"_links":{"self":[{"href":"https:\/\/www.campus02.at\/en\/wp-json\/wp\/v2\/campus_news\/96578","targetHints":{"allow":["GET"]}}],"collection":[{"href":"https:\/\/www.campus02.at\/en\/wp-json\/wp\/v2\/campus_news"}],"about":[{"href":"https:\/\/www.campus02.at\/en\/wp-json\/wp\/v2\/types\/campus_news"}],"author":[{"embeddable":true,"href":"https:\/\/www.campus02.at\/en\/wp-json\/wp\/v2\/users\/135"}],"version-history":[{"count":2,"href":"https:\/\/www.campus02.at\/en\/wp-json\/wp\/v2\/campus_news\/96578\/revisions"}],"predecessor-version":[{"id":97049,"href":"https:\/\/www.campus02.at\/en\/wp-json\/wp\/v2\/campus_news\/96578\/revisions\/97049"}],"wp:featuredmedia":[{"embeddable":true,"href":"https:\/\/www.campus02.at\/en\/wp-json\/wp\/v2\/media\/96579"}],"wp:attachment":[{"href":"https:\/\/www.campus02.at\/en\/wp-json\/wp\/v2\/media?parent=96578"}],"wp:term":[{"taxonomy":"author","embeddable":true,"href":"https:\/\/www.campus02.at\/en\/wp-json\/wp\/v2\/coauthors?post=96578"}],"curies":[{"name":"wp","href":"https:\/\/api.w.org\/{rel}","templated":true}]}}