{"id":159587,"date":"2025-08-18T14:02:03","date_gmt":"2025-08-18T12:02:03","guid":{"rendered":"https:\/\/www.campus02.at\/?post_type=campus_news&#038;p=159587"},"modified":"2025-08-18T14:02:04","modified_gmt":"2025-08-18T12:02:04","slug":"von-konfliktmanagement-bis-public-speaking-ein-internationales-training-in-porto","status":"publish","type":"campus_news","link":"https:\/\/www.campus02.at\/en\/news\/von-konfliktmanagement-bis-public-speaking-ein-internationales-training-in-porto\/","title":{"rendered":"Von Konfliktmanagement bis Public Speaking \u2013 Ein internationales Training in Porto"},"content":{"rendered":"<p>Vor einigen Wochen nahm Birte Sammtleben vom Department Innovationsmanagement an einem intensiven<strong> internationalen Workshop<\/strong> in Porto teil \u2013 und kam mit einem prall gef\u00fcllten Rucksack an Erfahrungen, neuen Kontakten und frischen Ideen zur\u00fcck.<\/p>\n<p>Der einw\u00f6chige Kurs brachte Teilnehmerinnen und Teilnehmer aus ganz Europa zusammen, um zentrale <strong>Soft Skills<\/strong> zu trainieren: von Teamarbeit in einem multikulturellen Umfeld \u00fcber Teamf\u00fchrung und Konfliktmanagement bis hin zu Public Speaking und Moderationstechniken. Besonders spannend waren die <strong>praxisorientierten Einheiten<\/strong>, in denen die Teilnehmenden nicht nur theoretisches Wissen erhielten, sondern dieses direkt in Gruppen\u00fcbungen und Simulationen anwenden konnten.<\/p>\n<p>&nbsp;<\/p>\n<figure id=\"attachment_159591\" aria-describedby=\"caption-attachment-159591\" style=\"width: 1024px\" class=\"wp-caption aligncenter\"><a href=\"https:\/\/www.campus02.at\/wp-content\/uploads\/2025\/08\/4.jpg\"><img fetchpriority=\"high\" decoding=\"async\" class=\"wp-image-159591 size-large\" src=\"https:\/\/www.campus02.at\/wp-content\/uploads\/2025\/08\/4-e1755516989432-1024x614.jpg\" alt=\"Workshop in Porto\" width=\"1024\" height=\"614\" srcset=\"https:\/\/www.campus02.at\/wp-content\/uploads\/2025\/08\/4-e1755516989432-1024x614.jpg 1024w, https:\/\/www.campus02.at\/wp-content\/uploads\/2025\/08\/4-e1755516989432-300x180.jpg 300w, https:\/\/www.campus02.at\/wp-content\/uploads\/2025\/08\/4-e1755516989432-768x461.jpg 768w, https:\/\/www.campus02.at\/wp-content\/uploads\/2025\/08\/4-e1755516989432-1536x922.jpg 1536w, https:\/\/www.campus02.at\/wp-content\/uploads\/2025\/08\/4-e1755516989432-18x12.jpg 18w, https:\/\/www.campus02.at\/wp-content\/uploads\/2025\/08\/4-e1755516989432.jpg 1600w\" sizes=\"(max-width: 1024px) 100vw, 1024px\" \/><\/a><figcaption id=\"caption-attachment-159591\" class=\"wp-caption-text\">Einblicke in den internationalen Workshop<\/figcaption><\/figure>\n<p>&nbsp;<\/p>\n<p>Neben der <strong>fachlichen Weiterbildung<\/strong> war der internationale Austausch ein Highlight: Birte konnte Best Practices aus unterschiedlichen Bildungssystemen kennenlernen und dabei auch ihre Englischkenntnisse vertiefen. Das Netzwerken kam dabei auch nicht zu kurz \u2013 die <strong>gekn\u00fcpften Kontakte<\/strong> zu Bildungsakteuren aus ganz Europa bieten wertvolle Ankn\u00fcpfungspunkte f\u00fcr zuk\u00fcnftige Kooperationen.<\/p>\n<p>Und weil zu einem erfolgreichen Workshop auch gemeinsame Erlebnisse geh\u00f6ren, wurde Porto in all seinen Facetten entdeckt: von gem\u00fctlichen Spazierg\u00e4ngen durch die malerischen Altstadtgassen \u00fcber das Eintauchen der F\u00fc\u00dfe in den k\u00fchlen Atlantik bis hin zum Probieren kulinarischer Highlights. Nat\u00fcrlich durfte dabei auch ein Glas des ber\u00fchmten Portweins nicht fehlen.<\/p>\n<p>&nbsp;<\/p>\n<figure id=\"attachment_159594\" aria-describedby=\"caption-attachment-159594\" style=\"width: 1024px\" class=\"wp-caption aligncenter\"><a href=\"https:\/\/www.campus02.at\/wp-content\/uploads\/2025\/08\/3.jpg\"><img decoding=\"async\" class=\"wp-image-159594 size-large\" src=\"https:\/\/www.campus02.at\/wp-content\/uploads\/2025\/08\/3-e1755517961992-1024x761.jpg\" alt=\"Teilnehmende in Porto\" width=\"1024\" height=\"761\" srcset=\"https:\/\/www.campus02.at\/wp-content\/uploads\/2025\/08\/3-e1755517961992-1024x761.jpg 1024w, https:\/\/www.campus02.at\/wp-content\/uploads\/2025\/08\/3-e1755517961992-300x223.jpg 300w, https:\/\/www.campus02.at\/wp-content\/uploads\/2025\/08\/3-e1755517961992-768x571.jpg 768w, https:\/\/www.campus02.at\/wp-content\/uploads\/2025\/08\/3-e1755517961992-16x12.jpg 16w, https:\/\/www.campus02.at\/wp-content\/uploads\/2025\/08\/3-e1755517961992.jpg 1536w\" sizes=\"(max-width: 1024px) 100vw, 1024px\" \/><\/a><figcaption id=\"caption-attachment-159594\" class=\"wp-caption-text\">Die Teilnehmenden erkundeten in ihrer Freizeit die Stadt Porto<\/figcaption><\/figure>\n<p>&nbsp;<\/p>\n<p><strong>Conclusion:<\/strong> Der Workshop in Porto war nicht nur eine Bereicherung f\u00fcr die pers\u00f6nliche und berufliche Entwicklung, sondern auch ein inspirierender Blick \u00fcber den eigenen Tellerrand hinaus \u2013 mit Erinnerungen, die noch lange nachwirken.<\/p>\n<p>&nbsp;<\/p>\n<figure id=\"attachment_159592\" aria-describedby=\"caption-attachment-159592\" style=\"width: 1024px\" class=\"wp-caption aligncenter\"><a href=\"https:\/\/www.campus02.at\/wp-content\/uploads\/2025\/08\/1-scaled.jpg\"><img decoding=\"async\" class=\"wp-image-159592 size-large\" src=\"https:\/\/www.campus02.at\/wp-content\/uploads\/2025\/08\/1-1024x768.jpg\" alt=\"Blick \u00fcber Porto\" width=\"1024\" height=\"768\" srcset=\"https:\/\/www.campus02.at\/wp-content\/uploads\/2025\/08\/1-1024x768.jpg 1024w, https:\/\/www.campus02.at\/wp-content\/uploads\/2025\/08\/1-300x225.jpg 300w, https:\/\/www.campus02.at\/wp-content\/uploads\/2025\/08\/1-768x576.jpg 768w, https:\/\/www.campus02.at\/wp-content\/uploads\/2025\/08\/1-1536x1152.jpg 1536w, https:\/\/www.campus02.at\/wp-content\/uploads\/2025\/08\/1-2048x1536.jpg 2048w, https:\/\/www.campus02.at\/wp-content\/uploads\/2025\/08\/1-16x12.jpg 16w, https:\/\/www.campus02.at\/wp-content\/uploads\/2025\/08\/1-1920x1440.jpg 1920w\" sizes=\"(max-width: 1024px) 100vw, 1024px\" \/><\/a><figcaption id=\"caption-attachment-159592\" class=\"wp-caption-text\"><a href=\"https:\/\/www.campus02.at\/wp-content\/uploads\/2025\/08\/2-scaled.jpg\"><img loading=\"lazy\" decoding=\"async\" class=\"aligncenter wp-image-159593 size-large\" src=\"https:\/\/www.campus02.at\/wp-content\/uploads\/2025\/08\/2-1024x768.jpg\" alt=\"Meer in Porto\" width=\"1024\" height=\"768\" srcset=\"https:\/\/www.campus02.at\/wp-content\/uploads\/2025\/08\/2-1024x768.jpg 1024w, https:\/\/www.campus02.at\/wp-content\/uploads\/2025\/08\/2-300x225.jpg 300w, https:\/\/www.campus02.at\/wp-content\/uploads\/2025\/08\/2-768x576.jpg 768w, https:\/\/www.campus02.at\/wp-content\/uploads\/2025\/08\/2-1536x1152.jpg 1536w, https:\/\/www.campus02.at\/wp-content\/uploads\/2025\/08\/2-2048x1536.jpg 2048w, https:\/\/www.campus02.at\/wp-content\/uploads\/2025\/08\/2-16x12.jpg 16w, https:\/\/www.campus02.at\/wp-content\/uploads\/2025\/08\/2-1920x1440.jpg 1920w\" sizes=\"(max-width: 1024px) 100vw, 1024px\" \/><\/a> Natur-Schnappsch\u00fcsse aus Portugal<\/figcaption><\/figure>","protected":false},"excerpt":{"rendered":"<p>Vor einigen Wochen nahm Birte Sammtleben vom Department Innovationsmanagement an einem intensiven internationalen Workshop in <a href=\"https:\/\/www.campus02.at\/en\/news\/von-konfliktmanagement-bis-public-speaking-ein-internationales-training-in-porto\/\" class=\"more-link\">more&hellip;<\/a><\/p>","protected":false},"author":253,"featured_media":159589,"parent":0,"template":"","coauthors":[1430],"class_list":["post-159587","campus_news","type-campus_news","status-publish","has-post-thumbnail","hentry","campus_news_topics-campus-news","degree_programms-innovationsmanagement-2"],"acf":[],"yoast_head":"<!-- This site is optimized with the Yoast SEO plugin v26.9 - https:\/\/yoast.com\/product\/yoast-seo-wordpress\/ -->\n<title>Von Konfliktmanagement bis Public Speaking \u2013 Ein internationales Training in Porto - FH CAMPUS 02<\/title>\n<meta name=\"description\" content=\"Internationaler Workshop: Birte Sammtleben vom Department Innovationsmanagement kehrte mit neuen Ideen aus Porto zur\u00fcck.\" \/>\n<meta name=\"robots\" content=\"index, follow, max-snippet:-1, max-image-preview:large, max-video-preview:-1\" \/>\n<link rel=\"canonical\" href=\"https:\/\/www.campus02.at\/en\/news\/von-konfliktmanagement-bis-public-speaking-ein-internationales-training-in-porto\/\" \/>\n<meta property=\"og:locale\" content=\"en_GB\" \/>\n<meta property=\"og:type\" content=\"article\" \/>\n<meta property=\"og:title\" content=\"Von Konfliktmanagement bis Public Speaking \u2013 Ein internationales Training in Porto - FH CAMPUS 02\" \/>\n<meta property=\"og:description\" content=\"Internationaler Workshop: Birte Sammtleben vom Department Innovationsmanagement kehrte mit neuen Ideen aus Porto zur\u00fcck.\" \/>\n<meta property=\"og:url\" content=\"https:\/\/www.campus02.at\/en\/news\/von-konfliktmanagement-bis-public-speaking-ein-internationales-training-in-porto\/\" \/>\n<meta property=\"og:site_name\" content=\"FH CAMPUS 02\" \/>\n<meta property=\"article:modified_time\" content=\"2025-08-18T12:02:04+00:00\" \/>\n<meta property=\"og:image\" content=\"https:\/\/www.campus02.at\/wp-content\/uploads\/2025\/08\/Inno_August_LinkedIn-1024x538.png\" \/>\n\t<meta property=\"og:image:width\" content=\"1024\" \/>\n\t<meta property=\"og:image:height\" content=\"538\" \/>\n\t<meta property=\"og:image:type\" content=\"image\/png\" \/>\n<meta name=\"twitter:card\" content=\"summary_large_image\" \/>\n<meta name=\"twitter:label1\" content=\"Estimated reading time\" \/>\n\t<meta name=\"twitter:data1\" content=\"3 minutes\" \/>\n\t<meta name=\"twitter:label2\" content=\"Written by\" \/>\n\t<meta name=\"twitter:data2\" content=\"Sarah Schober\" \/>\n<script type=\"application\/ld+json\" class=\"yoast-schema-graph\">{\"@context\":\"https:\/\/schema.org\",\"@graph\":[{\"@type\":\"WebPage\",\"@id\":\"https:\/\/www.campus02.at\/news\/von-konfliktmanagement-bis-public-speaking-ein-internationales-training-in-porto\/\",\"url\":\"https:\/\/www.campus02.at\/news\/von-konfliktmanagement-bis-public-speaking-ein-internationales-training-in-porto\/\",\"name\":\"Von Konfliktmanagement bis Public Speaking \u2013 Ein internationales Training in Porto - FH CAMPUS 02\",\"isPartOf\":{\"@id\":\"https:\/\/www.campus02.at\/#website\"},\"primaryImageOfPage\":{\"@id\":\"https:\/\/www.campus02.at\/news\/von-konfliktmanagement-bis-public-speaking-ein-internationales-training-in-porto\/#primaryimage\"},\"image\":{\"@id\":\"https:\/\/www.campus02.at\/news\/von-konfliktmanagement-bis-public-speaking-ein-internationales-training-in-porto\/#primaryimage\"},\"thumbnailUrl\":\"https:\/\/www.campus02.at\/wp-content\/uploads\/2025\/08\/Inno_August_Header.png\",\"datePublished\":\"2025-08-18T12:02:03+00:00\",\"dateModified\":\"2025-08-18T12:02:04+00:00\",\"description\":\"Internationaler Workshop: Birte Sammtleben vom Department Innovationsmanagement kehrte mit neuen Ideen aus Porto zur\u00fcck.\",\"breadcrumb\":{\"@id\":\"https:\/\/www.campus02.at\/news\/von-konfliktmanagement-bis-public-speaking-ein-internationales-training-in-porto\/#breadcrumb\"},\"inLanguage\":\"en-GB\",\"potentialAction\":[{\"@type\":\"ReadAction\",\"target\":[\"https:\/\/www.campus02.at\/news\/von-konfliktmanagement-bis-public-speaking-ein-internationales-training-in-porto\/\"]}]},{\"@type\":\"ImageObject\",\"inLanguage\":\"en-GB\",\"@id\":\"https:\/\/www.campus02.at\/news\/von-konfliktmanagement-bis-public-speaking-ein-internationales-training-in-porto\/#primaryimage\",\"url\":\"https:\/\/www.campus02.at\/wp-content\/uploads\/2025\/08\/Inno_August_Header.png\",\"contentUrl\":\"https:\/\/www.campus02.at\/wp-content\/uploads\/2025\/08\/Inno_August_Header.png\",\"width\":1024,\"height\":341,\"caption\":\"Teilnehmende in Porto\"},{\"@type\":\"BreadcrumbList\",\"@id\":\"https:\/\/www.campus02.at\/news\/von-konfliktmanagement-bis-public-speaking-ein-internationales-training-in-porto\/#breadcrumb\",\"itemListElement\":[{\"@type\":\"ListItem\",\"position\":1,\"name\":\"Startseite\",\"item\":\"https:\/\/www.campus02.at\/\"},{\"@type\":\"ListItem\",\"position\":2,\"name\":\"Von Konfliktmanagement bis Public Speaking \u2013 Ein internationales Training in Porto\"}]},{\"@type\":\"WebSite\",\"@id\":\"https:\/\/www.campus02.at\/#website\",\"url\":\"https:\/\/www.campus02.at\/\",\"name\":\"FH CAMPUS 02\",\"description\":\"\",\"publisher\":{\"@id\":\"https:\/\/www.campus02.at\/#organization\"},\"potentialAction\":[{\"@type\":\"SearchAction\",\"target\":{\"@type\":\"EntryPoint\",\"urlTemplate\":\"https:\/\/www.campus02.at\/?s={search_term_string}\"},\"query-input\":{\"@type\":\"PropertyValueSpecification\",\"valueRequired\":true,\"valueName\":\"search_term_string\"}}],\"inLanguage\":\"en-GB\"},{\"@type\":\"Organization\",\"@id\":\"https:\/\/www.campus02.at\/#organization\",\"name\":\"FH CAMPUS 02\",\"url\":\"https:\/\/www.campus02.at\/\",\"logo\":{\"@type\":\"ImageObject\",\"inLanguage\":\"en-GB\",\"@id\":\"https:\/\/www.campus02.at\/#\/schema\/logo\/image\/\",\"url\":\"https:\/\/www.campus02.at\/wp-content\/uploads\/2016\/10\/Logo.jpg\",\"contentUrl\":\"https:\/\/www.campus02.at\/wp-content\/uploads\/2016\/10\/Logo.jpg\",\"width\":1108,\"height\":440,\"caption\":\"FH CAMPUS 02\"},\"image\":{\"@id\":\"https:\/\/www.campus02.at\/#\/schema\/logo\/image\/\"}}]}<\/script>\n<!-- \/ Yoast SEO plugin. -->","yoast_head_json":{"title":"Von Konfliktmanagement bis Public Speaking \u2013 Ein internationales Training in Porto - FH CAMPUS 02","description":"Internationaler Workshop: Birte Sammtleben vom Department Innovationsmanagement kehrte mit neuen Ideen aus Porto zur\u00fcck.","robots":{"index":"index","follow":"follow","max-snippet":"max-snippet:-1","max-image-preview":"max-image-preview:large","max-video-preview":"max-video-preview:-1"},"canonical":"https:\/\/www.campus02.at\/en\/news\/von-konfliktmanagement-bis-public-speaking-ein-internationales-training-in-porto\/","og_locale":"en_GB","og_type":"article","og_title":"Von Konfliktmanagement bis Public Speaking \u2013 Ein internationales Training in Porto - FH CAMPUS 02","og_description":"Internationaler Workshop: Birte Sammtleben vom Department Innovationsmanagement kehrte mit neuen Ideen aus Porto zur\u00fcck.","og_url":"https:\/\/www.campus02.at\/en\/news\/von-konfliktmanagement-bis-public-speaking-ein-internationales-training-in-porto\/","og_site_name":"FH CAMPUS 02","article_modified_time":"2025-08-18T12:02:04+00:00","og_image":[{"width":1024,"height":538,"url":"https:\/\/www.campus02.at\/wp-content\/uploads\/2025\/08\/Inno_August_LinkedIn-1024x538.png","type":"image\/png"}],"twitter_card":"summary_large_image","twitter_misc":{"Estimated reading time":"3 minutes","Written by":"Sarah Schober"},"schema":{"@context":"https:\/\/schema.org","@graph":[{"@type":"WebPage","@id":"https:\/\/www.campus02.at\/news\/von-konfliktmanagement-bis-public-speaking-ein-internationales-training-in-porto\/","url":"https:\/\/www.campus02.at\/news\/von-konfliktmanagement-bis-public-speaking-ein-internationales-training-in-porto\/","name":"Von Konfliktmanagement bis Public Speaking \u2013 Ein internationales Training in Porto - FH CAMPUS 02","isPartOf":{"@id":"https:\/\/www.campus02.at\/#website"},"primaryImageOfPage":{"@id":"https:\/\/www.campus02.at\/news\/von-konfliktmanagement-bis-public-speaking-ein-internationales-training-in-porto\/#primaryimage"},"image":{"@id":"https:\/\/www.campus02.at\/news\/von-konfliktmanagement-bis-public-speaking-ein-internationales-training-in-porto\/#primaryimage"},"thumbnailUrl":"https:\/\/www.campus02.at\/wp-content\/uploads\/2025\/08\/Inno_August_Header.png","datePublished":"2025-08-18T12:02:03+00:00","dateModified":"2025-08-18T12:02:04+00:00","description":"Internationaler Workshop: Birte Sammtleben vom Department Innovationsmanagement kehrte mit neuen Ideen aus Porto zur\u00fcck.","breadcrumb":{"@id":"https:\/\/www.campus02.at\/news\/von-konfliktmanagement-bis-public-speaking-ein-internationales-training-in-porto\/#breadcrumb"},"inLanguage":"en-GB","potentialAction":[{"@type":"ReadAction","target":["https:\/\/www.campus02.at\/news\/von-konfliktmanagement-bis-public-speaking-ein-internationales-training-in-porto\/"]}]},{"@type":"ImageObject","inLanguage":"en-GB","@id":"https:\/\/www.campus02.at\/news\/von-konfliktmanagement-bis-public-speaking-ein-internationales-training-in-porto\/#primaryimage","url":"https:\/\/www.campus02.at\/wp-content\/uploads\/2025\/08\/Inno_August_Header.png","contentUrl":"https:\/\/www.campus02.at\/wp-content\/uploads\/2025\/08\/Inno_August_Header.png","width":1024,"height":341,"caption":"Teilnehmende in Porto"},{"@type":"BreadcrumbList","@id":"https:\/\/www.campus02.at\/news\/von-konfliktmanagement-bis-public-speaking-ein-internationales-training-in-porto\/#breadcrumb","itemListElement":[{"@type":"ListItem","position":1,"name":"Startseite","item":"https:\/\/www.campus02.at\/"},{"@type":"ListItem","position":2,"name":"Von Konfliktmanagement bis Public Speaking \u2013 Ein internationales Training in Porto"}]},{"@type":"WebSite","@id":"https:\/\/www.campus02.at\/#website","url":"https:\/\/www.campus02.at\/","name":"CAMPUS 02 UAS","description":"","publisher":{"@id":"https:\/\/www.campus02.at\/#organization"},"potentialAction":[{"@type":"SearchAction","target":{"@type":"EntryPoint","urlTemplate":"https:\/\/www.campus02.at\/?s={search_term_string}"},"query-input":{"@type":"PropertyValueSpecification","valueRequired":true,"valueName":"search_term_string"}}],"inLanguage":"en-GB"},{"@type":"Organization","@id":"https:\/\/www.campus02.at\/#organization","name":"CAMPUS 02 UAS","url":"https:\/\/www.campus02.at\/","logo":{"@type":"ImageObject","inLanguage":"en-GB","@id":"https:\/\/www.campus02.at\/#\/schema\/logo\/image\/","url":"https:\/\/www.campus02.at\/wp-content\/uploads\/2016\/10\/Logo.jpg","contentUrl":"https:\/\/www.campus02.at\/wp-content\/uploads\/2016\/10\/Logo.jpg","width":1108,"height":440,"caption":"FH CAMPUS 02"},"image":{"@id":"https:\/\/www.campus02.at\/#\/schema\/logo\/image\/"}}]}},"_links":{"self":[{"href":"https:\/\/www.campus02.at\/en\/wp-json\/wp\/v2\/campus_news\/159587","targetHints":{"allow":["GET"]}}],"collection":[{"href":"https:\/\/www.campus02.at\/en\/wp-json\/wp\/v2\/campus_news"}],"about":[{"href":"https:\/\/www.campus02.at\/en\/wp-json\/wp\/v2\/types\/campus_news"}],"author":[{"embeddable":true,"href":"https:\/\/www.campus02.at\/en\/wp-json\/wp\/v2\/users\/253"}],"version-history":[{"count":7,"href":"https:\/\/www.campus02.at\/en\/wp-json\/wp\/v2\/campus_news\/159587\/revisions"}],"predecessor-version":[{"id":159601,"href":"https:\/\/www.campus02.at\/en\/wp-json\/wp\/v2\/campus_news\/159587\/revisions\/159601"}],"wp:featuredmedia":[{"embeddable":true,"href":"https:\/\/www.campus02.at\/en\/wp-json\/wp\/v2\/media\/159589"}],"wp:attachment":[{"href":"https:\/\/www.campus02.at\/en\/wp-json\/wp\/v2\/media?parent=159587"}],"wp:term":[{"taxonomy":"author","embeddable":true,"href":"https:\/\/www.campus02.at\/en\/wp-json\/wp\/v2\/coauthors?post=159587"}],"curies":[{"name":"wp","href":"https:\/\/api.w.org\/{rel}","templated":true}]}}