{"id":146881,"date":"2024-04-22T13:07:13","date_gmt":"2024-04-22T11:07:13","guid":{"rendered":"https:\/\/www.campus02.at\/?post_type=campus_news&#038;p=146881"},"modified":"2024-04-22T14:19:04","modified_gmt":"2024-04-22T12:19:04","slug":"ein-kapitel-schliesst-sich-feierlicher-abschluss-des-akademischen-lehrgangs-handelsmanagement","status":"publish","type":"campus_news","link":"https:\/\/www.campus02.at\/en\/news\/ein-kapitel-schliesst-sich-feierlicher-abschluss-des-akademischen-lehrgangs-handelsmanagement\/","title":{"rendered":"Ein Kapitel schlie\u00dft sich: Feierlicher Abschluss des Akademischen Lehrgangs Handelsmanagement\u00a0"},"content":{"rendered":"<p><span data-contrast=\"auto\">Die Abschlussfeier ist ein H\u00f6hepunkt, ein Wendepunkt, ein Augenblick zum Innehalten. Es ist der Moment, auf den alle Lehrgangsteilnehmer*innen w\u00e4hrend ihrer Zeit des Lernens, der Pr\u00fcfungen und Vorlesungen hingearbeitet haben. An diesem Tag reflektieren viele \u00fcber ihre ersten Schritte an der Hochschule, die neuen Freundschaften und die anf\u00e4nglichen Unsicherheiten. Gleichzeitig ist dieser Tag auch eine Einladung, nach vorne zu blicken, Pl\u00e4ne zu schmieden und sich gro\u00dfe Ziele zu setzen.<\/span><span data-ccp-props=\"{&quot;201341983&quot;:0,&quot;335559739&quot;:160,&quot;335559740&quot;:259}\">\u00a0<a href=\"https:\/\/www.campus02.at\/wp-content\/uploads\/2024\/04\/ow-2772-scaled.jpg\"><img fetchpriority=\"high\" decoding=\"async\" class=\"aligncenter wp-image-146885 size-large\" src=\"https:\/\/www.campus02.at\/wp-content\/uploads\/2024\/04\/ow-2772-1024x682.jpg\" alt=\"\" width=\"1024\" height=\"682\" srcset=\"https:\/\/www.campus02.at\/wp-content\/uploads\/2024\/04\/ow-2772-1024x682.jpg 1024w, https:\/\/www.campus02.at\/wp-content\/uploads\/2024\/04\/ow-2772-300x200.jpg 300w, https:\/\/www.campus02.at\/wp-content\/uploads\/2024\/04\/ow-2772-768x512.jpg 768w, https:\/\/www.campus02.at\/wp-content\/uploads\/2024\/04\/ow-2772-1536x1024.jpg 1536w, https:\/\/www.campus02.at\/wp-content\/uploads\/2024\/04\/ow-2772-2048x1365.jpg 2048w, https:\/\/www.campus02.at\/wp-content\/uploads\/2024\/04\/ow-2772-18x12.jpg 18w, https:\/\/www.campus02.at\/wp-content\/uploads\/2024\/04\/ow-2772-1920x1280.jpg 1920w\" sizes=\"(max-width: 1024px) 100vw, 1024px\" \/><\/a><a href=\"https:\/\/www.campus02.at\/wp-content\/uploads\/2024\/04\/ow-3031-scaled.jpg\"><img decoding=\"async\" class=\"aligncenter wp-image-146891 size-large\" src=\"https:\/\/www.campus02.at\/wp-content\/uploads\/2024\/04\/ow-3031-1024x682.jpg\" alt=\"\" width=\"1024\" height=\"682\" srcset=\"https:\/\/www.campus02.at\/wp-content\/uploads\/2024\/04\/ow-3031-1024x682.jpg 1024w, https:\/\/www.campus02.at\/wp-content\/uploads\/2024\/04\/ow-3031-300x200.jpg 300w, https:\/\/www.campus02.at\/wp-content\/uploads\/2024\/04\/ow-3031-768x512.jpg 768w, https:\/\/www.campus02.at\/wp-content\/uploads\/2024\/04\/ow-3031-1536x1024.jpg 1536w, https:\/\/www.campus02.at\/wp-content\/uploads\/2024\/04\/ow-3031-2048x1365.jpg 2048w, https:\/\/www.campus02.at\/wp-content\/uploads\/2024\/04\/ow-3031-18x12.jpg 18w, https:\/\/www.campus02.at\/wp-content\/uploads\/2024\/04\/ow-3031-1920x1280.jpg 1920w\" sizes=\"(max-width: 1024px) 100vw, 1024px\" \/><\/a><\/span><\/p>\n<p><span data-contrast=\"auto\">K\u00fcrzlich erstrahlte die Aula der FH CAMPUS 02 in festlichem Glanz, als bereits zum f\u00fcnften Mal der Abschluss des Akademischen Lehrgangs Handelsmanagement gefeiert wurde. Zw\u00f6lf Absolventinnen und Absolventen aus verschiedenen Handelsunternehmen erhielten von Rektorin Kristina Edlinger-Ploder, Gesch\u00e4ftsf\u00fchrer Erich Brugger und Lehrgangsleiter Georg Jungwirth ihre wohlverdienten Diplome.<\/span><span data-ccp-props=\"{&quot;201341983&quot;:0,&quot;335559739&quot;:160,&quot;335559740&quot;:259}\">\u00a0<\/span><\/p>\n<p><b><span data-contrast=\"auto\"><a href=\"https:\/\/www.campus02.at\/wp-content\/uploads\/2024\/04\/ow-2930-scaled.jpg\"><img decoding=\"async\" class=\"aligncenter wp-image-146889 size-large\" src=\"https:\/\/www.campus02.at\/wp-content\/uploads\/2024\/04\/ow-2930-1024x682.jpg\" alt=\"\" width=\"1024\" height=\"682\" srcset=\"https:\/\/www.campus02.at\/wp-content\/uploads\/2024\/04\/ow-2930-1024x682.jpg 1024w, https:\/\/www.campus02.at\/wp-content\/uploads\/2024\/04\/ow-2930-300x200.jpg 300w, https:\/\/www.campus02.at\/wp-content\/uploads\/2024\/04\/ow-2930-768x512.jpg 768w, https:\/\/www.campus02.at\/wp-content\/uploads\/2024\/04\/ow-2930-1536x1024.jpg 1536w, https:\/\/www.campus02.at\/wp-content\/uploads\/2024\/04\/ow-2930-2048x1365.jpg 2048w, https:\/\/www.campus02.at\/wp-content\/uploads\/2024\/04\/ow-2930-18x12.jpg 18w, https:\/\/www.campus02.at\/wp-content\/uploads\/2024\/04\/ow-2930-1920x1280.jpg 1920w\" sizes=\"(max-width: 1024px) 100vw, 1024px\" \/><\/a><a href=\"https:\/\/www.campus02.at\/wp-content\/uploads\/2024\/04\/ow-2922-scaled.jpg\"><img loading=\"lazy\" decoding=\"async\" class=\"aligncenter wp-image-146888 size-large\" src=\"https:\/\/www.campus02.at\/wp-content\/uploads\/2024\/04\/ow-2922-1024x682.jpg\" alt=\"\" width=\"1024\" height=\"682\" srcset=\"https:\/\/www.campus02.at\/wp-content\/uploads\/2024\/04\/ow-2922-1024x682.jpg 1024w, https:\/\/www.campus02.at\/wp-content\/uploads\/2024\/04\/ow-2922-300x200.jpg 300w, https:\/\/www.campus02.at\/wp-content\/uploads\/2024\/04\/ow-2922-768x512.jpg 768w, https:\/\/www.campus02.at\/wp-content\/uploads\/2024\/04\/ow-2922-1536x1024.jpg 1536w, https:\/\/www.campus02.at\/wp-content\/uploads\/2024\/04\/ow-2922-2048x1365.jpg 2048w, https:\/\/www.campus02.at\/wp-content\/uploads\/2024\/04\/ow-2922-18x12.jpg 18w, https:\/\/www.campus02.at\/wp-content\/uploads\/2024\/04\/ow-2922-1920x1280.jpg 1920w\" sizes=\"(max-width: 1024px) 100vw, 1024px\" \/><\/a><a href=\"https:\/\/www.campus02.at\/wp-content\/uploads\/2024\/04\/ow-2941-scaled.jpg\"><img loading=\"lazy\" decoding=\"async\" class=\"aligncenter wp-image-146890 size-large\" src=\"https:\/\/www.campus02.at\/wp-content\/uploads\/2024\/04\/ow-2941-1024x682.jpg\" alt=\"\" width=\"1024\" height=\"682\" srcset=\"https:\/\/www.campus02.at\/wp-content\/uploads\/2024\/04\/ow-2941-1024x682.jpg 1024w, https:\/\/www.campus02.at\/wp-content\/uploads\/2024\/04\/ow-2941-300x200.jpg 300w, https:\/\/www.campus02.at\/wp-content\/uploads\/2024\/04\/ow-2941-768x512.jpg 768w, https:\/\/www.campus02.at\/wp-content\/uploads\/2024\/04\/ow-2941-1536x1024.jpg 1536w, https:\/\/www.campus02.at\/wp-content\/uploads\/2024\/04\/ow-2941-2048x1365.jpg 2048w, https:\/\/www.campus02.at\/wp-content\/uploads\/2024\/04\/ow-2941-18x12.jpg 18w, https:\/\/www.campus02.at\/wp-content\/uploads\/2024\/04\/ow-2941-1920x1280.jpg 1920w\" sizes=\"(max-width: 1024px) 100vw, 1024px\" \/><\/a><\/span><\/b><\/p>\n<h3><b><span data-contrast=\"auto\">Top-Ausbildung wichtig<\/span><\/b><span data-ccp-props=\"{&quot;201341983&quot;:0,&quot;335559739&quot;:160,&quot;335559740&quot;:259}\">\u00a0<\/span><\/h3>\n<p><span data-contrast=\"auto\">In seiner Rede betonte Lehrgangsleiter Georg Jungwirth das Engagement und die Wissbegierde der Absolventinnen. Er unterstrich die Wichtigkeit einer erstklassigen Ausbildung im Handel, wo ein scharfer Wettbewerb herrscht. Durch den Erwerb von fachlichen und sozial-kommunikativen Kompetenzen haben die Absolventinnen nicht nur ihre berufliche Praxis erweitert, sondern auch ein umfangreiches Wissen erlangt.<\/span><span data-ccp-props=\"{&quot;201341983&quot;:0,&quot;335559739&quot;:160,&quot;335559740&quot;:259}\"><a href=\"https:\/\/www.campus02.at\/wp-content\/uploads\/2024\/04\/ow-2873-scaled.jpg\"><img loading=\"lazy\" decoding=\"async\" class=\"aligncenter wp-image-146887 size-large\" src=\"https:\/\/www.campus02.at\/wp-content\/uploads\/2024\/04\/ow-2873-1024x682.jpg\" alt=\"\" width=\"1024\" height=\"682\" srcset=\"https:\/\/www.campus02.at\/wp-content\/uploads\/2024\/04\/ow-2873-1024x682.jpg 1024w, https:\/\/www.campus02.at\/wp-content\/uploads\/2024\/04\/ow-2873-300x200.jpg 300w, https:\/\/www.campus02.at\/wp-content\/uploads\/2024\/04\/ow-2873-768x512.jpg 768w, https:\/\/www.campus02.at\/wp-content\/uploads\/2024\/04\/ow-2873-1536x1024.jpg 1536w, https:\/\/www.campus02.at\/wp-content\/uploads\/2024\/04\/ow-2873-2048x1365.jpg 2048w, https:\/\/www.campus02.at\/wp-content\/uploads\/2024\/04\/ow-2873-18x12.jpg 18w, https:\/\/www.campus02.at\/wp-content\/uploads\/2024\/04\/ow-2873-1920x1280.jpg 1920w\" sizes=\"(max-width: 1024px) 100vw, 1024px\" \/><\/a><\/span><\/p>\n<p><span data-contrast=\"auto\">Ein besonderer Dank geb\u00fchrt den Unternehmen, die ihre Mitarbeiterinnen und Mitarbeiter auf ihrem Weg zum Abschluss gro\u00dfartig unterst\u00fctzt haben. Durch diese wertvolle Partnerschaft konnte eine praxisnahe Ausbildung geschaffen werden, die den Absolventinnen eine solide Grundlage f\u00fcr ihre zuk\u00fcnftigen Herausforderungen im Handel bietet. Es war eine Freude, sie w\u00e4hrend ihres Studiums zu begleiten.<\/span><span data-ccp-props=\"{&quot;201341983&quot;:0,&quot;335559739&quot;:160,&quot;335559740&quot;:259}\">\u00a0<\/span><\/p>\n<h3><b><span data-contrast=\"auto\">Verleihung FH-Professur<\/span><\/b><span data-ccp-props=\"{&quot;201341983&quot;:0,&quot;335559739&quot;:160,&quot;335559740&quot;:259}\">\u00a0<\/span><\/h3>\n<p><span data-contrast=\"auto\">Im Rahmen der Feierlichkeiten wurde auch eine besondere Ehrung vorgenommen. Frau Mag. Dr. Ursula Haas-Kotzegger wurde die FH-Professur f\u00fcr ihre herausragenden Leistungen in Forschung und Lehre verliehen. Diese Auszeichnung unterstreicht nicht nur ihre pers\u00f6nlichen Erfolge, sondern auch die kontinuierliche Exzellenz, die an der FH CAMPUS 02 gef\u00f6rdert wird.<\/span><span data-ccp-props=\"{&quot;201341983&quot;:0,&quot;335559739&quot;:160,&quot;335559740&quot;:259}\">\u00a0<a href=\"https:\/\/www.campus02.at\/wp-content\/uploads\/2024\/04\/ow-3064-scaled.jpg\"><img loading=\"lazy\" decoding=\"async\" class=\"aligncenter wp-image-146892 size-large\" src=\"https:\/\/www.campus02.at\/wp-content\/uploads\/2024\/04\/ow-3064-1024x682.jpg\" alt=\"\" width=\"1024\" height=\"682\" srcset=\"https:\/\/www.campus02.at\/wp-content\/uploads\/2024\/04\/ow-3064-1024x682.jpg 1024w, https:\/\/www.campus02.at\/wp-content\/uploads\/2024\/04\/ow-3064-300x200.jpg 300w, https:\/\/www.campus02.at\/wp-content\/uploads\/2024\/04\/ow-3064-768x512.jpg 768w, https:\/\/www.campus02.at\/wp-content\/uploads\/2024\/04\/ow-3064-1536x1024.jpg 1536w, https:\/\/www.campus02.at\/wp-content\/uploads\/2024\/04\/ow-3064-2048x1365.jpg 2048w, https:\/\/www.campus02.at\/wp-content\/uploads\/2024\/04\/ow-3064-18x12.jpg 18w, https:\/\/www.campus02.at\/wp-content\/uploads\/2024\/04\/ow-3064-1920x1280.jpg 1920w\" sizes=\"(max-width: 1024px) 100vw, 1024px\" \/><\/a><\/span><\/p>\n<p><span data-contrast=\"auto\">Wir gratulieren allen Absolvent*innen recht herzlich zu ihrem Abschluss und bedanken uns bei den Unternehmenspartnern f\u00fcr ihr Vertrauen und ihre Unterst\u00fctzung auf diesem Weg.<\/span><span data-ccp-props=\"{&quot;201341983&quot;:0,&quot;335559739&quot;:160,&quot;335559740&quot;:259}\">\u00a0<\/span><\/p>","protected":false},"excerpt":{"rendered":"<p>Die Abschlussfeier ist ein H\u00f6hepunkt, ein Wendepunkt, ein Augenblick zum Innehalten. Es ist der Moment, auf den alle <a href=\"https:\/\/www.campus02.at\/en\/news\/ein-kapitel-schliesst-sich-feierlicher-abschluss-des-akademischen-lehrgangs-handelsmanagement\/\" class=\"more-link\">more&hellip;<\/a><\/p>","protected":false},"author":166,"featured_media":146883,"parent":0,"template":"","coauthors":[1069],"class_list":["post-146881","campus_news","type-campus_news","status-publish","has-post-thumbnail","hentry","campus_news_topics-auszeichnungen","degree_programms-marketing-sales"],"acf":[],"yoast_head":"<!-- This site is optimized with the Yoast SEO plugin v26.9 - https:\/\/yoast.com\/product\/yoast-seo-wordpress\/ -->\n<title>Ein Kapitel schlie\u00dft sich: Feierlicher Abschluss des Akademischen Lehrgangs Handelsmanagement\u00a0 - FH CAMPUS 02<\/title>\n<meta name=\"robots\" content=\"index, follow, max-snippet:-1, max-image-preview:large, max-video-preview:-1\" \/>\n<link rel=\"canonical\" href=\"https:\/\/www.campus02.at\/en\/news\/ein-kapitel-schliesst-sich-feierlicher-abschluss-des-akademischen-lehrgangs-handelsmanagement\/\" \/>\n<meta property=\"og:locale\" content=\"en_GB\" \/>\n<meta property=\"og:type\" content=\"article\" \/>\n<meta property=\"og:title\" content=\"Ein Kapitel schlie\u00dft sich: Feierlicher Abschluss des Akademischen Lehrgangs Handelsmanagement\u00a0 - FH CAMPUS 02\" \/>\n<meta property=\"og:description\" content=\"Die Abschlussfeier ist ein H\u00f6hepunkt, ein Wendepunkt, ein Augenblick zum Innehalten. Es ist der Moment, auf den alle more&hellip;\" \/>\n<meta property=\"og:url\" content=\"https:\/\/www.campus02.at\/en\/news\/ein-kapitel-schliesst-sich-feierlicher-abschluss-des-akademischen-lehrgangs-handelsmanagement\/\" \/>\n<meta property=\"og:site_name\" content=\"FH CAMPUS 02\" \/>\n<meta property=\"article:modified_time\" content=\"2024-04-22T12:19:04+00:00\" \/>\n<meta property=\"og:image\" content=\"https:\/\/www.campus02.at\/wp-content\/uploads\/2024\/04\/handelsmanager-foschaubild-linkedin.png\" \/>\n\t<meta property=\"og:image:width\" content=\"1200\" \/>\n\t<meta property=\"og:image:height\" content=\"630\" \/>\n\t<meta property=\"og:image:type\" content=\"image\/png\" \/>\n<meta name=\"twitter:card\" content=\"summary_large_image\" \/>\n<meta name=\"twitter:label1\" content=\"Estimated reading time\" \/>\n\t<meta name=\"twitter:data1\" content=\"4 minutes\" \/>\n\t<meta name=\"twitter:label2\" content=\"Written by\" \/>\n\t<meta name=\"twitter:data2\" content=\"Puntigam Christin\" \/>\n<script type=\"application\/ld+json\" class=\"yoast-schema-graph\">{\"@context\":\"https:\/\/schema.org\",\"@graph\":[{\"@type\":\"WebPage\",\"@id\":\"https:\/\/www.campus02.at\/news\/ein-kapitel-schliesst-sich-feierlicher-abschluss-des-akademischen-lehrgangs-handelsmanagement\/\",\"url\":\"https:\/\/www.campus02.at\/news\/ein-kapitel-schliesst-sich-feierlicher-abschluss-des-akademischen-lehrgangs-handelsmanagement\/\",\"name\":\"Ein Kapitel schlie\u00dft sich: Feierlicher Abschluss des Akademischen Lehrgangs Handelsmanagement\u00a0 - FH CAMPUS 02\",\"isPartOf\":{\"@id\":\"https:\/\/www.campus02.at\/#website\"},\"primaryImageOfPage\":{\"@id\":\"https:\/\/www.campus02.at\/news\/ein-kapitel-schliesst-sich-feierlicher-abschluss-des-akademischen-lehrgangs-handelsmanagement\/#primaryimage\"},\"image\":{\"@id\":\"https:\/\/www.campus02.at\/news\/ein-kapitel-schliesst-sich-feierlicher-abschluss-des-akademischen-lehrgangs-handelsmanagement\/#primaryimage\"},\"thumbnailUrl\":\"https:\/\/www.campus02.at\/wp-content\/uploads\/2024\/04\/titelbild.png\",\"datePublished\":\"2024-04-22T11:07:13+00:00\",\"dateModified\":\"2024-04-22T12:19:04+00:00\",\"breadcrumb\":{\"@id\":\"https:\/\/www.campus02.at\/news\/ein-kapitel-schliesst-sich-feierlicher-abschluss-des-akademischen-lehrgangs-handelsmanagement\/#breadcrumb\"},\"inLanguage\":\"en-GB\",\"potentialAction\":[{\"@type\":\"ReadAction\",\"target\":[\"https:\/\/www.campus02.at\/news\/ein-kapitel-schliesst-sich-feierlicher-abschluss-des-akademischen-lehrgangs-handelsmanagement\/\"]}]},{\"@type\":\"ImageObject\",\"inLanguage\":\"en-GB\",\"@id\":\"https:\/\/www.campus02.at\/news\/ein-kapitel-schliesst-sich-feierlicher-abschluss-des-akademischen-lehrgangs-handelsmanagement\/#primaryimage\",\"url\":\"https:\/\/www.campus02.at\/wp-content\/uploads\/2024\/04\/titelbild.png\",\"contentUrl\":\"https:\/\/www.campus02.at\/wp-content\/uploads\/2024\/04\/titelbild.png\",\"width\":1024,\"height\":341,\"caption\":\"Gruppenfoto des Lehrgangs Handelsmanagement\"},{\"@type\":\"BreadcrumbList\",\"@id\":\"https:\/\/www.campus02.at\/news\/ein-kapitel-schliesst-sich-feierlicher-abschluss-des-akademischen-lehrgangs-handelsmanagement\/#breadcrumb\",\"itemListElement\":[{\"@type\":\"ListItem\",\"position\":1,\"name\":\"Startseite\",\"item\":\"https:\/\/www.campus02.at\/\"},{\"@type\":\"ListItem\",\"position\":2,\"name\":\"Ein Kapitel schlie\u00dft sich: Feierlicher Abschluss des Akademischen Lehrgangs Handelsmanagement\u00a0\"}]},{\"@type\":\"WebSite\",\"@id\":\"https:\/\/www.campus02.at\/#website\",\"url\":\"https:\/\/www.campus02.at\/\",\"name\":\"FH CAMPUS 02\",\"description\":\"\",\"publisher\":{\"@id\":\"https:\/\/www.campus02.at\/#organization\"},\"potentialAction\":[{\"@type\":\"SearchAction\",\"target\":{\"@type\":\"EntryPoint\",\"urlTemplate\":\"https:\/\/www.campus02.at\/?s={search_term_string}\"},\"query-input\":{\"@type\":\"PropertyValueSpecification\",\"valueRequired\":true,\"valueName\":\"search_term_string\"}}],\"inLanguage\":\"en-GB\"},{\"@type\":\"Organization\",\"@id\":\"https:\/\/www.campus02.at\/#organization\",\"name\":\"FH CAMPUS 02\",\"url\":\"https:\/\/www.campus02.at\/\",\"logo\":{\"@type\":\"ImageObject\",\"inLanguage\":\"en-GB\",\"@id\":\"https:\/\/www.campus02.at\/#\/schema\/logo\/image\/\",\"url\":\"https:\/\/www.campus02.at\/wp-content\/uploads\/2016\/10\/Logo.jpg\",\"contentUrl\":\"https:\/\/www.campus02.at\/wp-content\/uploads\/2016\/10\/Logo.jpg\",\"width\":1108,\"height\":440,\"caption\":\"FH CAMPUS 02\"},\"image\":{\"@id\":\"https:\/\/www.campus02.at\/#\/schema\/logo\/image\/\"}}]}<\/script>\n<!-- \/ Yoast SEO plugin. -->","yoast_head_json":{"title":"Ein Kapitel schlie\u00dft sich: Feierlicher Abschluss des Akademischen Lehrgangs Handelsmanagement\u00a0 - FH CAMPUS 02","robots":{"index":"index","follow":"follow","max-snippet":"max-snippet:-1","max-image-preview":"max-image-preview:large","max-video-preview":"max-video-preview:-1"},"canonical":"https:\/\/www.campus02.at\/en\/news\/ein-kapitel-schliesst-sich-feierlicher-abschluss-des-akademischen-lehrgangs-handelsmanagement\/","og_locale":"en_GB","og_type":"article","og_title":"Ein Kapitel schlie\u00dft sich: Feierlicher Abschluss des Akademischen Lehrgangs Handelsmanagement\u00a0 - FH CAMPUS 02","og_description":"Die Abschlussfeier ist ein H\u00f6hepunkt, ein Wendepunkt, ein Augenblick zum Innehalten. Es ist der Moment, auf den alle more&hellip;","og_url":"https:\/\/www.campus02.at\/en\/news\/ein-kapitel-schliesst-sich-feierlicher-abschluss-des-akademischen-lehrgangs-handelsmanagement\/","og_site_name":"FH CAMPUS 02","article_modified_time":"2024-04-22T12:19:04+00:00","og_image":[{"width":1200,"height":630,"url":"https:\/\/www.campus02.at\/wp-content\/uploads\/2024\/04\/handelsmanager-foschaubild-linkedin.png","type":"image\/png"}],"twitter_card":"summary_large_image","twitter_misc":{"Estimated reading time":"4 minutes","Written by":"Puntigam Christin"},"schema":{"@context":"https:\/\/schema.org","@graph":[{"@type":"WebPage","@id":"https:\/\/www.campus02.at\/news\/ein-kapitel-schliesst-sich-feierlicher-abschluss-des-akademischen-lehrgangs-handelsmanagement\/","url":"https:\/\/www.campus02.at\/news\/ein-kapitel-schliesst-sich-feierlicher-abschluss-des-akademischen-lehrgangs-handelsmanagement\/","name":"Ein Kapitel schlie\u00dft sich: Feierlicher Abschluss des Akademischen Lehrgangs Handelsmanagement\u00a0 - FH CAMPUS 02","isPartOf":{"@id":"https:\/\/www.campus02.at\/#website"},"primaryImageOfPage":{"@id":"https:\/\/www.campus02.at\/news\/ein-kapitel-schliesst-sich-feierlicher-abschluss-des-akademischen-lehrgangs-handelsmanagement\/#primaryimage"},"image":{"@id":"https:\/\/www.campus02.at\/news\/ein-kapitel-schliesst-sich-feierlicher-abschluss-des-akademischen-lehrgangs-handelsmanagement\/#primaryimage"},"thumbnailUrl":"https:\/\/www.campus02.at\/wp-content\/uploads\/2024\/04\/titelbild.png","datePublished":"2024-04-22T11:07:13+00:00","dateModified":"2024-04-22T12:19:04+00:00","breadcrumb":{"@id":"https:\/\/www.campus02.at\/news\/ein-kapitel-schliesst-sich-feierlicher-abschluss-des-akademischen-lehrgangs-handelsmanagement\/#breadcrumb"},"inLanguage":"en-GB","potentialAction":[{"@type":"ReadAction","target":["https:\/\/www.campus02.at\/news\/ein-kapitel-schliesst-sich-feierlicher-abschluss-des-akademischen-lehrgangs-handelsmanagement\/"]}]},{"@type":"ImageObject","inLanguage":"en-GB","@id":"https:\/\/www.campus02.at\/news\/ein-kapitel-schliesst-sich-feierlicher-abschluss-des-akademischen-lehrgangs-handelsmanagement\/#primaryimage","url":"https:\/\/www.campus02.at\/wp-content\/uploads\/2024\/04\/titelbild.png","contentUrl":"https:\/\/www.campus02.at\/wp-content\/uploads\/2024\/04\/titelbild.png","width":1024,"height":341,"caption":"Gruppenfoto des Lehrgangs Handelsmanagement"},{"@type":"BreadcrumbList","@id":"https:\/\/www.campus02.at\/news\/ein-kapitel-schliesst-sich-feierlicher-abschluss-des-akademischen-lehrgangs-handelsmanagement\/#breadcrumb","itemListElement":[{"@type":"ListItem","position":1,"name":"Startseite","item":"https:\/\/www.campus02.at\/"},{"@type":"ListItem","position":2,"name":"Ein Kapitel schlie\u00dft sich: Feierlicher Abschluss des Akademischen Lehrgangs Handelsmanagement\u00a0"}]},{"@type":"WebSite","@id":"https:\/\/www.campus02.at\/#website","url":"https:\/\/www.campus02.at\/","name":"CAMPUS 02 UAS","description":"","publisher":{"@id":"https:\/\/www.campus02.at\/#organization"},"potentialAction":[{"@type":"SearchAction","target":{"@type":"EntryPoint","urlTemplate":"https:\/\/www.campus02.at\/?s={search_term_string}"},"query-input":{"@type":"PropertyValueSpecification","valueRequired":true,"valueName":"search_term_string"}}],"inLanguage":"en-GB"},{"@type":"Organization","@id":"https:\/\/www.campus02.at\/#organization","name":"CAMPUS 02 UAS","url":"https:\/\/www.campus02.at\/","logo":{"@type":"ImageObject","inLanguage":"en-GB","@id":"https:\/\/www.campus02.at\/#\/schema\/logo\/image\/","url":"https:\/\/www.campus02.at\/wp-content\/uploads\/2016\/10\/Logo.jpg","contentUrl":"https:\/\/www.campus02.at\/wp-content\/uploads\/2016\/10\/Logo.jpg","width":1108,"height":440,"caption":"FH CAMPUS 02"},"image":{"@id":"https:\/\/www.campus02.at\/#\/schema\/logo\/image\/"}}]}},"_links":{"self":[{"href":"https:\/\/www.campus02.at\/en\/wp-json\/wp\/v2\/campus_news\/146881","targetHints":{"allow":["GET"]}}],"collection":[{"href":"https:\/\/www.campus02.at\/en\/wp-json\/wp\/v2\/campus_news"}],"about":[{"href":"https:\/\/www.campus02.at\/en\/wp-json\/wp\/v2\/types\/campus_news"}],"author":[{"embeddable":true,"href":"https:\/\/www.campus02.at\/en\/wp-json\/wp\/v2\/users\/166"}],"version-history":[{"count":7,"href":"https:\/\/www.campus02.at\/en\/wp-json\/wp\/v2\/campus_news\/146881\/revisions"}],"predecessor-version":[{"id":146899,"href":"https:\/\/www.campus02.at\/en\/wp-json\/wp\/v2\/campus_news\/146881\/revisions\/146899"}],"wp:featuredmedia":[{"embeddable":true,"href":"https:\/\/www.campus02.at\/en\/wp-json\/wp\/v2\/media\/146883"}],"wp:attachment":[{"href":"https:\/\/www.campus02.at\/en\/wp-json\/wp\/v2\/media?parent=146881"}],"wp:term":[{"taxonomy":"author","embeddable":true,"href":"https:\/\/www.campus02.at\/en\/wp-json\/wp\/v2\/coauthors?post=146881"}],"curies":[{"name":"wp","href":"https:\/\/api.w.org\/{rel}","templated":true}]}}