{"id":128671,"date":"2023-01-05T08:11:14","date_gmt":"2023-01-05T07:11:14","guid":{"rendered":"https:\/\/www.campus02.at\/?post_type=campus_news&#038;p=128671"},"modified":"2023-01-10T18:32:02","modified_gmt":"2023-01-10T17:32:02","slug":"wie-sich-der-jahreswechsel-steuerlich-vorteilhaft-fuer-uns-auswirkt","status":"publish","type":"campus_news","link":"https:\/\/www.campus02.at\/en\/news\/wie-sich-der-jahreswechsel-steuerlich-vorteilhaft-fuer-uns-auswirkt\/","title":{"rendered":"\u201eChange\u201c als Chance"},"content":{"rendered":"<h4><b><span data-contrast=\"auto\">&#8230;oder wie sich der Jahreswechsel steuerlich vorteilhaft f\u00fcr uns auswirkt.<\/span><\/b><span data-ccp-props=\"{&quot;201341983&quot;:0,&quot;335559739&quot;:160,&quot;335559740&quot;:259}\">\u00a0<\/span><\/h4>\n<p><span data-contrast=\"auto\">In den letzten Jahren fegt nicht nur eine Krise nach der anderen durch das Land, sondern es wirbeln auch zahlreiche Entlastungspakete und damit verbundene Gesetzes\u00e4nderungen merklich Staub auf.\u00a0<\/span><span data-ccp-props=\"{&quot;201341983&quot;:0,&quot;335551550&quot;:6,&quot;335551620&quot;:6,&quot;335559739&quot;:160,&quot;335559740&quot;:259}\">\u00a0<\/span><\/p>\n<p><strong>Im Folgenden findet sich eine Zusammenstellung der gesetzlichen \u00c4nderungen, der Fokus liegt auf den Auswirkungen f\u00fcr (berufsbegleitend) Studierende und damit einhergehende finanzielle Vorteile:<\/strong><\/p>\n<p>&nbsp;<\/p>\n<ul>\n<li data-leveltext=\"\u00fe\" data-font=\"Wingdings\" data-listid=\"1\" data-list-defn-props=\"{&quot;335552541&quot;:1,&quot;335559684&quot;:-2,&quot;335559685&quot;:720,&quot;335559991&quot;:360,&quot;469769226&quot;:&quot;Wingdings&quot;,&quot;469769242&quot;:[8226],&quot;469777803&quot;:&quot;left&quot;,&quot;469777804&quot;:&quot;\u00fe&quot;,&quot;469777815&quot;:&quot;hybridMultilevel&quot;}\" data-aria-posinset=\"1\" data-aria-level=\"1\"><b><span data-contrast=\"auto\">Senkung des Steuersatzes: 40% statt 42%<\/span><\/b><span data-ccp-props=\"{&quot;201341983&quot;:0,&quot;335551550&quot;:6,&quot;335551620&quot;:6,&quot;335559685&quot;:426,&quot;335559739&quot;:160,&quot;335559740&quot;:259}\">\u00a0<\/span><\/li>\n<\/ul>\n<p><span data-contrast=\"auto\">Beginnend mit 01.07.2023 wird der Einkommensteuertarif der dritten Tarifstufe von 42% auf 40% gesenkt. Nachdem es sich um eine unterj\u00e4hrige Tarifsenkung handelt, wird f\u00fcr das Jahr 2023 ein Mischsteuersatz von 41% angewendet. Allein diese Senkung w\u00fcrde bei einer vollumf\u00e4nglichen Ausn\u00fctzung eine <\/span><b><span data-contrast=\"auto\">Steuerersparnis von EUR 290 im Jahr 2023<\/span><\/b><span data-contrast=\"auto\"> bringen.(<\/span><span data-contrast=\"auto\">1)<\/span><\/p>\n<p><a href=\"https:\/\/www.campus02.at\/wp-content\/uploads\/2023\/01\/A\u0308nderungen-2023.jpg\"><img fetchpriority=\"high\" decoding=\"async\" class=\"wp-image-128685 aligncenter\" src=\"https:\/\/www.campus02.at\/wp-content\/uploads\/2023\/01\/A\u0308nderungen-2023-300x172.jpg\" alt=\"steuerliche A\u0308nderungen 2023\" width=\"409\" height=\"235\" srcset=\"https:\/\/www.campus02.at\/wp-content\/uploads\/2023\/01\/A\u0308nderungen-2023-300x172.jpg 300w, https:\/\/www.campus02.at\/wp-content\/uploads\/2023\/01\/A\u0308nderungen-2023-1024x586.jpg 1024w, https:\/\/www.campus02.at\/wp-content\/uploads\/2023\/01\/A\u0308nderungen-2023-768x439.jpg 768w, https:\/\/www.campus02.at\/wp-content\/uploads\/2023\/01\/A\u0308nderungen-2023.jpg 1528w\" sizes=\"(max-width: 409px) 100vw, 409px\" \/><\/a><\/p>\n<ul>\n<li data-leveltext=\"\u00fe\" data-font=\"Wingdings\" data-listid=\"1\" data-list-defn-props=\"{&quot;335552541&quot;:1,&quot;335559684&quot;:-2,&quot;335559685&quot;:720,&quot;335559991&quot;:360,&quot;469769226&quot;:&quot;Wingdings&quot;,&quot;469769242&quot;:[8226],&quot;469777803&quot;:&quot;left&quot;,&quot;469777804&quot;:&quot;\u00fe&quot;,&quot;469777815&quot;:&quot;hybridMultilevel&quot;}\" data-aria-posinset=\"1\" data-aria-level=\"1\"><b><span data-contrast=\"auto\">Inflationsbereinigung der Steuerstufen<\/span><\/b><span data-ccp-props=\"{&quot;201341983&quot;:0,&quot;335551550&quot;:6,&quot;335551620&quot;:6,&quot;335559685&quot;:426,&quot;335559739&quot;:160,&quot;335559740&quot;:259}\">\u00a0<\/span><\/li>\n<\/ul>\n<p><span data-contrast=\"auto\">Ab 2023 werden j\u00e4hrlich nicht nur die Grenzwerte f\u00fcr die jeweiligen Steuerstufen, sondern auch eine Reihe von Absatzbetr\u00e4gen teilweise der Teuerung angepasst. Die einzelnen Steuerstufen des Einkommens erh\u00f6hen sich demnach in den ersten beiden Tarifbl\u00f6cken um je 6,3% und in den Steuerstufen drei bis sechs um je 3,46%. Diese Adaption der Grenzbetr\u00e4ge in Verbindung mit den ab 2023 geltenden Tarifsteuers\u00e4tzen f\u00fchrt im Vergleich zu 2022 bei einem Bruttojahresbezug von EUR 62.000 zu einer Steuerersparnis von EUR 1.125. F\u00fcr Studierende, mit einem j\u00e4hrlichen steuerpflichtigen <\/span><b><span data-contrast=\"auto\">Einkommen von max. EUR 15.000<\/span><\/b><span data-contrast=\"auto\"> (Zuverdienstgrenze Studienbeihilfe) w\u00fcrde die Abschaffung der kalten Progression im Jahr 2023 bei gleichbleibendem Gehalt im Vergleich zum Vorjahr eine <\/span><b><span data-contrast=\"auto\">Steuerersparnis von EUR 138,60 <\/span><\/b><span data-contrast=\"auto\">bewirken.\u00a0<\/span><span data-ccp-props=\"{&quot;201341983&quot;:0,&quot;335551550&quot;:6,&quot;335551620&quot;:6,&quot;335559685&quot;:426,&quot;335559739&quot;:160,&quot;335559740&quot;:259}\"><br \/>\n<\/span><em><a href=\"https:\/\/www.youtube.com\/watch?v=YrMcQduZPxk\">(Eine Erkl\u00e4rung zur kalten Progression findet ihr auf unserem <strong>&#8222;<\/strong><strong>RWC fundamentals&#8220; Kanal!)<\/strong><\/a><\/em><\/p>\n<p>&nbsp;<\/p>\n<ul>\n<li data-leveltext=\"\u00fe\" data-font=\"Wingdings\" data-listid=\"1\" data-list-defn-props=\"{&quot;335552541&quot;:1,&quot;335559684&quot;:-2,&quot;335559685&quot;:720,&quot;335559991&quot;:360,&quot;469769226&quot;:&quot;Wingdings&quot;,&quot;469769242&quot;:[8226],&quot;469777803&quot;:&quot;left&quot;,&quot;469777804&quot;:&quot;\u00fe&quot;,&quot;469777815&quot;:&quot;hybridMultilevel&quot;}\" data-aria-posinset=\"1\" data-aria-level=\"1\"><b><span data-contrast=\"auto\">Erh\u00f6hung der GWG-Grenze von EUR 800 auf EUR 1.000<\/span><\/b><span data-ccp-props=\"{&quot;201341983&quot;:0,&quot;335551550&quot;:6,&quot;335551620&quot;:6,&quot;335559685&quot;:426,&quot;335559739&quot;:160,&quot;335559740&quot;:259}\">\u00a0<\/span><\/li>\n<\/ul>\n<p><span data-contrast=\"auto\">Im Zusammenhang mit einer Ausbildung konnten bis dato diverse Ausgaben steuerlich geltend gemacht werden. Neu ist ab 2023, dass die Kostengrenze f\u00fcr die Anschaffung von Arbeitsmitteln wie bspw. Laptops, PCs o\u00e4, welche sofort im Jahr der Anschaffung zur G\u00e4nze als Werbungskosten und somit steuermindernd angesetzt werden k\u00f6nnen, auf EUR 1.000 angehoben wurde. \u00dcberschreiten die Aufwendungen die so genannte Grenze der geringwertigen Wirtschaftsg\u00fcter, muss der Kaufpreis nach wie vor auf die Nutzungsdauer verteilt werden. Je nach Progressionsstufe k\u00f6nnen Studienbeihilfenbezieher*innen nochmals bis zu <\/span><b><span data-contrast=\"auto\">EUR 40 sparen<\/span><\/b><span data-contrast=\"auto\">.(2)<br \/>\n<\/span><span data-contrast=\"auto\"><br \/>\n<\/span><\/p>\n<ul>\n<li data-leveltext=\"\u00fe\" data-font=\"Wingdings\" data-listid=\"1\" data-list-defn-props=\"{&quot;335552541&quot;:1,&quot;335559684&quot;:-2,&quot;335559685&quot;:720,&quot;335559991&quot;:360,&quot;469769226&quot;:&quot;Wingdings&quot;,&quot;469769242&quot;:[8226],&quot;469777803&quot;:&quot;left&quot;,&quot;469777804&quot;:&quot;\u00fe&quot;,&quot;469777815&quot;:&quot;hybridMultilevel&quot;}\" data-aria-posinset=\"2\" data-aria-level=\"1\"><b><span data-contrast=\"auto\">Valorisierung von diversen Sozialleistungen<\/span><\/b><span data-ccp-props=\"{&quot;201341983&quot;:0,&quot;335551550&quot;:6,&quot;335551620&quot;:6,&quot;335559685&quot;:426,&quot;335559739&quot;:160,&quot;335559740&quot;:259}\">\u00a0<\/span><\/li>\n<\/ul>\n<p><span data-contrast=\"auto\">Abgesehen von steuerlichen \u00c4nderungen werden ab 01.01.2023 auch Sozialleistungen wie Kranken-, Umschulungs- und Kinderbetreuungsgelder, oder die Familienbeihilfe udgl. an die Inflation angepasst. Die <\/span><b><span data-contrast=\"auto\">Familienbeihilfe zB f\u00fcr Studierende <\/span><\/b><span data-contrast=\"auto\">(Kind ab 19 Jahren) wird im Jahr um <\/span><b><span data-contrast=\"auto\">rund EUR 100 steigen<\/span><\/b><span data-contrast=\"auto\">. Auch die Studienbeihilfe soll ab 01.09.2023 um die Teuerungsrate bereinigt werden. Studierende, welche die h\u00f6chstm\u00f6gliche Beihilfe beziehen, k\u00f6nnen im Rahmen der adaptierten <\/span><b><span data-contrast=\"auto\">Studienbeihilfe bis zu EUR 620 mehr<\/span><\/b><span data-contrast=\"auto\"> pro Jahr am Konto verbuchen.(<\/span><span data-contrast=\"auto\">3)<\/span><\/p>\n<p><span data-contrast=\"auto\">Zusammenfassend kann festgehalten werden, dass diese Ver\u00e4nderung aus Sicht der Studierenden durchaus positive Neuerungen mit sich bringen. Einerseits werden Studierenden durch einen <\/span><b><span data-contrast=\"auto\">h\u00f6heren Betrag an Sozialleistungen<\/span><\/b><span data-contrast=\"auto\"> von der Regierung unterst\u00fctzt, andererseits <\/span><b><span data-contrast=\"auto\">bleibt mehr Netto vom Brutto<\/span><\/b><span data-contrast=\"auto\"> im \u201eB\u00f6rserl\u201c.<\/span><span data-ccp-props=\"{&quot;201341983&quot;:0,&quot;335551550&quot;:6,&quot;335551620&quot;:6,&quot;335559739&quot;:160,&quot;335559740&quot;:259}\">\u00a0<\/span><\/p>\n<p><span data-contrast=\"auto\">In diesem Sinne w\u00fcnscht das Team vom Department RWC einen gro\u00dfartigen Start in ein chancenreiches neues Jahr.<\/span><\/p>\n<p>&nbsp;<\/p>\n<p><em>1 S. \u00a7 33 (1) EStG <\/em><br \/>\n<em>2 S. \u00a7 16 (1) Z 8 EStG iVm \u00a7 13 EStG <\/em><br \/>\n<em>3 https:\/\/www.bmbwf.gv.at\/Themen\/HS-Uni\/Studium\/Studienf%C3%B6rderung\/studienbeihilfe_neu.html<\/em><\/p>","protected":false},"excerpt":{"rendered":"<p>&#8230;oder wie sich der Jahreswechsel steuerlich vorteilhaft f\u00fcr uns auswirkt.\u00a0 In den letzten Jahren fegt nicht nur eine <a href=\"https:\/\/www.campus02.at\/en\/news\/wie-sich-der-jahreswechsel-steuerlich-vorteilhaft-fuer-uns-auswirkt\/\" class=\"more-link\">more&hellip;<\/a><\/p>","protected":false},"author":166,"featured_media":128679,"parent":0,"template":"","coauthors":[1069],"class_list":["post-128671","campus_news","type-campus_news","status-publish","has-post-thumbnail","hentry","degree_programms-rechnungswesen-controlling"],"acf":[],"yoast_head":"<!-- This site is optimized with the Yoast SEO plugin v26.9 - https:\/\/yoast.com\/product\/yoast-seo-wordpress\/ -->\n<title>\u201eChange\u201c als Chance - FH CAMPUS 02<\/title>\n<meta name=\"description\" content=\"Eine Zusammenstellung der gesetzlichen \u00c4nderungen und damit einhergehenden finanziellen Vorteile sollen f\u00fcr das Jahr 2023 aufgezeigt werden.\" \/>\n<meta name=\"robots\" content=\"index, follow, max-snippet:-1, max-image-preview:large, max-video-preview:-1\" \/>\n<link rel=\"canonical\" href=\"https:\/\/www.campus02.at\/en\/news\/wie-sich-der-jahreswechsel-steuerlich-vorteilhaft-fuer-uns-auswirkt\/\" \/>\n<meta property=\"og:locale\" content=\"en_GB\" \/>\n<meta property=\"og:type\" content=\"article\" \/>\n<meta property=\"og:title\" content=\"Jahreswechsel bringt finanziellen Vorteil\" \/>\n<meta property=\"og:description\" content=\"Eine Zusammenstellung der gesetzlichen \u00c4nderungen und damit einhergehenden finanziellen Vorteile sollen f\u00fcr das Jahr 2023 aufgezeigt werden.\" \/>\n<meta property=\"og:url\" content=\"https:\/\/www.campus02.at\/en\/news\/wie-sich-der-jahreswechsel-steuerlich-vorteilhaft-fuer-uns-auswirkt\/\" \/>\n<meta property=\"og:site_name\" content=\"FH CAMPUS 02\" \/>\n<meta property=\"article:modified_time\" content=\"2023-01-10T17:32:02+00:00\" \/>\n<meta property=\"og:image\" content=\"https:\/\/www.campus02.at\/wp-content\/uploads\/2023\/01\/Blogbeitragsbild_FB_Vorschau.png\" \/>\n\t<meta property=\"og:image:width\" content=\"1200\" \/>\n\t<meta property=\"og:image:height\" content=\"630\" \/>\n\t<meta property=\"og:image:type\" content=\"image\/png\" \/>\n<meta name=\"twitter:card\" content=\"summary_large_image\" \/>\n<meta name=\"twitter:label1\" content=\"Estimated reading time\" \/>\n\t<meta name=\"twitter:data1\" content=\"3 minutes\" \/>\n\t<meta name=\"twitter:label2\" content=\"Written by\" \/>\n\t<meta name=\"twitter:data2\" content=\"Puntigam Christin\" \/>\n<script type=\"application\/ld+json\" class=\"yoast-schema-graph\">{\"@context\":\"https:\/\/schema.org\",\"@graph\":[{\"@type\":\"WebPage\",\"@id\":\"https:\/\/www.campus02.at\/news\/wie-sich-der-jahreswechsel-steuerlich-vorteilhaft-fuer-uns-auswirkt\/\",\"url\":\"https:\/\/www.campus02.at\/news\/wie-sich-der-jahreswechsel-steuerlich-vorteilhaft-fuer-uns-auswirkt\/\",\"name\":\"\u201eChange\u201c als Chance - FH CAMPUS 02\",\"isPartOf\":{\"@id\":\"https:\/\/www.campus02.at\/#website\"},\"primaryImageOfPage\":{\"@id\":\"https:\/\/www.campus02.at\/news\/wie-sich-der-jahreswechsel-steuerlich-vorteilhaft-fuer-uns-auswirkt\/#primaryimage\"},\"image\":{\"@id\":\"https:\/\/www.campus02.at\/news\/wie-sich-der-jahreswechsel-steuerlich-vorteilhaft-fuer-uns-auswirkt\/#primaryimage\"},\"thumbnailUrl\":\"https:\/\/www.campus02.at\/wp-content\/uploads\/2023\/01\/Blogbeitragsbild_Web.png\",\"datePublished\":\"2023-01-05T07:11:14+00:00\",\"dateModified\":\"2023-01-10T17:32:02+00:00\",\"description\":\"Eine Zusammenstellung der gesetzlichen \u00c4nderungen und damit einhergehenden finanziellen Vorteile sollen f\u00fcr das Jahr 2023 aufgezeigt werden.\",\"breadcrumb\":{\"@id\":\"https:\/\/www.campus02.at\/news\/wie-sich-der-jahreswechsel-steuerlich-vorteilhaft-fuer-uns-auswirkt\/#breadcrumb\"},\"inLanguage\":\"en-GB\",\"potentialAction\":[{\"@type\":\"ReadAction\",\"target\":[\"https:\/\/www.campus02.at\/news\/wie-sich-der-jahreswechsel-steuerlich-vorteilhaft-fuer-uns-auswirkt\/\"]}]},{\"@type\":\"ImageObject\",\"inLanguage\":\"en-GB\",\"@id\":\"https:\/\/www.campus02.at\/news\/wie-sich-der-jahreswechsel-steuerlich-vorteilhaft-fuer-uns-auswirkt\/#primaryimage\",\"url\":\"https:\/\/www.campus02.at\/wp-content\/uploads\/2023\/01\/Blogbeitragsbild_Web.png\",\"contentUrl\":\"https:\/\/www.campus02.at\/wp-content\/uploads\/2023\/01\/Blogbeitragsbild_Web.png\",\"width\":1024,\"height\":341,\"caption\":\"Blogbeitragsbild_Web_Steuern\"},{\"@type\":\"BreadcrumbList\",\"@id\":\"https:\/\/www.campus02.at\/news\/wie-sich-der-jahreswechsel-steuerlich-vorteilhaft-fuer-uns-auswirkt\/#breadcrumb\",\"itemListElement\":[{\"@type\":\"ListItem\",\"position\":1,\"name\":\"Startseite\",\"item\":\"https:\/\/www.campus02.at\/\"},{\"@type\":\"ListItem\",\"position\":2,\"name\":\"\u201eChange\u201c als Chance\"}]},{\"@type\":\"WebSite\",\"@id\":\"https:\/\/www.campus02.at\/#website\",\"url\":\"https:\/\/www.campus02.at\/\",\"name\":\"FH CAMPUS 02\",\"description\":\"\",\"publisher\":{\"@id\":\"https:\/\/www.campus02.at\/#organization\"},\"potentialAction\":[{\"@type\":\"SearchAction\",\"target\":{\"@type\":\"EntryPoint\",\"urlTemplate\":\"https:\/\/www.campus02.at\/?s={search_term_string}\"},\"query-input\":{\"@type\":\"PropertyValueSpecification\",\"valueRequired\":true,\"valueName\":\"search_term_string\"}}],\"inLanguage\":\"en-GB\"},{\"@type\":\"Organization\",\"@id\":\"https:\/\/www.campus02.at\/#organization\",\"name\":\"FH CAMPUS 02\",\"url\":\"https:\/\/www.campus02.at\/\",\"logo\":{\"@type\":\"ImageObject\",\"inLanguage\":\"en-GB\",\"@id\":\"https:\/\/www.campus02.at\/#\/schema\/logo\/image\/\",\"url\":\"https:\/\/www.campus02.at\/wp-content\/uploads\/2016\/10\/Logo.jpg\",\"contentUrl\":\"https:\/\/www.campus02.at\/wp-content\/uploads\/2016\/10\/Logo.jpg\",\"width\":1108,\"height\":440,\"caption\":\"FH CAMPUS 02\"},\"image\":{\"@id\":\"https:\/\/www.campus02.at\/#\/schema\/logo\/image\/\"}}]}<\/script>\n<!-- \/ Yoast SEO plugin. -->","yoast_head_json":{"title":"\u201eChange\u201c als Chance - FH CAMPUS 02","description":"Eine Zusammenstellung der gesetzlichen \u00c4nderungen und damit einhergehenden finanziellen Vorteile sollen f\u00fcr das Jahr 2023 aufgezeigt werden.","robots":{"index":"index","follow":"follow","max-snippet":"max-snippet:-1","max-image-preview":"max-image-preview:large","max-video-preview":"max-video-preview:-1"},"canonical":"https:\/\/www.campus02.at\/en\/news\/wie-sich-der-jahreswechsel-steuerlich-vorteilhaft-fuer-uns-auswirkt\/","og_locale":"en_GB","og_type":"article","og_title":"Jahreswechsel bringt finanziellen Vorteil","og_description":"Eine Zusammenstellung der gesetzlichen \u00c4nderungen und damit einhergehenden finanziellen Vorteile sollen f\u00fcr das Jahr 2023 aufgezeigt werden.","og_url":"https:\/\/www.campus02.at\/en\/news\/wie-sich-der-jahreswechsel-steuerlich-vorteilhaft-fuer-uns-auswirkt\/","og_site_name":"FH CAMPUS 02","article_modified_time":"2023-01-10T17:32:02+00:00","og_image":[{"width":1200,"height":630,"url":"https:\/\/www.campus02.at\/wp-content\/uploads\/2023\/01\/Blogbeitragsbild_FB_Vorschau.png","type":"image\/png"}],"twitter_card":"summary_large_image","twitter_misc":{"Estimated reading time":"3 minutes","Written by":"Puntigam Christin"},"schema":{"@context":"https:\/\/schema.org","@graph":[{"@type":"WebPage","@id":"https:\/\/www.campus02.at\/news\/wie-sich-der-jahreswechsel-steuerlich-vorteilhaft-fuer-uns-auswirkt\/","url":"https:\/\/www.campus02.at\/news\/wie-sich-der-jahreswechsel-steuerlich-vorteilhaft-fuer-uns-auswirkt\/","name":"\u201eChange\u201c als Chance - FH CAMPUS 02","isPartOf":{"@id":"https:\/\/www.campus02.at\/#website"},"primaryImageOfPage":{"@id":"https:\/\/www.campus02.at\/news\/wie-sich-der-jahreswechsel-steuerlich-vorteilhaft-fuer-uns-auswirkt\/#primaryimage"},"image":{"@id":"https:\/\/www.campus02.at\/news\/wie-sich-der-jahreswechsel-steuerlich-vorteilhaft-fuer-uns-auswirkt\/#primaryimage"},"thumbnailUrl":"https:\/\/www.campus02.at\/wp-content\/uploads\/2023\/01\/Blogbeitragsbild_Web.png","datePublished":"2023-01-05T07:11:14+00:00","dateModified":"2023-01-10T17:32:02+00:00","description":"Eine Zusammenstellung der gesetzlichen \u00c4nderungen und damit einhergehenden finanziellen Vorteile sollen f\u00fcr das Jahr 2023 aufgezeigt werden.","breadcrumb":{"@id":"https:\/\/www.campus02.at\/news\/wie-sich-der-jahreswechsel-steuerlich-vorteilhaft-fuer-uns-auswirkt\/#breadcrumb"},"inLanguage":"en-GB","potentialAction":[{"@type":"ReadAction","target":["https:\/\/www.campus02.at\/news\/wie-sich-der-jahreswechsel-steuerlich-vorteilhaft-fuer-uns-auswirkt\/"]}]},{"@type":"ImageObject","inLanguage":"en-GB","@id":"https:\/\/www.campus02.at\/news\/wie-sich-der-jahreswechsel-steuerlich-vorteilhaft-fuer-uns-auswirkt\/#primaryimage","url":"https:\/\/www.campus02.at\/wp-content\/uploads\/2023\/01\/Blogbeitragsbild_Web.png","contentUrl":"https:\/\/www.campus02.at\/wp-content\/uploads\/2023\/01\/Blogbeitragsbild_Web.png","width":1024,"height":341,"caption":"Blogbeitragsbild_Web_Steuern"},{"@type":"BreadcrumbList","@id":"https:\/\/www.campus02.at\/news\/wie-sich-der-jahreswechsel-steuerlich-vorteilhaft-fuer-uns-auswirkt\/#breadcrumb","itemListElement":[{"@type":"ListItem","position":1,"name":"Startseite","item":"https:\/\/www.campus02.at\/"},{"@type":"ListItem","position":2,"name":"\u201eChange\u201c als Chance"}]},{"@type":"WebSite","@id":"https:\/\/www.campus02.at\/#website","url":"https:\/\/www.campus02.at\/","name":"CAMPUS 02 UAS","description":"","publisher":{"@id":"https:\/\/www.campus02.at\/#organization"},"potentialAction":[{"@type":"SearchAction","target":{"@type":"EntryPoint","urlTemplate":"https:\/\/www.campus02.at\/?s={search_term_string}"},"query-input":{"@type":"PropertyValueSpecification","valueRequired":true,"valueName":"search_term_string"}}],"inLanguage":"en-GB"},{"@type":"Organization","@id":"https:\/\/www.campus02.at\/#organization","name":"CAMPUS 02 UAS","url":"https:\/\/www.campus02.at\/","logo":{"@type":"ImageObject","inLanguage":"en-GB","@id":"https:\/\/www.campus02.at\/#\/schema\/logo\/image\/","url":"https:\/\/www.campus02.at\/wp-content\/uploads\/2016\/10\/Logo.jpg","contentUrl":"https:\/\/www.campus02.at\/wp-content\/uploads\/2016\/10\/Logo.jpg","width":1108,"height":440,"caption":"FH CAMPUS 02"},"image":{"@id":"https:\/\/www.campus02.at\/#\/schema\/logo\/image\/"}}]}},"_links":{"self":[{"href":"https:\/\/www.campus02.at\/en\/wp-json\/wp\/v2\/campus_news\/128671","targetHints":{"allow":["GET"]}}],"collection":[{"href":"https:\/\/www.campus02.at\/en\/wp-json\/wp\/v2\/campus_news"}],"about":[{"href":"https:\/\/www.campus02.at\/en\/wp-json\/wp\/v2\/types\/campus_news"}],"author":[{"embeddable":true,"href":"https:\/\/www.campus02.at\/en\/wp-json\/wp\/v2\/users\/166"}],"version-history":[{"count":7,"href":"https:\/\/www.campus02.at\/en\/wp-json\/wp\/v2\/campus_news\/128671\/revisions"}],"predecessor-version":[{"id":134418,"href":"https:\/\/www.campus02.at\/en\/wp-json\/wp\/v2\/campus_news\/128671\/revisions\/134418"}],"wp:featuredmedia":[{"embeddable":true,"href":"https:\/\/www.campus02.at\/en\/wp-json\/wp\/v2\/media\/128679"}],"wp:attachment":[{"href":"https:\/\/www.campus02.at\/en\/wp-json\/wp\/v2\/media?parent=128671"}],"wp:term":[{"taxonomy":"author","embeddable":true,"href":"https:\/\/www.campus02.at\/en\/wp-json\/wp\/v2\/coauthors?post=128671"}],"curies":[{"name":"wp","href":"https:\/\/api.w.org\/{rel}","templated":true}]}}