{"id":127904,"date":"2022-12-02T15:40:56","date_gmt":"2022-12-02T14:40:56","guid":{"rendered":"https:\/\/www.campus02.at\/?post_type=campus_news&#038;p=127904"},"modified":"2022-12-06T10:46:17","modified_gmt":"2022-12-06T09:46:17","slug":"wie-nachaltigkeitsberichterstattung-kmus-weiter-bringt","status":"publish","type":"campus_news","link":"https:\/\/www.campus02.at\/en\/news\/wie-nachaltigkeitsberichterstattung-kmus-weiter-bringt\/","title":{"rendered":"Wie Nachaltigkeitsberichterstattung KMUs weiter bringt"},"content":{"rendered":"<p>Die FH CAMPUS 02 setzt einen weiteren Schritt in Richtung nachhaltige Zukunft. Am 23.11.2022 fand der vom Department <a href=\"https:\/\/www.campus02.at\/rechnungswesen\/en\/\"><u>Financial Accounting<\/u><\/a> allj\u00e4hrlich veranstaltete <strong>Akademische Diskurs<\/strong> unter dem Titel \u201eNachhaltigkeitsberichterstattung \u2013 Theorie und Praxis f\u00fcr KMU\u201c statt. Heuer endlich wieder vor Ort. Rund 250 Personen folgten der Einladung.<\/p>\n<h4><strong>Praxisprojekte mit Mehrwert<\/strong><\/h4>\n<p>Der Akademische Diskurs hat das Ziel, die von den Studierenden im vierten und f\u00fcnften Semester abgewickelten Praxisprojekte den Besucher*innen n\u00e4herzubringen. Zwei der Projekte besch\u00e4ftigten sich mit den \u00c4nderungen, die sich aufgrund der EU-Taxonomie-Verordnung ergeben, und untersuchten dabei deren theoretischen und praktischen Auswirkungen f\u00fcr Klein- und Mittelunternehmen. Die Ergebnisse wurden von den Studierenden der Projektteams selbst pr\u00e4sentiert.<\/p>\n<figure id=\"attachment_127982\" aria-describedby=\"caption-attachment-127982\" style=\"width: 499px\" class=\"wp-caption alignnone\"><a href=\"https:\/\/www.campus02.at\/wp-content\/uploads\/2022\/12\/ow-7862-1.jpg\"><img fetchpriority=\"high\" decoding=\"async\" class=\"wp-image-127982\" src=\"https:\/\/www.campus02.at\/wp-content\/uploads\/2022\/12\/ow-7862-1-300x200.jpg\" alt=\"Podiumsdiskussion\" width=\"499\" height=\"332\" srcset=\"https:\/\/www.campus02.at\/wp-content\/uploads\/2022\/12\/ow-7862-1-300x200.jpg 300w, https:\/\/www.campus02.at\/wp-content\/uploads\/2022\/12\/ow-7862-1-768x512.jpg 768w, https:\/\/www.campus02.at\/wp-content\/uploads\/2022\/12\/ow-7862-1.jpg 1000w\" sizes=\"(max-width: 499px) 100vw, 499px\" \/><\/a><figcaption id=\"caption-attachment-127982\" class=\"wp-caption-text\"><em>Podiumsdiskussion mit Julia Zotter, Gernot Hutter, Klaus Gaedke, Anna Waldner und den beiden Moderator*innen Mario Puschnigg und Johanna Drexler<\/em><\/figcaption><\/figure>\n<h4><strong>Nachhaltigkeit als strategisches Ziel<\/strong><\/h4>\n<p>Bei der im Anschluss stattfindenden Podiumsdiskussion unterstrich Anna Waldner, Betreuerin der Projekte und hauptberufliche Lektorin am Department <a href=\"https:\/\/www.campus02.at\/rechnungswesen\/en\/\"><u>Financial Accounting<\/u><\/a>, den kontinuierlich steigenden Stellenwert der nachhaltigen Berichterstattung und die Relevanz, diese auch ins Curriculum der Bachelor- uns Master-Studieng\u00e4nge einflie\u00dfen zu lassen. Auch f\u00fcr Julia Zotter, Gesch\u00e4ftsf\u00fchrerin der <a href=\"https:\/\/www.zotter.at\/\"><strong>Zotter Schokolade GmbH<\/strong><\/a>, ist Nachhaltigkeit in Unternehmen ein strategisches Ziel, das f\u00fcr das langfristige Fortbestehen von Unternehmen essenziell ist. Im Familienunternehmen wird \u00a0eine nachhaltige Unternehmensphilosophie aktiv gelebt. Das beginnt bereits beim Bezug der Rohstoffe, geht \u00fcber die Pflege von Lieferantenbeziehungen bis hin zur Instandhaltung und Wartung der Maschinen.<\/p>\n<p>Klaus Gaedke, Steuerberater und Vizepr\u00e4sident der Kammer der Steuerberater*innen und Wirtschaftspr\u00fcfer*innen, sieht seitens des Gesetzgebers die Verantwortung, nicht nur umweltsch\u00e4dliches Verhalten zu bestrafen, sondern auch nachhaltiges Wirtschaften st\u00e4rker zu f\u00f6rdern.<\/p>\n<p>Der Unternehmensberater und General Manager bei <strong>N17 Agentur f\u00fcr nachhaltige Innovation &amp; Kommunikation<\/strong> Gernot Hutter unterst\u00fctzt tagt\u00e4glich Unternehmen dabei, nachhaltiger zu agieren und ihren CO2-Fu\u00dfabdruck zu erfassen. Er sieht ein hohes Potenzial in der Nachhaltigkeit, betont jedoch, dass Ressourcen und das Gesamtverst\u00e4ndnis f\u00fcr Nachhaltigkeit fehlen. Er betont, dass es unabdingbar sei, diese Thematik von den Entscheidungstr\u00e4ger*innen herbeizuf\u00fchren und mitzutragen.<\/p>\n<figure id=\"attachment_127967\" aria-describedby=\"caption-attachment-127967\" style=\"width: 503px\" class=\"wp-caption alignleft\"><a href=\"https:\/\/www.campus02.at\/wp-content\/uploads\/2022\/12\/ow-7339.jpg\"><img decoding=\"async\" class=\"wp-image-127967\" src=\"https:\/\/www.campus02.at\/wp-content\/uploads\/2022\/12\/ow-7339-300x200.jpg\" alt=\"\" width=\"503\" height=\"336\" srcset=\"https:\/\/www.campus02.at\/wp-content\/uploads\/2022\/12\/ow-7339-300x200.jpg 300w, https:\/\/www.campus02.at\/wp-content\/uploads\/2022\/12\/ow-7339-768x512.jpg 768w, https:\/\/www.campus02.at\/wp-content\/uploads\/2022\/12\/ow-7339.jpg 1000w\" sizes=\"(max-width: 503px) 100vw, 503px\" \/><\/a><figcaption id=\"caption-attachment-127967\" class=\"wp-caption-text\"><em>Teilnehmer*innen der Podiumsdiskussion gemeinsam mit den Moderator*innen, dem Departmentleiter RWC und der GF \/ V. l. n. r.: Kristina Edlinger-Ploder, Peter Meiregger, Johanna Drexler, Klaus Gaedke, Erich Brugger, Anna Waldner, Julia Zotter, Gernot Hutter, Rebecca Gruber, Mario Puschnigg<\/em><\/figcaption><\/figure>\n<p>&nbsp;<\/p>\n<p>&nbsp;<\/p>\n<p>&nbsp;<\/p>\n<p>&nbsp;<\/p>\n<p>&nbsp;<\/p>\n<p>&nbsp;<\/p>\n<p>&nbsp;<\/p>\n<p>&nbsp;<\/p>\n<p>&nbsp;<\/p>\n<p>&nbsp;<\/p>\n<p>&nbsp;<\/p>\n<p>&nbsp;<\/p>\n<p>&nbsp;<\/p>\n<p>&nbsp;<\/p>\n<p>&nbsp;<\/p>\n<p>Beim Buffet hatten die Teilnehmer*innen dann Zeit zum Netzwerken.<\/p>\n<p><strong>Am 16. Dezember findet bei uns an der FH CAMPUS 02 zu diesem Thema ebenfalls im Rahmen eines Nachhaltigkeitsberichterstattungs-Workshops eine Einf\u00fchrung in die neue EU-Richtlinie und ihre Auswirkungen auf KMU statt! <\/strong><br \/>\n<a href=\"https:\/\/www.dih-sued.at\/veranstaltungen\/article\/nachhaltigkeitsberichterstattung-aktuelle-entwicklungen\"><strong>Bei Interesse k\u00f6nnen Sie sich gerne f\u00fcr den Workshop hier anmelden!<\/strong><\/a><\/p>\n<p>(Fotorechte liegen einzig und allein bei Oliver Wolf)<\/p>","protected":false},"excerpt":{"rendered":"<p>Die FH CAMPUS 02 setzt einen weiteren Schritt in Richtung nachhaltige Zukunft. Am 23.11.2022 fand der vom Department <a href=\"https:\/\/www.campus02.at\/en\/news\/wie-nachaltigkeitsberichterstattung-kmus-weiter-bringt\/\" class=\"more-link\">more&hellip;<\/a><\/p>","protected":false},"author":166,"featured_media":127934,"parent":0,"template":"","coauthors":[1069],"class_list":["post-127904","campus_news","type-campus_news","status-publish","has-post-thumbnail","hentry","degree_programms-rechnungswesen-controlling"],"acf":[],"yoast_head":"<!-- This site is optimized with the Yoast SEO plugin v26.9 - https:\/\/yoast.com\/product\/yoast-seo-wordpress\/ -->\n<title>Wie Nachaltigkeitsberichterstattung KMUs weiter bringt<\/title>\n<meta name=\"description\" content=\"Wir setzen einen weiteren Schritt in Richtung nachhaltige Zukunft. Am 23.11.2022 fand der vom Department RWC allj\u00e4hrlich veranstaltete Akademische Diskurs statt.\" \/>\n<meta name=\"robots\" content=\"index, follow, max-snippet:-1, max-image-preview:large, max-video-preview:-1\" \/>\n<link rel=\"canonical\" href=\"https:\/\/www.campus02.at\/en\/news\/wie-nachaltigkeitsberichterstattung-kmus-weiter-bringt\/\" \/>\n<meta property=\"og:locale\" content=\"en_GB\" \/>\n<meta property=\"og:type\" content=\"article\" \/>\n<meta property=\"og:title\" content=\"Wie Nachaltigkeitsberichterstattung KMUs weiter bringt\" \/>\n<meta property=\"og:description\" content=\"Wir setzen einen weiteren Schritt in Richtung nachhaltige Zukunft. Am 23.11.2022 fand der vom Department RWC allj\u00e4hrlich veranstaltete Akademische Diskurs statt.\" \/>\n<meta property=\"og:url\" content=\"https:\/\/www.campus02.at\/en\/news\/wie-nachaltigkeitsberichterstattung-kmus-weiter-bringt\/\" \/>\n<meta property=\"og:site_name\" content=\"FH CAMPUS 02\" \/>\n<meta property=\"article:modified_time\" content=\"2022-12-06T09:46:17+00:00\" \/>\n<meta property=\"og:image\" content=\"https:\/\/www.campus02.at\/wp-content\/uploads\/2022\/12\/Blogbeitragsbild_FB_Vorschau-5.png\" \/>\n\t<meta property=\"og:image:width\" content=\"1200\" \/>\n\t<meta property=\"og:image:height\" content=\"630\" \/>\n\t<meta property=\"og:image:type\" content=\"image\/png\" \/>\n<meta name=\"twitter:card\" content=\"summary_large_image\" \/>\n<meta name=\"twitter:label1\" content=\"Estimated reading time\" \/>\n\t<meta name=\"twitter:data1\" content=\"3 minutes\" \/>\n\t<meta name=\"twitter:label2\" content=\"Written by\" \/>\n\t<meta name=\"twitter:data2\" content=\"Puntigam Christin\" \/>\n<script type=\"application\/ld+json\" class=\"yoast-schema-graph\">{\"@context\":\"https:\/\/schema.org\",\"@graph\":[{\"@type\":\"WebPage\",\"@id\":\"https:\/\/www.campus02.at\/news\/wie-nachaltigkeitsberichterstattung-kmus-weiter-bringt\/\",\"url\":\"https:\/\/www.campus02.at\/news\/wie-nachaltigkeitsberichterstattung-kmus-weiter-bringt\/\",\"name\":\"Wie Nachaltigkeitsberichterstattung KMUs weiter bringt\",\"isPartOf\":{\"@id\":\"https:\/\/www.campus02.at\/#website\"},\"primaryImageOfPage\":{\"@id\":\"https:\/\/www.campus02.at\/news\/wie-nachaltigkeitsberichterstattung-kmus-weiter-bringt\/#primaryimage\"},\"image\":{\"@id\":\"https:\/\/www.campus02.at\/news\/wie-nachaltigkeitsberichterstattung-kmus-weiter-bringt\/#primaryimage\"},\"thumbnailUrl\":\"https:\/\/www.campus02.at\/wp-content\/uploads\/2022\/11\/Blogbeitragsbild_Web-5.png\",\"datePublished\":\"2022-12-02T14:40:56+00:00\",\"dateModified\":\"2022-12-06T09:46:17+00:00\",\"description\":\"Wir setzen einen weiteren Schritt in Richtung nachhaltige Zukunft. Am 23.11.2022 fand der vom Department RWC allj\u00e4hrlich veranstaltete Akademische Diskurs statt.\",\"breadcrumb\":{\"@id\":\"https:\/\/www.campus02.at\/news\/wie-nachaltigkeitsberichterstattung-kmus-weiter-bringt\/#breadcrumb\"},\"inLanguage\":\"en-GB\",\"potentialAction\":[{\"@type\":\"ReadAction\",\"target\":[\"https:\/\/www.campus02.at\/news\/wie-nachaltigkeitsberichterstattung-kmus-weiter-bringt\/\"]}]},{\"@type\":\"ImageObject\",\"inLanguage\":\"en-GB\",\"@id\":\"https:\/\/www.campus02.at\/news\/wie-nachaltigkeitsberichterstattung-kmus-weiter-bringt\/#primaryimage\",\"url\":\"https:\/\/www.campus02.at\/wp-content\/uploads\/2022\/11\/Blogbeitragsbild_Web-5.png\",\"contentUrl\":\"https:\/\/www.campus02.at\/wp-content\/uploads\/2022\/11\/Blogbeitragsbild_Web-5.png\",\"width\":1024,\"height\":341,\"caption\":\"Blogbeitragsbild_Web_Titelbild\"},{\"@type\":\"BreadcrumbList\",\"@id\":\"https:\/\/www.campus02.at\/news\/wie-nachaltigkeitsberichterstattung-kmus-weiter-bringt\/#breadcrumb\",\"itemListElement\":[{\"@type\":\"ListItem\",\"position\":1,\"name\":\"Startseite\",\"item\":\"https:\/\/www.campus02.at\/\"},{\"@type\":\"ListItem\",\"position\":2,\"name\":\"Wie Nachaltigkeitsberichterstattung KMUs weiter bringt\"}]},{\"@type\":\"WebSite\",\"@id\":\"https:\/\/www.campus02.at\/#website\",\"url\":\"https:\/\/www.campus02.at\/\",\"name\":\"FH CAMPUS 02\",\"description\":\"\",\"publisher\":{\"@id\":\"https:\/\/www.campus02.at\/#organization\"},\"potentialAction\":[{\"@type\":\"SearchAction\",\"target\":{\"@type\":\"EntryPoint\",\"urlTemplate\":\"https:\/\/www.campus02.at\/?s={search_term_string}\"},\"query-input\":{\"@type\":\"PropertyValueSpecification\",\"valueRequired\":true,\"valueName\":\"search_term_string\"}}],\"inLanguage\":\"en-GB\"},{\"@type\":\"Organization\",\"@id\":\"https:\/\/www.campus02.at\/#organization\",\"name\":\"FH CAMPUS 02\",\"url\":\"https:\/\/www.campus02.at\/\",\"logo\":{\"@type\":\"ImageObject\",\"inLanguage\":\"en-GB\",\"@id\":\"https:\/\/www.campus02.at\/#\/schema\/logo\/image\/\",\"url\":\"https:\/\/www.campus02.at\/wp-content\/uploads\/2016\/10\/Logo.jpg\",\"contentUrl\":\"https:\/\/www.campus02.at\/wp-content\/uploads\/2016\/10\/Logo.jpg\",\"width\":1108,\"height\":440,\"caption\":\"FH CAMPUS 02\"},\"image\":{\"@id\":\"https:\/\/www.campus02.at\/#\/schema\/logo\/image\/\"}}]}<\/script>\n<!-- \/ Yoast SEO plugin. -->","yoast_head_json":{"title":"Wie Nachaltigkeitsberichterstattung KMUs weiter bringt","description":"Wir setzen einen weiteren Schritt in Richtung nachhaltige Zukunft. Am 23.11.2022 fand der vom Department RWC allj\u00e4hrlich veranstaltete Akademische Diskurs statt.","robots":{"index":"index","follow":"follow","max-snippet":"max-snippet:-1","max-image-preview":"max-image-preview:large","max-video-preview":"max-video-preview:-1"},"canonical":"https:\/\/www.campus02.at\/en\/news\/wie-nachaltigkeitsberichterstattung-kmus-weiter-bringt\/","og_locale":"en_GB","og_type":"article","og_title":"Wie Nachaltigkeitsberichterstattung KMUs weiter bringt","og_description":"Wir setzen einen weiteren Schritt in Richtung nachhaltige Zukunft. Am 23.11.2022 fand der vom Department RWC allj\u00e4hrlich veranstaltete Akademische Diskurs statt.","og_url":"https:\/\/www.campus02.at\/en\/news\/wie-nachaltigkeitsberichterstattung-kmus-weiter-bringt\/","og_site_name":"FH CAMPUS 02","article_modified_time":"2022-12-06T09:46:17+00:00","og_image":[{"width":1200,"height":630,"url":"https:\/\/www.campus02.at\/wp-content\/uploads\/2022\/12\/Blogbeitragsbild_FB_Vorschau-5.png","type":"image\/png"}],"twitter_card":"summary_large_image","twitter_misc":{"Estimated reading time":"3 minutes","Written by":"Puntigam Christin"},"schema":{"@context":"https:\/\/schema.org","@graph":[{"@type":"WebPage","@id":"https:\/\/www.campus02.at\/news\/wie-nachaltigkeitsberichterstattung-kmus-weiter-bringt\/","url":"https:\/\/www.campus02.at\/news\/wie-nachaltigkeitsberichterstattung-kmus-weiter-bringt\/","name":"Wie Nachaltigkeitsberichterstattung KMUs weiter bringt","isPartOf":{"@id":"https:\/\/www.campus02.at\/#website"},"primaryImageOfPage":{"@id":"https:\/\/www.campus02.at\/news\/wie-nachaltigkeitsberichterstattung-kmus-weiter-bringt\/#primaryimage"},"image":{"@id":"https:\/\/www.campus02.at\/news\/wie-nachaltigkeitsberichterstattung-kmus-weiter-bringt\/#primaryimage"},"thumbnailUrl":"https:\/\/www.campus02.at\/wp-content\/uploads\/2022\/11\/Blogbeitragsbild_Web-5.png","datePublished":"2022-12-02T14:40:56+00:00","dateModified":"2022-12-06T09:46:17+00:00","description":"Wir setzen einen weiteren Schritt in Richtung nachhaltige Zukunft. Am 23.11.2022 fand der vom Department RWC allj\u00e4hrlich veranstaltete Akademische Diskurs statt.","breadcrumb":{"@id":"https:\/\/www.campus02.at\/news\/wie-nachaltigkeitsberichterstattung-kmus-weiter-bringt\/#breadcrumb"},"inLanguage":"en-GB","potentialAction":[{"@type":"ReadAction","target":["https:\/\/www.campus02.at\/news\/wie-nachaltigkeitsberichterstattung-kmus-weiter-bringt\/"]}]},{"@type":"ImageObject","inLanguage":"en-GB","@id":"https:\/\/www.campus02.at\/news\/wie-nachaltigkeitsberichterstattung-kmus-weiter-bringt\/#primaryimage","url":"https:\/\/www.campus02.at\/wp-content\/uploads\/2022\/11\/Blogbeitragsbild_Web-5.png","contentUrl":"https:\/\/www.campus02.at\/wp-content\/uploads\/2022\/11\/Blogbeitragsbild_Web-5.png","width":1024,"height":341,"caption":"Blogbeitragsbild_Web_Titelbild"},{"@type":"BreadcrumbList","@id":"https:\/\/www.campus02.at\/news\/wie-nachaltigkeitsberichterstattung-kmus-weiter-bringt\/#breadcrumb","itemListElement":[{"@type":"ListItem","position":1,"name":"Startseite","item":"https:\/\/www.campus02.at\/"},{"@type":"ListItem","position":2,"name":"Wie Nachaltigkeitsberichterstattung KMUs weiter bringt"}]},{"@type":"WebSite","@id":"https:\/\/www.campus02.at\/#website","url":"https:\/\/www.campus02.at\/","name":"CAMPUS 02 UAS","description":"","publisher":{"@id":"https:\/\/www.campus02.at\/#organization"},"potentialAction":[{"@type":"SearchAction","target":{"@type":"EntryPoint","urlTemplate":"https:\/\/www.campus02.at\/?s={search_term_string}"},"query-input":{"@type":"PropertyValueSpecification","valueRequired":true,"valueName":"search_term_string"}}],"inLanguage":"en-GB"},{"@type":"Organization","@id":"https:\/\/www.campus02.at\/#organization","name":"CAMPUS 02 UAS","url":"https:\/\/www.campus02.at\/","logo":{"@type":"ImageObject","inLanguage":"en-GB","@id":"https:\/\/www.campus02.at\/#\/schema\/logo\/image\/","url":"https:\/\/www.campus02.at\/wp-content\/uploads\/2016\/10\/Logo.jpg","contentUrl":"https:\/\/www.campus02.at\/wp-content\/uploads\/2016\/10\/Logo.jpg","width":1108,"height":440,"caption":"FH CAMPUS 02"},"image":{"@id":"https:\/\/www.campus02.at\/#\/schema\/logo\/image\/"}}]}},"_links":{"self":[{"href":"https:\/\/www.campus02.at\/en\/wp-json\/wp\/v2\/campus_news\/127904","targetHints":{"allow":["GET"]}}],"collection":[{"href":"https:\/\/www.campus02.at\/en\/wp-json\/wp\/v2\/campus_news"}],"about":[{"href":"https:\/\/www.campus02.at\/en\/wp-json\/wp\/v2\/types\/campus_news"}],"author":[{"embeddable":true,"href":"https:\/\/www.campus02.at\/en\/wp-json\/wp\/v2\/users\/166"}],"version-history":[{"count":8,"href":"https:\/\/www.campus02.at\/en\/wp-json\/wp\/v2\/campus_news\/127904\/revisions"}],"predecessor-version":[{"id":128030,"href":"https:\/\/www.campus02.at\/en\/wp-json\/wp\/v2\/campus_news\/127904\/revisions\/128030"}],"wp:featuredmedia":[{"embeddable":true,"href":"https:\/\/www.campus02.at\/en\/wp-json\/wp\/v2\/media\/127934"}],"wp:attachment":[{"href":"https:\/\/www.campus02.at\/en\/wp-json\/wp\/v2\/media?parent=127904"}],"wp:term":[{"taxonomy":"author","embeddable":true,"href":"https:\/\/www.campus02.at\/en\/wp-json\/wp\/v2\/coauthors?post=127904"}],"curies":[{"name":"wp","href":"https:\/\/api.w.org\/{rel}","templated":true}]}}