{"id":120420,"date":"2021-08-08T13:15:40","date_gmt":"2021-08-08T11:15:40","guid":{"rendered":"https:\/\/www.campus02.at\/?post_type=campus_news&#038;p=120420"},"modified":"2021-08-08T13:15:40","modified_gmt":"2021-08-08T11:15:40","slug":"pro-impfen-gemeinsame-impfaktion-der-steirischen-hochschulen","status":"publish","type":"campus_news","link":"https:\/\/www.campus02.at\/en\/news\/pro-impfen-gemeinsame-impfaktion-der-steirischen-hochschulen\/","title":{"rendered":"Pro Impfen: Gemeinsame Impfaktion der steirischen Hochschulen"},"content":{"rendered":"<p>Die neun steirischen Hochschulen positionieren sich klar \u201epro Impfen&#8220; und unterstreichen den Appell, sich nach M\u00f6glichkeit gegen COVID-19 immunisieren zu lassen. \u201eDie rasche Entwicklung der verf\u00fcgbaren Impfstoffe ist das Ergebnis globaler Zusammenarbeit in der Wissenschaft und ein eindrucksvoller Beleg daf\u00fcr, was Forschung im Streben nach Erkenntnis zum Wohle der Menschheit erreichen kann. Die steirischen Hochschulen pl\u00e4dieren an all ihre Mitarbeitenden und Studierenden: Vertrauen Sie der Forschung. Lassen Sie sich impfen, wenn Sie die M\u00f6glichkeit haben. Zu Ihrem eigenen Schutz und zum Schutz all jener, die sich etwa aufgrund von Vorerkrankungen nicht impfen lassen k\u00f6nnen. Und nicht zuletzt f\u00fcr eine m\u00f6glichst sichere R\u00fcckkehr in einen universit\u00e4ren Pr\u00e4senzbetrieb ab dem Wintersemester&#8220;, so der <strong>Vorsitzende der Steirischen Hochschulkonferenz und Rektor der Universit\u00e4t Graz,<\/strong> <strong>Martin Polaschek<\/strong>.<\/p>\n<p>F\u00fcr noch nicht immunisierte Mitarbeitende und Studierende haben die neun Hochschulen in Koordination mit dem Land Steiermark eine gemeinsame Impfaktion auf die Beine gestellt: In der Grazer Messehalle A gibt es f\u00fcr Hochschulangeh\u00f6rige von 6. September bis zum 11. Oktober 2021 eine eigene \u201eFast Lane&#8220; f\u00fcr Impfungen mit dem Einmalvakzin von Johnson&amp;Johnson, das eine Vollimmunisierung nach nur einem Stich gew\u00e4hrleistet. Die Anmeldung erfolgt ab sofort \u00fcber die Online-Plattform <img decoding=\"async\" src=\"https:\/\/secure.steiermark.at\/_g\/pfeil-ext.gif\" alt=\"Externe Verkn\u00fcpfung\" \/>\u00a0<a title=\"\u00d6ffnet ein neues Fenster: link\" href=\"http:\/\/www.steiermark-impft.at\/\" target=\"_blank\" rel=\"noopener noreferrer\">steiermark-impft.at<\/a> mit einem eigenen Bereich f\u00fcr die \u201eImpfaktion Steirische Hochschulen&#8220;. Polaschek betont: \u201eAll jene, die sich schon vorher \u00fcber andere Wege impfen lassen k\u00f6nnen, sollen dies bitte jedenfalls tun. Unser Angebot richtet sich insbesondere auch an nationale und internationale Studienanf\u00e4ngerInnen, die bislang noch keine Impfm\u00f6glichkeit hatten und will als zus\u00e4tzlicher Anreiz zur Impfung verstanden werden. Jede und jeden, die und den wir zus\u00e4tzlich erreichen, ist ein Gewinn.&#8220;<\/p>\n<p><strong>Gesundheitslandesr\u00e4tin Juliane Bogner-Strau\u00df<\/strong> zeigt sich \u00fcber die Impfaktion der steirischen Hochschulen erfreut: \u201eDie Impfaktion f\u00fcr die steirischen Hochschulen und damit f\u00fcr knapp 70.000 Menschen ist ein n\u00e4chster wichtiger Schritt im Kampf gegen die Pandemie. Sie wird die Durchimpfungsrate in der Bev\u00f6lkerung nochmals erh\u00f6hen. Wir m\u00fcssen unser m\u00f6glichstes tun, um gut in den Herbst zu kommen.&#8220;<\/p>\n<p><strong>Soziallandesr\u00e4tin Doris Kampus<\/strong>: \u201eIm Bildungsbereich geh\u00f6ren auch die Studierenden so wie die Sch\u00fclerinnen und Sch\u00fcler zu den besonders Betroffenen der Corona-Pandemie. Die \u00fcberwiegende Mehrzahl ihrer Lehrveranstaltungen wurde online abgehalten, das StudentInnenleben fiel komplett flach. Daher ist die Hoffnung gro\u00df, dass sich die Situation dank der Corona-Impfstoffe in diesem Herbst auch an den Universit\u00e4ten und Fachhochschulen in der Steiermark wieder einigerma\u00dfen normalisiert. Mit der speziellen Impfaktion f\u00fcr Studierende vom 6. September bis zum 11. Oktober in der Messe Graz besteht die einfache M\u00f6glichkeit, sich selbst und damit andere durch eine Corona-Impfung zu sch\u00fctzen. Mein Appell an alle Studierenden lautet: Lassen Sie sich impfen!&#8220;<\/p>\n<p><strong>Soviel Pr\u00e4senz wie m\u00f6glich ab Herbst<\/strong><br \/>\nNeben der Steigerung der Durchimpfungsrate in der Bev\u00f6lkerung soll diese Aktion dazu beitragen, in den H\u00f6rs\u00e4len ab Herbst m\u00f6glichst Normalbetrieb in Pr\u00e4senz anbieten zu k\u00f6nnen. F\u00fcr die Teilnahme an Pr\u00e4senzveranstaltungen des Lehr- und Studienbetriebs im kommenden Wintersemester wird ein 3G-Nachweis nach Ma\u00dfgabe der dann g\u00fcltigen Rechtslage notwendig sein. Polaschek: \u201eMit dem Impfangebot an alle Mitarbeiterinnen und Mitarbeiter sowie Studierenden wird es uns gelingen, im Wintersemester wieder m\u00f6glichst viel Pr\u00e4senzbetrieb an den steirischen Universit\u00e4ten und Hochschulen anbieten zu k\u00f6nnen. Wir m\u00f6chten uns beim Land Steiermark ganz herzlich f\u00fcr die unkomplizierte Umsetzung bedanken.&#8220;<\/p>\n<p><strong>Verantwortung f\u00fcr 70.000 Angeh\u00f6rige<\/strong><br \/>\nDie steirischen Hochschulen nehmen ihre Verantwortung gegen\u00fcber ihren rund 70.000 Angeh\u00f6rigen wahr und informieren seit Beginn der Coronakrise proaktiv und kontinuierlich \u00fcber COVID-19-bedingte Ma\u00dfnahmen und Regelungen. Die konzertierte Impfaktion reiht sich in eine Vielfalt an Services ein: Von laufend aktualisierten Info-Websites \u00fcber Online-Infosprechstunden mit ImpfexpertInnen bis zu eigens eingerichteten E-Mailadressen zur raschen Beantwortung s\u00e4mtlicher Fragen rund um Corona und die Auswirkungen im Hochschulleben.<\/p>\n<p><strong>Harald Kainz, Rektor der Technischen Universit\u00e4t Graz<\/strong>: \u201eAuch wenn wir zuletzt ein St\u00fcck Normalit\u00e4t wiedererlangt haben: Wir d\u00fcrfen uns nicht in falscher Sicherheit wiegen &#8211; noch ist die Pandemie nicht vorbei. Die Vorteile einer Corona-Impfung \u00fcberwiegen deren m\u00f6gliche unangenehme Begleiterscheinungen bei weitem. Mit der gemeinsamen Aktion wollen wir unseren Mitarbeitenden und insbesondere den Studierenden vermitteln: Lassen Sie sich impfen. Es gibt gen\u00fcgend Impfstoff. Sie k\u00f6nnen auch w\u00e4hrend der Arbeitszeit und gemeinsam mit Kolleginnen und Kollegen zum Impfen kommen. Hauptsache, Sie kommen.&#8220;<\/p>","protected":false},"excerpt":{"rendered":"<p>Die neun steirischen Hochschulen positionieren sich klar \u201epro Impfen&#8220; und unterstreichen den Appell, sich nach <a href=\"https:\/\/www.campus02.at\/en\/news\/pro-impfen-gemeinsame-impfaktion-der-steirischen-hochschulen\/\" class=\"more-link\">more&hellip;<\/a><\/p>","protected":false},"author":127,"featured_media":120422,"parent":0,"template":"","coauthors":[787],"class_list":["post-120420","campus_news","type-campus_news","status-publish","has-post-thumbnail","hentry"],"acf":[],"yoast_head":"<!-- This site is optimized with the Yoast SEO plugin v26.9 - https:\/\/yoast.com\/product\/yoast-seo-wordpress\/ -->\n<title>Pro Impfen: Gemeinsame Impfaktion der steirischen Hochschulen - FH CAMPUS 02<\/title>\n<meta name=\"robots\" content=\"index, follow, max-snippet:-1, max-image-preview:large, max-video-preview:-1\" \/>\n<link rel=\"canonical\" href=\"https:\/\/www.campus02.at\/en\/news\/pro-impfen-gemeinsame-impfaktion-der-steirischen-hochschulen\/\" \/>\n<meta property=\"og:locale\" content=\"en_GB\" \/>\n<meta property=\"og:type\" content=\"article\" \/>\n<meta property=\"og:title\" content=\"Pro Impfen: Gemeinsame Impfaktion der steirischen Hochschulen - FH CAMPUS 02\" \/>\n<meta property=\"og:description\" content=\"Die neun steirischen Hochschulen positionieren sich klar \u201epro Impfen&#8220; und unterstreichen den Appell, sich nach more&hellip;\" \/>\n<meta property=\"og:url\" content=\"https:\/\/www.campus02.at\/en\/news\/pro-impfen-gemeinsame-impfaktion-der-steirischen-hochschulen\/\" \/>\n<meta property=\"og:site_name\" content=\"FH CAMPUS 02\" \/>\n<meta property=\"og:image\" content=\"https:\/\/www.campus02.at\/wp-content\/uploads\/2021\/08\/Kopie-von-Kopie-von-Kopie-von-Kopie-von-Hereinspaziert-Studienservice-eroeffnet.png\" \/>\n\t<meta property=\"og:image:width\" content=\"1024\" \/>\n\t<meta property=\"og:image:height\" content=\"341\" \/>\n\t<meta property=\"og:image:type\" content=\"image\/png\" \/>\n<meta name=\"twitter:card\" content=\"summary_large_image\" \/>\n<meta name=\"twitter:label1\" content=\"Estimated reading time\" \/>\n\t<meta name=\"twitter:data1\" content=\"4 minutes\" \/>\n\t<meta name=\"twitter:label2\" content=\"Written by\" \/>\n\t<meta name=\"twitter:data2\" content=\"contentcreator1\" \/>\n<script type=\"application\/ld+json\" class=\"yoast-schema-graph\">{\"@context\":\"https:\/\/schema.org\",\"@graph\":[{\"@type\":\"WebPage\",\"@id\":\"https:\/\/www.campus02.at\/news\/pro-impfen-gemeinsame-impfaktion-der-steirischen-hochschulen\/\",\"url\":\"https:\/\/www.campus02.at\/news\/pro-impfen-gemeinsame-impfaktion-der-steirischen-hochschulen\/\",\"name\":\"Pro Impfen: Gemeinsame Impfaktion der steirischen Hochschulen - FH CAMPUS 02\",\"isPartOf\":{\"@id\":\"https:\/\/www.campus02.at\/#website\"},\"primaryImageOfPage\":{\"@id\":\"https:\/\/www.campus02.at\/news\/pro-impfen-gemeinsame-impfaktion-der-steirischen-hochschulen\/#primaryimage\"},\"image\":{\"@id\":\"https:\/\/www.campus02.at\/news\/pro-impfen-gemeinsame-impfaktion-der-steirischen-hochschulen\/#primaryimage\"},\"thumbnailUrl\":\"https:\/\/www.campus02.at\/wp-content\/uploads\/2021\/08\/Kopie-von-Kopie-von-Kopie-von-Kopie-von-Hereinspaziert-Studienservice-eroeffnet.png\",\"datePublished\":\"2021-08-08T11:15:40+00:00\",\"breadcrumb\":{\"@id\":\"https:\/\/www.campus02.at\/news\/pro-impfen-gemeinsame-impfaktion-der-steirischen-hochschulen\/#breadcrumb\"},\"inLanguage\":\"en-GB\",\"potentialAction\":[{\"@type\":\"ReadAction\",\"target\":[\"https:\/\/www.campus02.at\/news\/pro-impfen-gemeinsame-impfaktion-der-steirischen-hochschulen\/\"]}]},{\"@type\":\"ImageObject\",\"inLanguage\":\"en-GB\",\"@id\":\"https:\/\/www.campus02.at\/news\/pro-impfen-gemeinsame-impfaktion-der-steirischen-hochschulen\/#primaryimage\",\"url\":\"https:\/\/www.campus02.at\/wp-content\/uploads\/2021\/08\/Kopie-von-Kopie-von-Kopie-von-Kopie-von-Hereinspaziert-Studienservice-eroeffnet.png\",\"contentUrl\":\"https:\/\/www.campus02.at\/wp-content\/uploads\/2021\/08\/Kopie-von-Kopie-von-Kopie-von-Kopie-von-Hereinspaziert-Studienservice-eroeffnet.png\",\"width\":1024,\"height\":341,\"caption\":\"Impfaktion\"},{\"@type\":\"BreadcrumbList\",\"@id\":\"https:\/\/www.campus02.at\/news\/pro-impfen-gemeinsame-impfaktion-der-steirischen-hochschulen\/#breadcrumb\",\"itemListElement\":[{\"@type\":\"ListItem\",\"position\":1,\"name\":\"Startseite\",\"item\":\"https:\/\/www.campus02.at\/\"},{\"@type\":\"ListItem\",\"position\":2,\"name\":\"Pro Impfen: Gemeinsame Impfaktion der steirischen Hochschulen\"}]},{\"@type\":\"WebSite\",\"@id\":\"https:\/\/www.campus02.at\/#website\",\"url\":\"https:\/\/www.campus02.at\/\",\"name\":\"FH CAMPUS 02\",\"description\":\"\",\"publisher\":{\"@id\":\"https:\/\/www.campus02.at\/#organization\"},\"potentialAction\":[{\"@type\":\"SearchAction\",\"target\":{\"@type\":\"EntryPoint\",\"urlTemplate\":\"https:\/\/www.campus02.at\/?s={search_term_string}\"},\"query-input\":{\"@type\":\"PropertyValueSpecification\",\"valueRequired\":true,\"valueName\":\"search_term_string\"}}],\"inLanguage\":\"en-GB\"},{\"@type\":\"Organization\",\"@id\":\"https:\/\/www.campus02.at\/#organization\",\"name\":\"FH CAMPUS 02\",\"url\":\"https:\/\/www.campus02.at\/\",\"logo\":{\"@type\":\"ImageObject\",\"inLanguage\":\"en-GB\",\"@id\":\"https:\/\/www.campus02.at\/#\/schema\/logo\/image\/\",\"url\":\"https:\/\/www.campus02.at\/wp-content\/uploads\/2016\/10\/Logo.jpg\",\"contentUrl\":\"https:\/\/www.campus02.at\/wp-content\/uploads\/2016\/10\/Logo.jpg\",\"width\":1108,\"height\":440,\"caption\":\"FH CAMPUS 02\"},\"image\":{\"@id\":\"https:\/\/www.campus02.at\/#\/schema\/logo\/image\/\"}}]}<\/script>\n<!-- \/ Yoast SEO plugin. -->","yoast_head_json":{"title":"Pro Impfen: Gemeinsame Impfaktion der steirischen Hochschulen - FH CAMPUS 02","robots":{"index":"index","follow":"follow","max-snippet":"max-snippet:-1","max-image-preview":"max-image-preview:large","max-video-preview":"max-video-preview:-1"},"canonical":"https:\/\/www.campus02.at\/en\/news\/pro-impfen-gemeinsame-impfaktion-der-steirischen-hochschulen\/","og_locale":"en_GB","og_type":"article","og_title":"Pro Impfen: Gemeinsame Impfaktion der steirischen Hochschulen - FH CAMPUS 02","og_description":"Die neun steirischen Hochschulen positionieren sich klar \u201epro Impfen&#8220; und unterstreichen den Appell, sich nach more&hellip;","og_url":"https:\/\/www.campus02.at\/en\/news\/pro-impfen-gemeinsame-impfaktion-der-steirischen-hochschulen\/","og_site_name":"FH CAMPUS 02","og_image":[{"width":1024,"height":341,"url":"https:\/\/www.campus02.at\/wp-content\/uploads\/2021\/08\/Kopie-von-Kopie-von-Kopie-von-Kopie-von-Hereinspaziert-Studienservice-eroeffnet.png","type":"image\/png"}],"twitter_card":"summary_large_image","twitter_misc":{"Estimated reading time":"4 minutes","Written by":"contentcreator1"},"schema":{"@context":"https:\/\/schema.org","@graph":[{"@type":"WebPage","@id":"https:\/\/www.campus02.at\/news\/pro-impfen-gemeinsame-impfaktion-der-steirischen-hochschulen\/","url":"https:\/\/www.campus02.at\/news\/pro-impfen-gemeinsame-impfaktion-der-steirischen-hochschulen\/","name":"Pro Impfen: Gemeinsame Impfaktion der steirischen Hochschulen - FH CAMPUS 02","isPartOf":{"@id":"https:\/\/www.campus02.at\/#website"},"primaryImageOfPage":{"@id":"https:\/\/www.campus02.at\/news\/pro-impfen-gemeinsame-impfaktion-der-steirischen-hochschulen\/#primaryimage"},"image":{"@id":"https:\/\/www.campus02.at\/news\/pro-impfen-gemeinsame-impfaktion-der-steirischen-hochschulen\/#primaryimage"},"thumbnailUrl":"https:\/\/www.campus02.at\/wp-content\/uploads\/2021\/08\/Kopie-von-Kopie-von-Kopie-von-Kopie-von-Hereinspaziert-Studienservice-eroeffnet.png","datePublished":"2021-08-08T11:15:40+00:00","breadcrumb":{"@id":"https:\/\/www.campus02.at\/news\/pro-impfen-gemeinsame-impfaktion-der-steirischen-hochschulen\/#breadcrumb"},"inLanguage":"en-GB","potentialAction":[{"@type":"ReadAction","target":["https:\/\/www.campus02.at\/news\/pro-impfen-gemeinsame-impfaktion-der-steirischen-hochschulen\/"]}]},{"@type":"ImageObject","inLanguage":"en-GB","@id":"https:\/\/www.campus02.at\/news\/pro-impfen-gemeinsame-impfaktion-der-steirischen-hochschulen\/#primaryimage","url":"https:\/\/www.campus02.at\/wp-content\/uploads\/2021\/08\/Kopie-von-Kopie-von-Kopie-von-Kopie-von-Hereinspaziert-Studienservice-eroeffnet.png","contentUrl":"https:\/\/www.campus02.at\/wp-content\/uploads\/2021\/08\/Kopie-von-Kopie-von-Kopie-von-Kopie-von-Hereinspaziert-Studienservice-eroeffnet.png","width":1024,"height":341,"caption":"Impfaktion"},{"@type":"BreadcrumbList","@id":"https:\/\/www.campus02.at\/news\/pro-impfen-gemeinsame-impfaktion-der-steirischen-hochschulen\/#breadcrumb","itemListElement":[{"@type":"ListItem","position":1,"name":"Startseite","item":"https:\/\/www.campus02.at\/"},{"@type":"ListItem","position":2,"name":"Pro Impfen: Gemeinsame Impfaktion der steirischen Hochschulen"}]},{"@type":"WebSite","@id":"https:\/\/www.campus02.at\/#website","url":"https:\/\/www.campus02.at\/","name":"CAMPUS 02 UAS","description":"","publisher":{"@id":"https:\/\/www.campus02.at\/#organization"},"potentialAction":[{"@type":"SearchAction","target":{"@type":"EntryPoint","urlTemplate":"https:\/\/www.campus02.at\/?s={search_term_string}"},"query-input":{"@type":"PropertyValueSpecification","valueRequired":true,"valueName":"search_term_string"}}],"inLanguage":"en-GB"},{"@type":"Organization","@id":"https:\/\/www.campus02.at\/#organization","name":"CAMPUS 02 UAS","url":"https:\/\/www.campus02.at\/","logo":{"@type":"ImageObject","inLanguage":"en-GB","@id":"https:\/\/www.campus02.at\/#\/schema\/logo\/image\/","url":"https:\/\/www.campus02.at\/wp-content\/uploads\/2016\/10\/Logo.jpg","contentUrl":"https:\/\/www.campus02.at\/wp-content\/uploads\/2016\/10\/Logo.jpg","width":1108,"height":440,"caption":"FH CAMPUS 02"},"image":{"@id":"https:\/\/www.campus02.at\/#\/schema\/logo\/image\/"}}]}},"_links":{"self":[{"href":"https:\/\/www.campus02.at\/en\/wp-json\/wp\/v2\/campus_news\/120420","targetHints":{"allow":["GET"]}}],"collection":[{"href":"https:\/\/www.campus02.at\/en\/wp-json\/wp\/v2\/campus_news"}],"about":[{"href":"https:\/\/www.campus02.at\/en\/wp-json\/wp\/v2\/types\/campus_news"}],"author":[{"embeddable":true,"href":"https:\/\/www.campus02.at\/en\/wp-json\/wp\/v2\/users\/127"}],"version-history":[{"count":2,"href":"https:\/\/www.campus02.at\/en\/wp-json\/wp\/v2\/campus_news\/120420\/revisions"}],"predecessor-version":[{"id":120423,"href":"https:\/\/www.campus02.at\/en\/wp-json\/wp\/v2\/campus_news\/120420\/revisions\/120423"}],"wp:featuredmedia":[{"embeddable":true,"href":"https:\/\/www.campus02.at\/en\/wp-json\/wp\/v2\/media\/120422"}],"wp:attachment":[{"href":"https:\/\/www.campus02.at\/en\/wp-json\/wp\/v2\/media?parent=120420"}],"wp:term":[{"taxonomy":"author","embeddable":true,"href":"https:\/\/www.campus02.at\/en\/wp-json\/wp\/v2\/coauthors?post=120420"}],"curies":[{"name":"wp","href":"https:\/\/api.w.org\/{rel}","templated":true}]}}