{"id":108531,"date":"2019-07-25T14:37:31","date_gmt":"2019-07-25T12:37:31","guid":{"rendered":"https:\/\/www.campus02.at\/?post_type=campus_news&#038;p=108531"},"modified":"2019-07-26T14:24:41","modified_gmt":"2019-07-26T12:24:41","slug":"neue-impulse-am-wtz-sued-fh-campus-02-neu-mit-dabei","status":"publish","type":"campus_news","link":"https:\/\/www.campus02.at\/en\/news\/neue-impulse-am-wtz-sued-fh-campus-02-neu-mit-dabei\/","title":{"rendered":"Neue Impulse am WTZ S\u00fcd \u2013 FH CAMPUS 02 mit dabei"},"content":{"rendered":"<p><strong>Das WTZ S\u00fcd sorgt seit 2014 als eines von drei Wissenstransferzentren f\u00fcr einen intensiven Wissens- und Technologietransfer zwischen \u00f6sterreichischen Universit\u00e4ten. Nun ist auch die FH CAMPUS 02 mit an Bord:<\/strong><\/p>\n<p>Bis 2018 waren sechs steirische und K\u00e4rntner Universit\u00e4ten am Zentrum beteiligt, nun fand ein neuer Zusammenschluss statt. Drei Fachhochschulen sind jetzt mit dabei \u2013 unter anderem die FH CAMPUS 02. Gemeinsam mit der FH JOANNEUM und der FH K\u00e4rnten sorgen diese Neuzug\u00e4nge f\u00fcr neue Impulse und Schwerpunkte am WTZ.<\/p>\n<p><strong>Konsortialpartner des WTZ S\u00fcd:<\/strong><\/p>\n<ul>\n<li><a href=\"https:\/\/www.google.com\/url?sa=t&amp;rct=j&amp;q=&amp;esrc=s&amp;source=web&amp;cd=1&amp;cad=rja&amp;uact=8&amp;ved=2ahUKEwiG4IeZ4pXjAhVBU1AKHb6KC7QQFjAAegQIBhAD&amp;url=https%3A%2F%2Fwww.aau.at%2F&amp;usg=AOvVaw2lA4ur5idqCTkCkY2YY-Dj\">Alpen-Adria-Universit\u00e4t Klagenfurt<\/a><\/li>\n<li><a href=\"https:\/\/www.google.com\/url?sa=t&amp;rct=j&amp;q=&amp;esrc=s&amp;source=web&amp;cd=1&amp;cad=rja&amp;uact=8&amp;ved=2ahUKEwiRgNaf4pXjAhWMJFAKHXAhCrUQFjAAegQIBhAD&amp;url=https%3A%2F%2Fwww.campus02.at%2F&amp;usg=AOvVaw27HE0DsBqqb957ZyNKWOKs\">CAMPUS 02 University of Applied Sciences<\/a><\/li>\n<li><a href=\"https:\/\/www.google.com\/url?sa=t&amp;rct=j&amp;q=&amp;esrc=s&amp;source=web&amp;cd=1&amp;cad=rja&amp;uact=8&amp;ved=2ahUKEwia6cqm4pXjAhUDb1AKHRqjCVkQFjAAegQIBhAC&amp;url=https%3A%2F%2Fwww.fh-kaernten.at%2F&amp;usg=AOvVaw3qDCvMXvTaaiuHh1toefJu\">Fachhochschule K\u00e4rnten<\/a><\/li>\n<li><a href=\"https:\/\/www.google.com\/url?sa=t&amp;rct=j&amp;q=&amp;esrc=s&amp;source=web&amp;cd=1&amp;cad=rja&amp;uact=8&amp;ved=2ahUKEwjc3--s4pXjAhVBIlAKHcRMD5wQFjAAegQIBhAD&amp;url=https%3A%2F%2Fwww.fh-joanneum.at%2F&amp;usg=AOvVaw29UQrhXAVdKuZ_sJxR0STC\">FH Joanneum<\/a><\/li>\n<li><a href=\"https:\/\/www.uni-graz.at\/\">Karl-Franzens-Universit\u00e4t Graz<\/a><\/li>\n<li><a href=\"https:\/\/www.medunigraz.at\/\">Medizinische Universit\u00e4t Graz<\/a><\/li>\n<li><a href=\"https:\/\/www.google.com\/url?sa=t&amp;rct=j&amp;q=&amp;esrc=s&amp;source=web&amp;cd=1&amp;cad=rja&amp;uact=8&amp;ved=2ahUKEwjg0IvC4pXjAhVFa1AKHdJBAdkQFjAAegQIBhAD&amp;url=https%3A%2F%2Fwww.unileoben.ac.at%2F&amp;usg=AOvVaw3Pkm5Iw04Spx_YaWKdaed1\">Montanuniversit\u00e4t Leoben<\/a><\/li>\n<li><a href=\"https:\/\/www.google.com\/url?sa=t&amp;rct=j&amp;q=&amp;esrc=s&amp;source=web&amp;cd=1&amp;cad=rja&amp;uact=8&amp;ved=2ahUKEwiDo4vY4pXjAhXOaVAKHUvtBEYQFjAAegQIBxAC&amp;url=https%3A%2F%2Fwww.tugraz.at%2F&amp;usg=AOvVaw3ukpuG5hWZNr-Bml1eg-mP\">Technische Universit\u00e4t Graz<\/a><\/li>\n<li><a href=\"https:\/\/relaunch.kug.ac.at\/\">Universit\u00e4t f\u00fcr Musik und darstellende Kunst Graz<\/a><\/li>\n<\/ul>\n<p>&nbsp;<\/p>\n<h5>Neue Partner, neue Impulse<\/h5>\n<p>Besonders die strategische Ausrichtung des WTZ S\u00fcd wurde gemeinsam mit den neuen Partnern \u00fcberarbeitet. So sollen der Schutz geistigen Eigentums und die Verwertung von Projektergebnissen als Schwerpunkt im Fokus stehen. Au\u00dferdem sollen Projekte wie Start-Ups und Spin-Offs st\u00e4rker unterst\u00fctzt werden. Auch die F\u00f6rderung des Interesses an MINT-Disziplinen sowie die inter- und transdisziplin\u00e4re Auseinandersetzung mit der Digitalisierung in Wissenschaft und Forschung sind weitere Schwerpunkte.<\/p>\n<p>Allgemein steht beim WTZ S\u00fcd der Technologie- und Wissenstransfer in Wirtschaft und Gesellschaft im Vordergrund. Es werdem regelm\u00e4\u00dfig Projekte zu den Themen Bewusstseinsbildung und Professionalisierung im Technologietransfer sowie die Vernetzung von Universit\u00e4ten und Unternehmen umgesetzt. Die Koordination des WTZ S\u00fcd \u00fcbernimmt weiterhin die TU Graz.<\/p>\n<p><em>Das WTZ S\u00fcd wird gef\u00f6rdert durch die <\/em><a href=\"https:\/\/www.aws.at\/\"><em>aws<\/em><\/a><em>, aus Mitteln der Nationalstiftung f\u00fcr Forschung, Technologie und Entwicklung (\u00d6sterreich-Fonds).<\/em><\/p>\n<p>Foto: <a href=\"http:\/\/www.wtz.ac.at\/\">WTZ<\/a><\/p>","protected":false},"excerpt":{"rendered":"<p>Das WTZ S\u00fcd sorgt seit 2014 als eines von drei Wissenstransferzentren f\u00fcr einen intensiven Wissens- und Technologietransfer <a href=\"https:\/\/www.campus02.at\/en\/news\/neue-impulse-am-wtz-sued-fh-campus-02-neu-mit-dabei\/\" class=\"more-link\">more&hellip;<\/a><\/p>","protected":false},"author":135,"featured_media":108721,"parent":0,"template":"","coauthors":[391],"class_list":["post-108531","campus_news","type-campus_news","status-publish","has-post-thumbnail","hentry"],"acf":[],"yoast_head":"<!-- This site is optimized with the Yoast SEO plugin v26.9 - https:\/\/yoast.com\/product\/yoast-seo-wordpress\/ -->\n<title>Neue Impulse am WTZ S\u00fcd \u2013 FH CAMPUS 02 mit dabei - FH CAMPUS 02<\/title>\n<meta name=\"description\" content=\"Das WTZ S\u00fcd f\u00fcr einen intensiven Technologie- und Wissenstransfer von Universit\u00e4ten \u2013 jetzt bringt die FH CAMPUS 02 neue Impulse ins Projekt.\" \/>\n<meta name=\"robots\" content=\"index, follow, max-snippet:-1, max-image-preview:large, max-video-preview:-1\" \/>\n<link rel=\"canonical\" href=\"https:\/\/www.campus02.at\/en\/news\/neue-impulse-am-wtz-sued-fh-campus-02-neu-mit-dabei\/\" \/>\n<meta property=\"og:locale\" content=\"en_GB\" \/>\n<meta property=\"og:type\" content=\"article\" \/>\n<meta property=\"og:title\" content=\"Neue Impulse am WTZ S\u00fcd \u2013 FH CAMPUS 02 mit dabei - FH CAMPUS 02\" \/>\n<meta property=\"og:description\" content=\"Das WTZ S\u00fcd f\u00fcr einen intensiven Technologie- und Wissenstransfer von Universit\u00e4ten \u2013 jetzt bringt die FH CAMPUS 02 neue Impulse ins Projekt.\" \/>\n<meta property=\"og:url\" content=\"https:\/\/www.campus02.at\/en\/news\/neue-impulse-am-wtz-sued-fh-campus-02-neu-mit-dabei\/\" \/>\n<meta property=\"og:site_name\" content=\"FH CAMPUS 02\" \/>\n<meta property=\"article:modified_time\" content=\"2019-07-26T12:24:41+00:00\" \/>\n<meta property=\"og:image\" content=\"https:\/\/www.campus02.at\/wp-content\/uploads\/2019\/07\/Design-ohne-Titel10.png\" \/>\n\t<meta property=\"og:image:width\" content=\"1200\" \/>\n\t<meta property=\"og:image:height\" content=\"630\" \/>\n\t<meta property=\"og:image:type\" content=\"image\/png\" \/>\n<meta name=\"twitter:card\" content=\"summary_large_image\" \/>\n<meta name=\"twitter:label1\" content=\"Estimated reading time\" \/>\n\t<meta name=\"twitter:data1\" content=\"1 minute\" \/>\n<script type=\"application\/ld+json\" class=\"yoast-schema-graph\">{\"@context\":\"https:\/\/schema.org\",\"@graph\":[{\"@type\":\"WebPage\",\"@id\":\"https:\/\/www.campus02.at\/news\/neue-impulse-am-wtz-sued-fh-campus-02-neu-mit-dabei\/\",\"url\":\"https:\/\/www.campus02.at\/news\/neue-impulse-am-wtz-sued-fh-campus-02-neu-mit-dabei\/\",\"name\":\"Neue Impulse am WTZ S\u00fcd \u2013 FH CAMPUS 02 mit dabei - FH CAMPUS 02\",\"isPartOf\":{\"@id\":\"https:\/\/www.campus02.at\/#website\"},\"primaryImageOfPage\":{\"@id\":\"https:\/\/www.campus02.at\/news\/neue-impulse-am-wtz-sued-fh-campus-02-neu-mit-dabei\/#primaryimage\"},\"image\":{\"@id\":\"https:\/\/www.campus02.at\/news\/neue-impulse-am-wtz-sued-fh-campus-02-neu-mit-dabei\/#primaryimage\"},\"thumbnailUrl\":\"https:\/\/www.campus02.at\/wp-content\/uploads\/2019\/07\/Design-ohne-Titel9.png\",\"datePublished\":\"2019-07-25T12:37:31+00:00\",\"dateModified\":\"2019-07-26T12:24:41+00:00\",\"description\":\"Das WTZ S\u00fcd f\u00fcr einen intensiven Technologie- und Wissenstransfer von Universit\u00e4ten \u2013 jetzt bringt die FH CAMPUS 02 neue Impulse ins Projekt.\",\"breadcrumb\":{\"@id\":\"https:\/\/www.campus02.at\/news\/neue-impulse-am-wtz-sued-fh-campus-02-neu-mit-dabei\/#breadcrumb\"},\"inLanguage\":\"en-GB\",\"potentialAction\":[{\"@type\":\"ReadAction\",\"target\":[\"https:\/\/www.campus02.at\/news\/neue-impulse-am-wtz-sued-fh-campus-02-neu-mit-dabei\/\"]}]},{\"@type\":\"ImageObject\",\"inLanguage\":\"en-GB\",\"@id\":\"https:\/\/www.campus02.at\/news\/neue-impulse-am-wtz-sued-fh-campus-02-neu-mit-dabei\/#primaryimage\",\"url\":\"https:\/\/www.campus02.at\/wp-content\/uploads\/2019\/07\/Design-ohne-Titel9.png\",\"contentUrl\":\"https:\/\/www.campus02.at\/wp-content\/uploads\/2019\/07\/Design-ohne-Titel9.png\",\"width\":600,\"height\":200,\"caption\":\"Wissenstranzfer\"},{\"@type\":\"BreadcrumbList\",\"@id\":\"https:\/\/www.campus02.at\/news\/neue-impulse-am-wtz-sued-fh-campus-02-neu-mit-dabei\/#breadcrumb\",\"itemListElement\":[{\"@type\":\"ListItem\",\"position\":1,\"name\":\"Startseite\",\"item\":\"https:\/\/www.campus02.at\/\"},{\"@type\":\"ListItem\",\"position\":2,\"name\":\"Neue Impulse am WTZ S\u00fcd \u2013 FH CAMPUS 02 mit dabei\"}]},{\"@type\":\"WebSite\",\"@id\":\"https:\/\/www.campus02.at\/#website\",\"url\":\"https:\/\/www.campus02.at\/\",\"name\":\"FH CAMPUS 02\",\"description\":\"\",\"publisher\":{\"@id\":\"https:\/\/www.campus02.at\/#organization\"},\"potentialAction\":[{\"@type\":\"SearchAction\",\"target\":{\"@type\":\"EntryPoint\",\"urlTemplate\":\"https:\/\/www.campus02.at\/?s={search_term_string}\"},\"query-input\":{\"@type\":\"PropertyValueSpecification\",\"valueRequired\":true,\"valueName\":\"search_term_string\"}}],\"inLanguage\":\"en-GB\"},{\"@type\":\"Organization\",\"@id\":\"https:\/\/www.campus02.at\/#organization\",\"name\":\"FH CAMPUS 02\",\"url\":\"https:\/\/www.campus02.at\/\",\"logo\":{\"@type\":\"ImageObject\",\"inLanguage\":\"en-GB\",\"@id\":\"https:\/\/www.campus02.at\/#\/schema\/logo\/image\/\",\"url\":\"https:\/\/www.campus02.at\/wp-content\/uploads\/2016\/10\/Logo.jpg\",\"contentUrl\":\"https:\/\/www.campus02.at\/wp-content\/uploads\/2016\/10\/Logo.jpg\",\"width\":1108,\"height\":440,\"caption\":\"FH CAMPUS 02\"},\"image\":{\"@id\":\"https:\/\/www.campus02.at\/#\/schema\/logo\/image\/\"}}]}<\/script>\n<!-- \/ Yoast SEO plugin. -->","yoast_head_json":{"title":"Neue Impulse am WTZ S\u00fcd \u2013 FH CAMPUS 02 mit dabei - FH CAMPUS 02","description":"Das WTZ S\u00fcd f\u00fcr einen intensiven Technologie- und Wissenstransfer von Universit\u00e4ten \u2013 jetzt bringt die FH CAMPUS 02 neue Impulse ins Projekt.","robots":{"index":"index","follow":"follow","max-snippet":"max-snippet:-1","max-image-preview":"max-image-preview:large","max-video-preview":"max-video-preview:-1"},"canonical":"https:\/\/www.campus02.at\/en\/news\/neue-impulse-am-wtz-sued-fh-campus-02-neu-mit-dabei\/","og_locale":"en_GB","og_type":"article","og_title":"Neue Impulse am WTZ S\u00fcd \u2013 FH CAMPUS 02 mit dabei - FH CAMPUS 02","og_description":"Das WTZ S\u00fcd f\u00fcr einen intensiven Technologie- und Wissenstransfer von Universit\u00e4ten \u2013 jetzt bringt die FH CAMPUS 02 neue Impulse ins Projekt.","og_url":"https:\/\/www.campus02.at\/en\/news\/neue-impulse-am-wtz-sued-fh-campus-02-neu-mit-dabei\/","og_site_name":"FH CAMPUS 02","article_modified_time":"2019-07-26T12:24:41+00:00","og_image":[{"width":1200,"height":630,"url":"https:\/\/www.campus02.at\/wp-content\/uploads\/2019\/07\/Design-ohne-Titel10.png","type":"image\/png"}],"twitter_card":"summary_large_image","twitter_misc":{"Estimated reading time":"1 minute"},"schema":{"@context":"https:\/\/schema.org","@graph":[{"@type":"WebPage","@id":"https:\/\/www.campus02.at\/news\/neue-impulse-am-wtz-sued-fh-campus-02-neu-mit-dabei\/","url":"https:\/\/www.campus02.at\/news\/neue-impulse-am-wtz-sued-fh-campus-02-neu-mit-dabei\/","name":"Neue Impulse am WTZ S\u00fcd \u2013 FH CAMPUS 02 mit dabei - FH CAMPUS 02","isPartOf":{"@id":"https:\/\/www.campus02.at\/#website"},"primaryImageOfPage":{"@id":"https:\/\/www.campus02.at\/news\/neue-impulse-am-wtz-sued-fh-campus-02-neu-mit-dabei\/#primaryimage"},"image":{"@id":"https:\/\/www.campus02.at\/news\/neue-impulse-am-wtz-sued-fh-campus-02-neu-mit-dabei\/#primaryimage"},"thumbnailUrl":"https:\/\/www.campus02.at\/wp-content\/uploads\/2019\/07\/Design-ohne-Titel9.png","datePublished":"2019-07-25T12:37:31+00:00","dateModified":"2019-07-26T12:24:41+00:00","description":"Das WTZ S\u00fcd f\u00fcr einen intensiven Technologie- und Wissenstransfer von Universit\u00e4ten \u2013 jetzt bringt die FH CAMPUS 02 neue Impulse ins Projekt.","breadcrumb":{"@id":"https:\/\/www.campus02.at\/news\/neue-impulse-am-wtz-sued-fh-campus-02-neu-mit-dabei\/#breadcrumb"},"inLanguage":"en-GB","potentialAction":[{"@type":"ReadAction","target":["https:\/\/www.campus02.at\/news\/neue-impulse-am-wtz-sued-fh-campus-02-neu-mit-dabei\/"]}]},{"@type":"ImageObject","inLanguage":"en-GB","@id":"https:\/\/www.campus02.at\/news\/neue-impulse-am-wtz-sued-fh-campus-02-neu-mit-dabei\/#primaryimage","url":"https:\/\/www.campus02.at\/wp-content\/uploads\/2019\/07\/Design-ohne-Titel9.png","contentUrl":"https:\/\/www.campus02.at\/wp-content\/uploads\/2019\/07\/Design-ohne-Titel9.png","width":600,"height":200,"caption":"Wissenstranzfer"},{"@type":"BreadcrumbList","@id":"https:\/\/www.campus02.at\/news\/neue-impulse-am-wtz-sued-fh-campus-02-neu-mit-dabei\/#breadcrumb","itemListElement":[{"@type":"ListItem","position":1,"name":"Startseite","item":"https:\/\/www.campus02.at\/"},{"@type":"ListItem","position":2,"name":"Neue Impulse am WTZ S\u00fcd \u2013 FH CAMPUS 02 mit dabei"}]},{"@type":"WebSite","@id":"https:\/\/www.campus02.at\/#website","url":"https:\/\/www.campus02.at\/","name":"CAMPUS 02 UAS","description":"","publisher":{"@id":"https:\/\/www.campus02.at\/#organization"},"potentialAction":[{"@type":"SearchAction","target":{"@type":"EntryPoint","urlTemplate":"https:\/\/www.campus02.at\/?s={search_term_string}"},"query-input":{"@type":"PropertyValueSpecification","valueRequired":true,"valueName":"search_term_string"}}],"inLanguage":"en-GB"},{"@type":"Organization","@id":"https:\/\/www.campus02.at\/#organization","name":"CAMPUS 02 UAS","url":"https:\/\/www.campus02.at\/","logo":{"@type":"ImageObject","inLanguage":"en-GB","@id":"https:\/\/www.campus02.at\/#\/schema\/logo\/image\/","url":"https:\/\/www.campus02.at\/wp-content\/uploads\/2016\/10\/Logo.jpg","contentUrl":"https:\/\/www.campus02.at\/wp-content\/uploads\/2016\/10\/Logo.jpg","width":1108,"height":440,"caption":"FH CAMPUS 02"},"image":{"@id":"https:\/\/www.campus02.at\/#\/schema\/logo\/image\/"}}]}},"_links":{"self":[{"href":"https:\/\/www.campus02.at\/en\/wp-json\/wp\/v2\/campus_news\/108531","targetHints":{"allow":["GET"]}}],"collection":[{"href":"https:\/\/www.campus02.at\/en\/wp-json\/wp\/v2\/campus_news"}],"about":[{"href":"https:\/\/www.campus02.at\/en\/wp-json\/wp\/v2\/types\/campus_news"}],"author":[{"embeddable":true,"href":"https:\/\/www.campus02.at\/en\/wp-json\/wp\/v2\/users\/135"}],"version-history":[{"count":5,"href":"https:\/\/www.campus02.at\/en\/wp-json\/wp\/v2\/campus_news\/108531\/revisions"}],"predecessor-version":[{"id":108724,"href":"https:\/\/www.campus02.at\/en\/wp-json\/wp\/v2\/campus_news\/108531\/revisions\/108724"}],"wp:featuredmedia":[{"embeddable":true,"href":"https:\/\/www.campus02.at\/en\/wp-json\/wp\/v2\/media\/108721"}],"wp:attachment":[{"href":"https:\/\/www.campus02.at\/en\/wp-json\/wp\/v2\/media?parent=108531"}],"wp:term":[{"taxonomy":"author","embeddable":true,"href":"https:\/\/www.campus02.at\/en\/wp-json\/wp\/v2\/coauthors?post=108531"}],"curies":[{"name":"wp","href":"https:\/\/api.w.org\/{rel}","templated":true}]}}