{"id":108337,"date":"2019-06-19T10:44:36","date_gmt":"2019-06-19T08:44:36","guid":{"rendered":"https:\/\/www.campus02.at\/?post_type=campus_news&#038;p=108337"},"modified":"2019-06-19T12:16:54","modified_gmt":"2019-06-19T10:16:54","slug":"neues-oeh-vorsitzteam-der-fh-campus-02","status":"publish","type":"campus_news","link":"https:\/\/www.campus02.at\/en\/news\/neues-oeh-vorsitzteam-der-fh-campus-02\/","title":{"rendered":"Neues \u00d6H-Vorsitzteam der FH CAMPUS 02"},"content":{"rendered":"<p><strong>Letzten Freitag fand die konstituierende Sitzung statt &#8211; das neue \u00d6H-Vorsitzteam der FH CAMPUS 02 ist best\u00e4tigt.<\/strong><\/p>\n<p>Wir haben nun erstmals nicht nur eine Kanzlerin im Land, sondern auch eine \u00d6H-Vorsitzende an der FH Campus 02 \u2013 Frauenpower eben! Im Interview erz\u00e4hlen die neuen Vorsitzteammitglieder von ihren Visionen.<\/p>\n<hr \/>\n<p><strong>Ab 1. Juli werdet Ihr als \u00d6H-Vorsitzteam die Interessen der Studierenden an der<br \/>\nFH Campus 02 vertreten. F\u00fcr alle, die euch nicht kennen \u2013 m\u00f6chtet Ihr Euch kurz vorstellen? <\/strong><\/p>\n<p><em>Antonia Herunter:<\/em> Also, wo fange ich am besten an? Ich bin 23 Jahre alt und studiere berufsbegleitend im vierten Semester Marketing &amp; Sales. Schon seit meiner Schulzeit engagiere ich mich politisch. Es war daher f\u00fcr mich irgendwie klar, dass ich mich auch an der FH f\u00fcr die Interessen der Studierenden einsetzen m\u00f6chte \u2013 gleich im ersten Semester hab ich mich dann entschieden, bei der \u00d6H an der FH CAMPUS 02 mitzuarbeiten. Wenn ich nicht hier am Campus oder im B\u00fcro bin, schaue ich gerade die neueste Netflix-Serie oder lese ein gutes Buch in der Sonne.<\/p>\n<p><em>David Leiner:<\/em> Ich studiere im 6. Semester Marketing &amp; Sales Management und bin schon die letzten drei Jahre in der \u00d6H aktiv, wobei ich die letzten zwei Jahre hier Vorsitzender sein durfte. Au\u00dferhalb der FH verbringe ich meine Zeit gerne als aktiver Fan am Fu\u00dfballplatz oder cruise mit meiner Vespa durch die Gegend.<\/p>\n<p><em>Erich Lirzer:<\/em> Ich hei\u00dfe Erich Lirzer und bin seit zwei Semestern begeisterter Marketing &amp; Sales Studierender hier an der FH Campus 02. Wer mich kennt, findet schnell heraus, dass ich mir schwer tue ruhig zu sein und, dass ich dauernd \u00fcber alles M\u00f6gliche rede. Ich bin immer drauf und dran, irgendetwas auszuprobieren oder zu unternehmen, was wahrscheinlich meinem s\u00fcdsteirischen Temperament geschuldet ist!\u00a0 Etwas zu bewegen und mich f\u00fcr meine Mitmenschen und Freunde einzusetzen war mir schon immer wichtig, weshalb ich mittlerweile schon seit fast zehn Jahren mit Leib und Seele Mitglied der Freiwilligen Feuerwehr Gamlitz bin.<\/p>\n<figure id=\"attachment_108342\" aria-describedby=\"caption-attachment-108342\" style=\"width: 300px\" class=\"wp-caption aligncenter\"><a href=\"https:\/\/www.campus02.at\/wp-content\/uploads\/2019\/06\/IMG_9748.jpeg\"><img fetchpriority=\"high\" decoding=\"async\" class=\"wp-image-108342 size-medium\" src=\"https:\/\/www.campus02.at\/wp-content\/uploads\/2019\/06\/IMG_9748-300x225.jpeg\" alt=\"\" width=\"300\" height=\"225\" srcset=\"https:\/\/www.campus02.at\/wp-content\/uploads\/2019\/06\/IMG_9748-300x225.jpeg 300w, https:\/\/www.campus02.at\/wp-content\/uploads\/2019\/06\/IMG_9748-768x576.jpeg 768w, https:\/\/www.campus02.at\/wp-content\/uploads\/2019\/06\/IMG_9748-1024x768.jpeg 1024w, https:\/\/www.campus02.at\/wp-content\/uploads\/2019\/06\/IMG_9748-1920x1440.jpeg 1920w\" sizes=\"(max-width: 300px) 100vw, 300px\" \/><\/a><figcaption id=\"caption-attachment-108342\" class=\"wp-caption-text\">Das neue \u00d6H-Vorsitzteam voller Tatendrang!<\/figcaption><\/figure>\n<p><strong>Was wollt Ihr als \u00d6H in den n\u00e4chsten zwei Jahren f\u00fcr die Studierenden umsetzen? <\/strong><\/p>\n<p><em>Antonia:<\/em> Wir werden die gute Arbeit der letzten Jahre nat\u00fcrlich bestm\u00f6glich fortf\u00fchren. Das Herbstfest zum Beispiel wird es sicher wieder geben. Mir ist es besonders wichtig, dass die Studierenden in den n\u00e4chsten zwei Jahren einfach wissen, zu wem sie mit ihren Anliegen kommen k\u00f6nnen. Unsere T\u00fcr steht immer offen f\u00fcr W\u00fcnsche, Anregungen und Beschwerden aller Art.<\/p>\n<p><em>David:<\/em> Ich glaube es geht uns hier an der FH Campus 02 generell recht gut und wir finden hier auch sehr gute Studienbedingungen vor. Trotzdem gilt es immer wieder an kleineren Stellschrauben zu drehen. Ich pers\u00f6nlich w\u00fcrde mich gerne noch f\u00fcr bessere M\u00f6glichkeiten f\u00fcr das Absolvieren eines Auslandssemesters einsetzen, da dies aufgrund unserer spezifischen Curricula noch eher schwierig bzw. mit sehr gro\u00dfem Aufwand verbunden ist.<\/p>\n<p><em>Erich:<\/em> Mir ist es wichtig, dass die Studierenden an der FH Campus 02 zuk\u00fcnftig viel besser dar\u00fcber informiert sind, was genau die \u00d6H f\u00fcr sie tagt\u00e4glich umsetzt und erreicht! Au\u00dferdem m\u00f6chte ich daf\u00fcr sorgen, dass die Studierenden auch weiterhin viele l\u00e4ssige M\u00f6glichkeiten haben, sich untereinander zu vernetzen und zusammen das Studierendenleben zu genie\u00dfen!<\/p>\n<p><strong>Und wie erreicht man Euch am besten, wenn man ein Anliegen hat? <\/strong><strong>\u00a0<\/strong><\/p>\n<p><em>Antonia:<\/em> Am besten einfach direkt bei uns melden. Wenn man uns nicht direkt am Campus\u00a0 oder in unserem B\u00fcro (CZ105) in die Arme l\u00e4uft, sind wir am besten per Mail erreichbar. Einfach an <a href=\"mailto:oeh@campus02.at\">oeh@campus02.at<\/a> schreiben oder auf einer unserer Social Media Seiten vorbeischauen. Dort gibt\u2019s auch immer aktuelle News.<\/p>\n<hr \/>\n<p>Die \u00dcbergabe aller Agenden folgen in den n\u00e4chsten Wochen.<\/p>\n<p>&nbsp;<\/p>\n<p>N\u00fctzliche Links f\u00fcr aktuelle Infos:<\/p>\n<p><a href=\"http:\/\/www.oeh-campus02.at\">http:\/\/www.oeh-campus02.at<\/a><\/p>\n<p><a href=\"https:\/\/www.facebook.com\/oehFHCampus02\">https:\/\/www.facebook.com\/oehFHCampus02<\/a><\/p>\n<p><a href=\"https:\/\/www.instagram.com\/oeh.campus02\/\">https:\/\/www.instagram.com\/oeh.campus02\/<\/a><\/p>\n<p>&nbsp;<\/p>\n<p>&nbsp;<\/p>","protected":false},"excerpt":{"rendered":"<p>Letzten Freitag fand die konstituierende Sitzung statt &#8211; das neue \u00d6H-Vorsitzteam der FH CAMPUS 02 ist best\u00e4tigt. Wir <a href=\"https:\/\/www.campus02.at\/en\/news\/neues-oeh-vorsitzteam-der-fh-campus-02\/\" class=\"more-link\">more&hellip;<\/a><\/p>","protected":false},"author":135,"featured_media":108341,"parent":0,"template":"","coauthors":[391],"class_list":["post-108337","campus_news","type-campus_news","status-publish","has-post-thumbnail","hentry"],"acf":[],"yoast_head":"<!-- This site is optimized with the Yoast SEO plugin v26.9 - https:\/\/yoast.com\/product\/yoast-seo-wordpress\/ -->\n<title>Neues \u00d6H-Vorsitzteam der FH CAMPUS 02 - FH CAMPUS 02<\/title>\n<meta name=\"description\" content=\"Das neue \u00d6H-Vorsitzteam ist best\u00e4tigt! Im Interview erz\u00e4hlen die neuen Teammitglieder von ihren W\u00fcnschen und Visionen f\u00fcr ihre Arbeit.\" \/>\n<meta name=\"robots\" content=\"index, follow, max-snippet:-1, max-image-preview:large, max-video-preview:-1\" \/>\n<link rel=\"canonical\" href=\"https:\/\/www.campus02.at\/en\/news\/neues-oeh-vorsitzteam-der-fh-campus-02\/\" \/>\n<meta property=\"og:locale\" content=\"en_GB\" \/>\n<meta property=\"og:type\" content=\"article\" \/>\n<meta property=\"og:title\" content=\"Neues \u00d6H-Vorsitzteam der FH CAMPUS 02\" \/>\n<meta property=\"og:description\" content=\"Das neue \u00d6H-Vorsitzteam ist best\u00e4tigt! Im Interview erz\u00e4hlen die neuen Teammitglieder von ihren W\u00fcnschen und Visionen f\u00fcr ihre Arbeit.\" \/>\n<meta property=\"og:url\" content=\"https:\/\/www.campus02.at\/en\/news\/neues-oeh-vorsitzteam-der-fh-campus-02\/\" \/>\n<meta property=\"og:site_name\" content=\"FH CAMPUS 02\" \/>\n<meta property=\"article:modified_time\" content=\"2019-06-19T10:16:54+00:00\" \/>\n<meta property=\"og:image\" content=\"https:\/\/www.campus02.at\/wp-content\/uploads\/2019\/06\/IMG_9748-1024x768.jpeg\" \/>\n\t<meta property=\"og:image:width\" content=\"1024\" \/>\n\t<meta property=\"og:image:height\" content=\"768\" \/>\n\t<meta property=\"og:image:type\" content=\"image\/jpeg\" \/>\n<meta name=\"twitter:card\" content=\"summary_large_image\" \/>\n<meta name=\"twitter:label1\" content=\"Estimated reading time\" \/>\n\t<meta name=\"twitter:data1\" content=\"3 minutes\" \/>\n<script type=\"application\/ld+json\" class=\"yoast-schema-graph\">{\"@context\":\"https:\/\/schema.org\",\"@graph\":[{\"@type\":\"WebPage\",\"@id\":\"https:\/\/www.campus02.at\/news\/neues-oeh-vorsitzteam-der-fh-campus-02\/\",\"url\":\"https:\/\/www.campus02.at\/news\/neues-oeh-vorsitzteam-der-fh-campus-02\/\",\"name\":\"Neues \u00d6H-Vorsitzteam der FH CAMPUS 02 - FH CAMPUS 02\",\"isPartOf\":{\"@id\":\"https:\/\/www.campus02.at\/#website\"},\"primaryImageOfPage\":{\"@id\":\"https:\/\/www.campus02.at\/news\/neues-oeh-vorsitzteam-der-fh-campus-02\/#primaryimage\"},\"image\":{\"@id\":\"https:\/\/www.campus02.at\/news\/neues-oeh-vorsitzteam-der-fh-campus-02\/#primaryimage\"},\"thumbnailUrl\":\"https:\/\/www.campus02.at\/wp-content\/uploads\/2019\/06\/IMG_9732.jpg\",\"datePublished\":\"2019-06-19T08:44:36+00:00\",\"dateModified\":\"2019-06-19T10:16:54+00:00\",\"description\":\"Das neue \u00d6H-Vorsitzteam ist best\u00e4tigt! Im Interview erz\u00e4hlen die neuen Teammitglieder von ihren W\u00fcnschen und Visionen f\u00fcr ihre Arbeit.\",\"breadcrumb\":{\"@id\":\"https:\/\/www.campus02.at\/news\/neues-oeh-vorsitzteam-der-fh-campus-02\/#breadcrumb\"},\"inLanguage\":\"en-GB\",\"potentialAction\":[{\"@type\":\"ReadAction\",\"target\":[\"https:\/\/www.campus02.at\/news\/neues-oeh-vorsitzteam-der-fh-campus-02\/\"]}]},{\"@type\":\"ImageObject\",\"inLanguage\":\"en-GB\",\"@id\":\"https:\/\/www.campus02.at\/news\/neues-oeh-vorsitzteam-der-fh-campus-02\/#primaryimage\",\"url\":\"https:\/\/www.campus02.at\/wp-content\/uploads\/2019\/06\/IMG_9732.jpg\",\"contentUrl\":\"https:\/\/www.campus02.at\/wp-content\/uploads\/2019\/06\/IMG_9732.jpg\",\"width\":4032,\"height\":3024,\"caption\":\"Studierende der FH Campus 02\"},{\"@type\":\"BreadcrumbList\",\"@id\":\"https:\/\/www.campus02.at\/news\/neues-oeh-vorsitzteam-der-fh-campus-02\/#breadcrumb\",\"itemListElement\":[{\"@type\":\"ListItem\",\"position\":1,\"name\":\"Startseite\",\"item\":\"https:\/\/www.campus02.at\/\"},{\"@type\":\"ListItem\",\"position\":2,\"name\":\"Neues \u00d6H-Vorsitzteam der FH CAMPUS 02\"}]},{\"@type\":\"WebSite\",\"@id\":\"https:\/\/www.campus02.at\/#website\",\"url\":\"https:\/\/www.campus02.at\/\",\"name\":\"FH CAMPUS 02\",\"description\":\"\",\"publisher\":{\"@id\":\"https:\/\/www.campus02.at\/#organization\"},\"potentialAction\":[{\"@type\":\"SearchAction\",\"target\":{\"@type\":\"EntryPoint\",\"urlTemplate\":\"https:\/\/www.campus02.at\/?s={search_term_string}\"},\"query-input\":{\"@type\":\"PropertyValueSpecification\",\"valueRequired\":true,\"valueName\":\"search_term_string\"}}],\"inLanguage\":\"en-GB\"},{\"@type\":\"Organization\",\"@id\":\"https:\/\/www.campus02.at\/#organization\",\"name\":\"FH CAMPUS 02\",\"url\":\"https:\/\/www.campus02.at\/\",\"logo\":{\"@type\":\"ImageObject\",\"inLanguage\":\"en-GB\",\"@id\":\"https:\/\/www.campus02.at\/#\/schema\/logo\/image\/\",\"url\":\"https:\/\/www.campus02.at\/wp-content\/uploads\/2016\/10\/Logo.jpg\",\"contentUrl\":\"https:\/\/www.campus02.at\/wp-content\/uploads\/2016\/10\/Logo.jpg\",\"width\":1108,\"height\":440,\"caption\":\"FH CAMPUS 02\"},\"image\":{\"@id\":\"https:\/\/www.campus02.at\/#\/schema\/logo\/image\/\"}}]}<\/script>\n<!-- \/ Yoast SEO plugin. -->","yoast_head_json":{"title":"Neues \u00d6H-Vorsitzteam der FH CAMPUS 02 - FH CAMPUS 02","description":"Das neue \u00d6H-Vorsitzteam ist best\u00e4tigt! Im Interview erz\u00e4hlen die neuen Teammitglieder von ihren W\u00fcnschen und Visionen f\u00fcr ihre Arbeit.","robots":{"index":"index","follow":"follow","max-snippet":"max-snippet:-1","max-image-preview":"max-image-preview:large","max-video-preview":"max-video-preview:-1"},"canonical":"https:\/\/www.campus02.at\/en\/news\/neues-oeh-vorsitzteam-der-fh-campus-02\/","og_locale":"en_GB","og_type":"article","og_title":"Neues \u00d6H-Vorsitzteam der FH CAMPUS 02","og_description":"Das neue \u00d6H-Vorsitzteam ist best\u00e4tigt! Im Interview erz\u00e4hlen die neuen Teammitglieder von ihren W\u00fcnschen und Visionen f\u00fcr ihre Arbeit.","og_url":"https:\/\/www.campus02.at\/en\/news\/neues-oeh-vorsitzteam-der-fh-campus-02\/","og_site_name":"FH CAMPUS 02","article_modified_time":"2019-06-19T10:16:54+00:00","og_image":[{"width":1024,"height":768,"url":"https:\/\/www.campus02.at\/wp-content\/uploads\/2019\/06\/IMG_9748-1024x768.jpeg","type":"image\/jpeg"}],"twitter_card":"summary_large_image","twitter_misc":{"Estimated reading time":"3 minutes"},"schema":{"@context":"https:\/\/schema.org","@graph":[{"@type":"WebPage","@id":"https:\/\/www.campus02.at\/news\/neues-oeh-vorsitzteam-der-fh-campus-02\/","url":"https:\/\/www.campus02.at\/news\/neues-oeh-vorsitzteam-der-fh-campus-02\/","name":"Neues \u00d6H-Vorsitzteam der FH CAMPUS 02 - FH CAMPUS 02","isPartOf":{"@id":"https:\/\/www.campus02.at\/#website"},"primaryImageOfPage":{"@id":"https:\/\/www.campus02.at\/news\/neues-oeh-vorsitzteam-der-fh-campus-02\/#primaryimage"},"image":{"@id":"https:\/\/www.campus02.at\/news\/neues-oeh-vorsitzteam-der-fh-campus-02\/#primaryimage"},"thumbnailUrl":"https:\/\/www.campus02.at\/wp-content\/uploads\/2019\/06\/IMG_9732.jpg","datePublished":"2019-06-19T08:44:36+00:00","dateModified":"2019-06-19T10:16:54+00:00","description":"Das neue \u00d6H-Vorsitzteam ist best\u00e4tigt! Im Interview erz\u00e4hlen die neuen Teammitglieder von ihren W\u00fcnschen und Visionen f\u00fcr ihre Arbeit.","breadcrumb":{"@id":"https:\/\/www.campus02.at\/news\/neues-oeh-vorsitzteam-der-fh-campus-02\/#breadcrumb"},"inLanguage":"en-GB","potentialAction":[{"@type":"ReadAction","target":["https:\/\/www.campus02.at\/news\/neues-oeh-vorsitzteam-der-fh-campus-02\/"]}]},{"@type":"ImageObject","inLanguage":"en-GB","@id":"https:\/\/www.campus02.at\/news\/neues-oeh-vorsitzteam-der-fh-campus-02\/#primaryimage","url":"https:\/\/www.campus02.at\/wp-content\/uploads\/2019\/06\/IMG_9732.jpg","contentUrl":"https:\/\/www.campus02.at\/wp-content\/uploads\/2019\/06\/IMG_9732.jpg","width":4032,"height":3024,"caption":"Studierende der FH Campus 02"},{"@type":"BreadcrumbList","@id":"https:\/\/www.campus02.at\/news\/neues-oeh-vorsitzteam-der-fh-campus-02\/#breadcrumb","itemListElement":[{"@type":"ListItem","position":1,"name":"Startseite","item":"https:\/\/www.campus02.at\/"},{"@type":"ListItem","position":2,"name":"Neues \u00d6H-Vorsitzteam der FH CAMPUS 02"}]},{"@type":"WebSite","@id":"https:\/\/www.campus02.at\/#website","url":"https:\/\/www.campus02.at\/","name":"CAMPUS 02 UAS","description":"","publisher":{"@id":"https:\/\/www.campus02.at\/#organization"},"potentialAction":[{"@type":"SearchAction","target":{"@type":"EntryPoint","urlTemplate":"https:\/\/www.campus02.at\/?s={search_term_string}"},"query-input":{"@type":"PropertyValueSpecification","valueRequired":true,"valueName":"search_term_string"}}],"inLanguage":"en-GB"},{"@type":"Organization","@id":"https:\/\/www.campus02.at\/#organization","name":"CAMPUS 02 UAS","url":"https:\/\/www.campus02.at\/","logo":{"@type":"ImageObject","inLanguage":"en-GB","@id":"https:\/\/www.campus02.at\/#\/schema\/logo\/image\/","url":"https:\/\/www.campus02.at\/wp-content\/uploads\/2016\/10\/Logo.jpg","contentUrl":"https:\/\/www.campus02.at\/wp-content\/uploads\/2016\/10\/Logo.jpg","width":1108,"height":440,"caption":"FH CAMPUS 02"},"image":{"@id":"https:\/\/www.campus02.at\/#\/schema\/logo\/image\/"}}]}},"_links":{"self":[{"href":"https:\/\/www.campus02.at\/en\/wp-json\/wp\/v2\/campus_news\/108337","targetHints":{"allow":["GET"]}}],"collection":[{"href":"https:\/\/www.campus02.at\/en\/wp-json\/wp\/v2\/campus_news"}],"about":[{"href":"https:\/\/www.campus02.at\/en\/wp-json\/wp\/v2\/types\/campus_news"}],"author":[{"embeddable":true,"href":"https:\/\/www.campus02.at\/en\/wp-json\/wp\/v2\/users\/135"}],"version-history":[{"count":16,"href":"https:\/\/www.campus02.at\/en\/wp-json\/wp\/v2\/campus_news\/108337\/revisions"}],"predecessor-version":[{"id":108370,"href":"https:\/\/www.campus02.at\/en\/wp-json\/wp\/v2\/campus_news\/108337\/revisions\/108370"}],"wp:featuredmedia":[{"embeddable":true,"href":"https:\/\/www.campus02.at\/en\/wp-json\/wp\/v2\/media\/108341"}],"wp:attachment":[{"href":"https:\/\/www.campus02.at\/en\/wp-json\/wp\/v2\/media?parent=108337"}],"wp:term":[{"taxonomy":"author","embeddable":true,"href":"https:\/\/www.campus02.at\/en\/wp-json\/wp\/v2\/coauthors?post=108337"}],"curies":[{"name":"wp","href":"https:\/\/api.w.org\/{rel}","templated":true}]}}