{"id":105378,"date":"2018-12-06T17:50:29","date_gmt":"2018-12-06T16:50:29","guid":{"rendered":"https:\/\/www.campus02.at\/?post_type=campus_news&#038;p=105378"},"modified":"2018-12-06T17:51:21","modified_gmt":"2018-12-06T16:51:21","slug":"captain_christian_platzer","status":"publish","type":"campus_news","link":"https:\/\/www.campus02.at\/en\/news\/captain_christian_platzer\/","title":{"rendered":"IT &amp; Wirtschaftsinformatik: Captain Christian Platzer"},"content":{"rendered":"<p class=\"translation-block\">Since 2004, each year at FH CAMPUS 02 has been supported by so-called <a href=\"https:\/\/www.campus02.at\/en\/news\/die-captains-an-der-fh-campus-02\/\" target=\"_blank\" rel=\"noopener\">Captains<\/a>. As mentors and points of contact for students, Captains play a crucial role at FH CAMPUS 02. They come directly from the Styrian business community, offering fascinating insights into their work and sharing valuable experiences with their proteges. Throughout the course of the programme, Captains give lectures, host a so-called Captain\u2019s Dinner for students, offer office hours for consultation, and serve as keynote speakers at their respective year's graduation ceremonies.<\/p>\n<p>Christian Platzer blickt auf eine mehr als 20-j\u00e4hrige Berufserfahrung in der IT der Automobilindustrie zur\u00fcck und ist aktuell Global Director Information Management bei <a href=\"https:\/\/www.magna.com\/de\/unternehmen\/company-information\/magna-gruppen\/magna-steyr\" target=\"_blank\" rel=\"noopener\">Magna Steyr<\/a>. An der FH CAMPUS 02 steht er dem <a href=\"https:\/\/www.campus02.at\/wirtschaftsinformatik\/en\/bachelor\/\" target=\"_blank\" rel=\"noopener\">Business Informatics<\/a>-Bachelorjahrgang 2018 zur Seite.<\/p>\n<h5><\/h5>\n<h5><strong>Wie wurden Sie auf die Captains an der FH CAMPUS 02 aufmerksam?<\/strong><\/h5>\n<p>Durch einen Kollegen der bereits Captain war, mir begeistert dar\u00fcber erz\u00e4hlt und mein Interesse an dem Modell geweckt hat. Und wie es der Zufall so will wurde ich fast zeitgleich von der FH CAMPUS 02 angesprochen ob ich Interesse h\u00e4tte, f\u00fcr den neuen Jahrgang die Captainrolle zu \u00fcbernehmen.<\/p>\n<p>&nbsp;<\/p>\n<h5><strong>What is special about this model?<\/strong><\/h5>\n<p>Mir gef\u00e4llt an dem Modell, dass es sich dabei nicht um einen einmaligen Austausch handelt, sondern vielmehr um einen \u00fcber die gesamte Studienzeit w\u00e4hrenden Kontakt. Ich freue mich schon sehr darauf, die jungen Kolleginnen und Kollegen \u00fcber die Jahre begleiten zu k\u00f6nnen.<\/p>\n<p>&nbsp;<\/p>\n<h5><strong>What was decisive for you in deciding to take on this role?<\/strong><\/h5>\n<p>Eigentlich gibt es nicht den einen ausschlaggebenden Grund, vielmehr ist es das Zusammentreffen von mehreren: die Gelegenheit, das Unternehmen pr\u00e4sentieren zu k\u00f6nnen, mit jungen Leuten in den Austausch zu gehen und vielleicht auch einen zuk\u00fcnftigen Arbeitskollegen \u00a0oder eine zuk\u00fcnftige Arbeitskollegin kennenzulernen.<\/p>\n<p>&nbsp;<\/p>\n<h5><strong>Inwiefern glauben Sie, dass die Studierenden davon profitieren?<\/strong><\/h5>\n<p>Der gro\u00dfe Mehrwert f\u00fcr die Studierenden liegt sicher darin, dass sie die Erfahrungen des Captains, seinen beruflichen Alltag und die damit verbundenen Herausforderungen aus erster Hand kennenlernen k\u00f6nnen. F\u00fcr junge Studierende ohne vorherige Berufserfahrung ist es eine hervorragende M\u00f6glichkeit, einen Einblick in die unmittelbar mit ihrem Studium zusammenh\u00e4ngende Berufswelt zu bekommen, und f\u00fcr die berufsbegleitenden Studierenden, ein \u201eanderes\u201c Unternehmen kennenzulernen.<\/p>\n<p>&nbsp;<\/p>\n<h5><strong>What personal benefits do you derive from this role?<\/strong><\/h5>\n<p>Besonders interessant und spannend ist es f\u00fcr mich, die Vorstellungen der jungen Kolleginnen und Kollegen an ihr Arbeitsleben kennenzulernen, was f\u00fcr sie von Interesse ist und was ein aus ihrer Sicht attraktives Unternehmen ausmacht.<\/p>\n<p>&nbsp;<\/p>\n<h5><strong>What qualities do you believe make a good Captain?<\/strong><\/h5>\n<p>Ein guter Captain h\u00f6rt zu und geht auf die Fragen und W\u00fcnsche der Studierenden ein. Er gibt Einblicke in seinen Arbeitsalltag und teilt offen seine Erfahrungen \u2013 und hat den Mut neben den positiven auch die negativen anzusprechen.<\/p>\n<p>&nbsp;<\/p>\n<h5><strong>Was m\u00f6chten Sie Ihrer zuk\u00fcnftigen Crew mit auf den Weg geben?<\/strong><\/h5>\n<p>Seid neugierig und h\u00f6rt nicht auf, Fragen zu stellen, \u00e4u\u00dfert eure W\u00fcnsche und lasst uns die gemeinsame Zeit zusammen gestalten.<\/p>\n<p>&nbsp;<\/p>\n<p>Die FH CAMPUS 02 bedankt sich bei Herrn Christian Platzer f\u00fcr seinen wertvollen Input und w\u00fcnscht ihm und seinem Jahrgang noch viele positive gemeinsame Erlebnisse!<\/p>","protected":false},"excerpt":{"rendered":"<p>Seit 2004 stehen den einzelnen Jahrg\u00e4ngen der FH CAMPUS 02 sogenannte Captains zur Seite. Als MentorInnen und <a href=\"https:\/\/www.campus02.at\/en\/news\/captain_christian_platzer\/\" class=\"more-link\">more&hellip;<\/a><\/p>","protected":false},"author":135,"featured_media":105381,"parent":0,"template":"","coauthors":[391],"class_list":["post-105378","campus_news","type-campus_news","status-publish","has-post-thumbnail","hentry"],"acf":[],"yoast_head":"<!-- This site is optimized with the Yoast SEO plugin v26.9 - https:\/\/yoast.com\/product\/yoast-seo-wordpress\/ -->\n<title>IT &amp; Wirtschaftsinformatik: Captain Christian Platzer - FH CAMPUS 02<\/title>\n<meta name=\"description\" content=\"Christian Platzer, Global Director Information Management bei Magna Steyr, dem FH CAMPUS 02-Wirtschaftsinformatik-Bachelorjahrgang 2018 zur Seite.\" \/>\n<meta name=\"robots\" content=\"index, follow, max-snippet:-1, max-image-preview:large, max-video-preview:-1\" \/>\n<link rel=\"canonical\" href=\"https:\/\/www.campus02.at\/en\/news\/captain_christian_platzer\/\" \/>\n<meta property=\"og:locale\" content=\"en_GB\" \/>\n<meta property=\"og:type\" content=\"article\" \/>\n<meta property=\"og:title\" content=\"IT &amp; Wirtschaftsinformatik: Captain Christian Platzer - FH CAMPUS 02\" \/>\n<meta property=\"og:description\" content=\"Christian Platzer, Global Director Information Management bei Magna Steyr, dem FH CAMPUS 02-Wirtschaftsinformatik-Bachelorjahrgang 2018 zur Seite.\" \/>\n<meta property=\"og:url\" content=\"https:\/\/www.campus02.at\/en\/news\/captain_christian_platzer\/\" \/>\n<meta property=\"og:site_name\" content=\"FH CAMPUS 02\" \/>\n<meta property=\"article:modified_time\" content=\"2018-12-06T16:51:21+00:00\" \/>\n<meta property=\"og:image\" content=\"https:\/\/www.campus02.at\/wp-content\/uploads\/2018\/12\/Platzer3-e1544114896458.jpg\" \/>\n\t<meta property=\"og:image:width\" content=\"1890\" \/>\n\t<meta property=\"og:image:height\" content=\"704\" \/>\n\t<meta property=\"og:image:type\" content=\"image\/jpeg\" \/>\n<meta name=\"twitter:card\" content=\"summary_large_image\" \/>\n<meta name=\"twitter:label1\" content=\"Estimated reading time\" \/>\n\t<meta name=\"twitter:data1\" content=\"3 minutes\" \/>\n<script type=\"application\/ld+json\" class=\"yoast-schema-graph\">{\"@context\":\"https:\/\/schema.org\",\"@graph\":[{\"@type\":\"WebPage\",\"@id\":\"https:\/\/www.campus02.at\/news\/captain_christian_platzer\/\",\"url\":\"https:\/\/www.campus02.at\/news\/captain_christian_platzer\/\",\"name\":\"IT &amp; Wirtschaftsinformatik: Captain Christian Platzer - FH CAMPUS 02\",\"isPartOf\":{\"@id\":\"https:\/\/www.campus02.at\/#website\"},\"primaryImageOfPage\":{\"@id\":\"https:\/\/www.campus02.at\/news\/captain_christian_platzer\/#primaryimage\"},\"image\":{\"@id\":\"https:\/\/www.campus02.at\/news\/captain_christian_platzer\/#primaryimage\"},\"thumbnailUrl\":\"https:\/\/www.campus02.at\/wp-content\/uploads\/2018\/12\/Platzer3-e1544114896458.jpg\",\"datePublished\":\"2018-12-06T16:50:29+00:00\",\"dateModified\":\"2018-12-06T16:51:21+00:00\",\"description\":\"Christian Platzer, Global Director Information Management bei Magna Steyr, dem FH CAMPUS 02-Wirtschaftsinformatik-Bachelorjahrgang 2018 zur Seite.\",\"breadcrumb\":{\"@id\":\"https:\/\/www.campus02.at\/news\/captain_christian_platzer\/#breadcrumb\"},\"inLanguage\":\"en-GB\",\"potentialAction\":[{\"@type\":\"ReadAction\",\"target\":[\"https:\/\/www.campus02.at\/news\/captain_christian_platzer\/\"]}]},{\"@type\":\"ImageObject\",\"inLanguage\":\"en-GB\",\"@id\":\"https:\/\/www.campus02.at\/news\/captain_christian_platzer\/#primaryimage\",\"url\":\"https:\/\/www.campus02.at\/wp-content\/uploads\/2018\/12\/Platzer3-e1544114896458.jpg\",\"contentUrl\":\"https:\/\/www.campus02.at\/wp-content\/uploads\/2018\/12\/Platzer3-e1544114896458.jpg\",\"width\":1890,\"height\":704,\"caption\":\"Portr\u00e4tfoto von Christian Platzer\"},{\"@type\":\"BreadcrumbList\",\"@id\":\"https:\/\/www.campus02.at\/news\/captain_christian_platzer\/#breadcrumb\",\"itemListElement\":[{\"@type\":\"ListItem\",\"position\":1,\"name\":\"Startseite\",\"item\":\"https:\/\/www.campus02.at\/\"},{\"@type\":\"ListItem\",\"position\":2,\"name\":\"IT &amp; Wirtschaftsinformatik: Captain Christian Platzer\"}]},{\"@type\":\"WebSite\",\"@id\":\"https:\/\/www.campus02.at\/#website\",\"url\":\"https:\/\/www.campus02.at\/\",\"name\":\"FH CAMPUS 02\",\"description\":\"\",\"publisher\":{\"@id\":\"https:\/\/www.campus02.at\/#organization\"},\"potentialAction\":[{\"@type\":\"SearchAction\",\"target\":{\"@type\":\"EntryPoint\",\"urlTemplate\":\"https:\/\/www.campus02.at\/?s={search_term_string}\"},\"query-input\":{\"@type\":\"PropertyValueSpecification\",\"valueRequired\":true,\"valueName\":\"search_term_string\"}}],\"inLanguage\":\"en-GB\"},{\"@type\":\"Organization\",\"@id\":\"https:\/\/www.campus02.at\/#organization\",\"name\":\"FH CAMPUS 02\",\"url\":\"https:\/\/www.campus02.at\/\",\"logo\":{\"@type\":\"ImageObject\",\"inLanguage\":\"en-GB\",\"@id\":\"https:\/\/www.campus02.at\/#\/schema\/logo\/image\/\",\"url\":\"https:\/\/www.campus02.at\/wp-content\/uploads\/2016\/10\/Logo.jpg\",\"contentUrl\":\"https:\/\/www.campus02.at\/wp-content\/uploads\/2016\/10\/Logo.jpg\",\"width\":1108,\"height\":440,\"caption\":\"FH CAMPUS 02\"},\"image\":{\"@id\":\"https:\/\/www.campus02.at\/#\/schema\/logo\/image\/\"}}]}<\/script>\n<!-- \/ Yoast SEO plugin. -->","yoast_head_json":{"title":"IT &amp; Wirtschaftsinformatik: Captain Christian Platzer - FH CAMPUS 02","description":"Christian Platzer, Global Director Information Management bei Magna Steyr, dem FH CAMPUS 02-Wirtschaftsinformatik-Bachelorjahrgang 2018 zur Seite.","robots":{"index":"index","follow":"follow","max-snippet":"max-snippet:-1","max-image-preview":"max-image-preview:large","max-video-preview":"max-video-preview:-1"},"canonical":"https:\/\/www.campus02.at\/en\/news\/captain_christian_platzer\/","og_locale":"en_GB","og_type":"article","og_title":"IT &amp; Wirtschaftsinformatik: Captain Christian Platzer - FH CAMPUS 02","og_description":"Christian Platzer, Global Director Information Management bei Magna Steyr, dem FH CAMPUS 02-Wirtschaftsinformatik-Bachelorjahrgang 2018 zur Seite.","og_url":"https:\/\/www.campus02.at\/en\/news\/captain_christian_platzer\/","og_site_name":"FH CAMPUS 02","article_modified_time":"2018-12-06T16:51:21+00:00","og_image":[{"width":1890,"height":704,"url":"https:\/\/www.campus02.at\/wp-content\/uploads\/2018\/12\/Platzer3-e1544114896458.jpg","type":"image\/jpeg"}],"twitter_card":"summary_large_image","twitter_misc":{"Estimated reading time":"3 minutes"},"schema":{"@context":"https:\/\/schema.org","@graph":[{"@type":"WebPage","@id":"https:\/\/www.campus02.at\/news\/captain_christian_platzer\/","url":"https:\/\/www.campus02.at\/news\/captain_christian_platzer\/","name":"IT &amp; Wirtschaftsinformatik: Captain Christian Platzer - FH CAMPUS 02","isPartOf":{"@id":"https:\/\/www.campus02.at\/#website"},"primaryImageOfPage":{"@id":"https:\/\/www.campus02.at\/news\/captain_christian_platzer\/#primaryimage"},"image":{"@id":"https:\/\/www.campus02.at\/news\/captain_christian_platzer\/#primaryimage"},"thumbnailUrl":"https:\/\/www.campus02.at\/wp-content\/uploads\/2018\/12\/Platzer3-e1544114896458.jpg","datePublished":"2018-12-06T16:50:29+00:00","dateModified":"2018-12-06T16:51:21+00:00","description":"Christian Platzer, Global Director Information Management bei Magna Steyr, dem FH CAMPUS 02-Wirtschaftsinformatik-Bachelorjahrgang 2018 zur Seite.","breadcrumb":{"@id":"https:\/\/www.campus02.at\/news\/captain_christian_platzer\/#breadcrumb"},"inLanguage":"en-GB","potentialAction":[{"@type":"ReadAction","target":["https:\/\/www.campus02.at\/news\/captain_christian_platzer\/"]}]},{"@type":"ImageObject","inLanguage":"en-GB","@id":"https:\/\/www.campus02.at\/news\/captain_christian_platzer\/#primaryimage","url":"https:\/\/www.campus02.at\/wp-content\/uploads\/2018\/12\/Platzer3-e1544114896458.jpg","contentUrl":"https:\/\/www.campus02.at\/wp-content\/uploads\/2018\/12\/Platzer3-e1544114896458.jpg","width":1890,"height":704,"caption":"Portr\u00e4tfoto von Christian Platzer"},{"@type":"BreadcrumbList","@id":"https:\/\/www.campus02.at\/news\/captain_christian_platzer\/#breadcrumb","itemListElement":[{"@type":"ListItem","position":1,"name":"Startseite","item":"https:\/\/www.campus02.at\/"},{"@type":"ListItem","position":2,"name":"IT &amp; Wirtschaftsinformatik: Captain Christian Platzer"}]},{"@type":"WebSite","@id":"https:\/\/www.campus02.at\/#website","url":"https:\/\/www.campus02.at\/","name":"CAMPUS 02 UAS","description":"","publisher":{"@id":"https:\/\/www.campus02.at\/#organization"},"potentialAction":[{"@type":"SearchAction","target":{"@type":"EntryPoint","urlTemplate":"https:\/\/www.campus02.at\/?s={search_term_string}"},"query-input":{"@type":"PropertyValueSpecification","valueRequired":true,"valueName":"search_term_string"}}],"inLanguage":"en-GB"},{"@type":"Organization","@id":"https:\/\/www.campus02.at\/#organization","name":"CAMPUS 02 UAS","url":"https:\/\/www.campus02.at\/","logo":{"@type":"ImageObject","inLanguage":"en-GB","@id":"https:\/\/www.campus02.at\/#\/schema\/logo\/image\/","url":"https:\/\/www.campus02.at\/wp-content\/uploads\/2016\/10\/Logo.jpg","contentUrl":"https:\/\/www.campus02.at\/wp-content\/uploads\/2016\/10\/Logo.jpg","width":1108,"height":440,"caption":"FH CAMPUS 02"},"image":{"@id":"https:\/\/www.campus02.at\/#\/schema\/logo\/image\/"}}]}},"_links":{"self":[{"href":"https:\/\/www.campus02.at\/en\/wp-json\/wp\/v2\/campus_news\/105378","targetHints":{"allow":["GET"]}}],"collection":[{"href":"https:\/\/www.campus02.at\/en\/wp-json\/wp\/v2\/campus_news"}],"about":[{"href":"https:\/\/www.campus02.at\/en\/wp-json\/wp\/v2\/types\/campus_news"}],"author":[{"embeddable":true,"href":"https:\/\/www.campus02.at\/en\/wp-json\/wp\/v2\/users\/135"}],"version-history":[{"count":1,"href":"https:\/\/www.campus02.at\/en\/wp-json\/wp\/v2\/campus_news\/105378\/revisions"}],"predecessor-version":[{"id":105380,"href":"https:\/\/www.campus02.at\/en\/wp-json\/wp\/v2\/campus_news\/105378\/revisions\/105380"}],"wp:featuredmedia":[{"embeddable":true,"href":"https:\/\/www.campus02.at\/en\/wp-json\/wp\/v2\/media\/105381"}],"wp:attachment":[{"href":"https:\/\/www.campus02.at\/en\/wp-json\/wp\/v2\/media?parent=105378"}],"wp:term":[{"taxonomy":"author","embeddable":true,"href":"https:\/\/www.campus02.at\/en\/wp-json\/wp\/v2\/coauthors?post=105378"}],"curies":[{"name":"wp","href":"https:\/\/api.w.org\/{rel}","templated":true}]}}