{"id":103363,"date":"2018-07-20T12:49:37","date_gmt":"2018-07-20T10:49:37","guid":{"rendered":"https:\/\/www.campus02.at\/?post_type=campus_news&#038;p=103363"},"modified":"2018-07-20T12:49:37","modified_gmt":"2018-07-20T10:49:37","slug":"anja-hiebler-die-rueckkehrerin","status":"publish","type":"campus_news","link":"https:\/\/www.campus02.at\/en\/news\/anja-hiebler-die-rueckkehrerin\/","title":{"rendered":"Anja Hiebler: Die R\u00fcckkehrerin"},"content":{"rendered":"<p>Von der Fachhochschule in die Arbeitswelt und wieder retour \u2013 dass das geht, zeigt die FH CAMPUS 02-Absolventin Anja Hiebler. Nach ihrem Bachelorabschluss in <a href=\"https:\/\/www.campus02.at\/marketing\/en\/bachelor\/\" target=\"_blank\" rel=\"noopener\">Marketing &amp; Sales<\/a> zog es sie erst einmal in die Berufswelt, ehe sie nach f\u00fcnf Jahren zum Masterstudium in <a href=\"https:\/\/www.campus02.at\/marketing\/en\/masterim\/\" target=\"_blank\" rel=\"noopener\">International Marketing<\/a> an die Grazer Fachhochschule der Wirtschaft zur\u00fcckkehrte. Heute ist sie bei der Grazer <a href=\"https:\/\/www.netconomy.net\/de\/\" target=\"_blank\" rel=\"noopener\">Netconomy Software Consulting GmbH<\/a> als Engagement Managerin erfolgreich.<\/p>\n<p>&nbsp;<\/p>\n<h5><strong>Nach dem Bachelor kam der Beruf<\/strong><\/h5>\n<p>Es war das Jahr 2010 und Anja Hiebler hatte gerade ihr Bachelorzeugnis entgegengenommen. \u201eEin gro\u00dfer E-Commerce-H\u00e4ndler aus Graz hat mir ein tolles Jobangebot gemacht. Relativ rasch bin ich dort eingestiegen\u201c, so die erfolgreiche Absolventin. Dass sie mit ihrem Bachelor aber noch nicht am Ziel war, wusste sie schon damals: \u201eIch wollte meine akademische Ausbildung eines Tages abschlie\u00dfen und dem Basiswissen, das mir der Bachelor vermittelt hat, noch die Krone aufsetzen\u201c, erinnert sie sich zur\u00fcck.<\/p>\n<p>Nach f\u00fcnf Jahren im Berufsleben entschied sich Anja daher 2015, ihr Masterstudium anzutreten. \u201eIch habe mir mehrere Fachhochschulen angeschaut. Mir war aber relativ bald klar, dass es wieder zur\u00fcck an die FH CAMPUS 02 gehen w\u00fcrde\u201c, sagt Anja. Vor allem der Praxisbezug im Studium, die LektorInnen aus der Wirtschaft und auch der Ideenaustausch mit diesen sei ausschlaggebend gewesen, dass Anja ihr Studium in International Marketing wieder in Graz antrat: \u201eDie FH CAMPUS 02 bietet ein Spektrum an Menschen mit besonderen und spannenden Werdeg\u00e4ngen, denen man auch glaubt, was sie im Studium erz\u00e4hlen.\u201c<\/p>\n<p>&nbsp;<\/p>\n<h5><strong>Mit Master-Wissen Herausforderungen leichter l\u00f6sen<\/strong><\/h5>\n<p>Es war schlie\u00dflich auch w\u00e4hrend ihres Studiums in International Marketing, dass Anja Hieblers berufliche Umorientierung folgte: \u201eDie Inputs von Lektorinnen und Lektoren sowie von Studienkolleginnen und Studienkollegen haben mich in eine neue Richtung gelenkt.\u201c Sie entschied sich, zum Grazer Softwaredienstleister Netconomy zu wechseln. Diese Entscheidung bereut sie nicht. \u201eIch bin sehr gl\u00fccklich in meiner neuen beruflichen Position\u201c, so die erfolgreiche FH-Absolventin.<\/p>\n<p>Auch bei Netconomy profitiert Anja Hiebler regelm\u00e4\u00dfig von ihrem Studium an der FH CAMPUS 02, das sie 2017 abgeschlossen hat: \u201eImmer wieder begegnen mir im Berufsalltag Dinge, die sich durch das Wissen, das mir die FH vermittelt hat, leichter l\u00f6sen lassen.\u201c Nun m\u00f6chte sie in ihrer aktuellen Position als Engagement Managerin wachsen. F\u00fcr die Zukunft hat sie sich noch nicht festgelegt. Ob sie bei Netconomy bleibt, eine Familie gr\u00fcndet, oder noch ein weiteres Studium beginnt, kann sie nicht sagen. \u201eIch kann es mir aber sehr gut vorstellen, erneut an die FH CAMPUS 02 zur\u00fcckzukehren.\u201c<\/p>\n<p>&nbsp;<\/p>\n<p>Die Bewerbung f\u00fcr den Masterstudiengang International Marketing ist noch bis zum 31.07. m\u00f6glich. <a href=\"https:\/\/bewerbung.campus02.at\/?StudiengangID=228\" target=\"_blank\" rel=\"noopener\">Hier<\/a> geht\u2019s zur Bewerbung. Einen \u00dcberblick \u00fcber unsere Fristen und Termine gibt\u2019s <a href=\"https:\/\/www.campus02.at\/en\/bewerbung\/ihr-weg-ins-studium\/fristen-termine\/\" target=\"_blank\" rel=\"noopener\"><!-- not translated --><\/a>.<\/p>","protected":false},"excerpt":{"rendered":"<p>Von der Fachhochschule in die Arbeitswelt und wieder retour \u2013 dass das geht, zeigt die FH CAMPUS 02-Absolventin Anja Hiebler. <a href=\"https:\/\/www.campus02.at\/en\/news\/anja-hiebler-die-rueckkehrerin\/\" class=\"more-link\">more&hellip;<\/a><\/p>","protected":false},"author":135,"featured_media":103364,"parent":0,"template":"","coauthors":[391],"class_list":["post-103363","campus_news","type-campus_news","status-publish","has-post-thumbnail","hentry"],"acf":[],"yoast_head":"<!-- This site is optimized with the Yoast SEO plugin v26.9 - https:\/\/yoast.com\/product\/yoast-seo-wordpress\/ -->\n<title>Anja Hiebler: Die R\u00fcckkehrerin - FH CAMPUS 02<\/title>\n<meta name=\"description\" content=\"Von der Fachhochschule in die Arbeitswelt und wieder retour \u2013 dass das geht, zeigt die FH CAMPUS 02-Absolventin Anja Hiebler.\" \/>\n<meta name=\"robots\" content=\"index, follow, max-snippet:-1, max-image-preview:large, max-video-preview:-1\" \/>\n<link rel=\"canonical\" href=\"https:\/\/www.campus02.at\/en\/news\/anja-hiebler-die-rueckkehrerin\/\" \/>\n<meta property=\"og:locale\" content=\"en_GB\" \/>\n<meta property=\"og:type\" content=\"article\" \/>\n<meta property=\"og:title\" content=\"Anja Hiebler: Die R\u00fcckkehrerin - FH CAMPUS 02\" \/>\n<meta property=\"og:description\" content=\"Von der Fachhochschule in die Arbeitswelt und wieder retour \u2013 dass das geht, zeigt die FH CAMPUS 02-Absolventin Anja Hiebler.\" \/>\n<meta property=\"og:url\" content=\"https:\/\/www.campus02.at\/en\/news\/anja-hiebler-die-rueckkehrerin\/\" \/>\n<meta property=\"og:site_name\" content=\"FH CAMPUS 02\" \/>\n<meta property=\"og:image\" content=\"https:\/\/www.campus02.at\/wp-content\/uploads\/2018\/07\/Hiebler-e1532082901989.jpg\" \/>\n\t<meta property=\"og:image:width\" content=\"5759\" \/>\n\t<meta property=\"og:image:height\" content=\"2260\" \/>\n\t<meta property=\"og:image:type\" content=\"image\/jpeg\" \/>\n<meta name=\"twitter:card\" content=\"summary_large_image\" \/>\n<meta name=\"twitter:label1\" content=\"Estimated reading time\" \/>\n\t<meta name=\"twitter:data1\" content=\"2 minutes\" \/>\n<script type=\"application\/ld+json\" class=\"yoast-schema-graph\">{\"@context\":\"https:\/\/schema.org\",\"@graph\":[{\"@type\":\"WebPage\",\"@id\":\"https:\/\/www.campus02.at\/news\/anja-hiebler-die-rueckkehrerin\/\",\"url\":\"https:\/\/www.campus02.at\/news\/anja-hiebler-die-rueckkehrerin\/\",\"name\":\"Anja Hiebler: Die R\u00fcckkehrerin - FH CAMPUS 02\",\"isPartOf\":{\"@id\":\"https:\/\/www.campus02.at\/#website\"},\"primaryImageOfPage\":{\"@id\":\"https:\/\/www.campus02.at\/news\/anja-hiebler-die-rueckkehrerin\/#primaryimage\"},\"image\":{\"@id\":\"https:\/\/www.campus02.at\/news\/anja-hiebler-die-rueckkehrerin\/#primaryimage\"},\"thumbnailUrl\":\"https:\/\/www.campus02.at\/wp-content\/uploads\/2018\/07\/Hiebler-e1532082901989.jpg\",\"datePublished\":\"2018-07-20T10:49:37+00:00\",\"description\":\"Von der Fachhochschule in die Arbeitswelt und wieder retour \u2013 dass das geht, zeigt die FH CAMPUS 02-Absolventin Anja Hiebler.\",\"breadcrumb\":{\"@id\":\"https:\/\/www.campus02.at\/news\/anja-hiebler-die-rueckkehrerin\/#breadcrumb\"},\"inLanguage\":\"en-GB\",\"potentialAction\":[{\"@type\":\"ReadAction\",\"target\":[\"https:\/\/www.campus02.at\/news\/anja-hiebler-die-rueckkehrerin\/\"]}]},{\"@type\":\"ImageObject\",\"inLanguage\":\"en-GB\",\"@id\":\"https:\/\/www.campus02.at\/news\/anja-hiebler-die-rueckkehrerin\/#primaryimage\",\"url\":\"https:\/\/www.campus02.at\/wp-content\/uploads\/2018\/07\/Hiebler-e1532082901989.jpg\",\"contentUrl\":\"https:\/\/www.campus02.at\/wp-content\/uploads\/2018\/07\/Hiebler-e1532082901989.jpg\",\"width\":5759,\"height\":2260,\"caption\":\"Portr\u00e4tfoto\"},{\"@type\":\"BreadcrumbList\",\"@id\":\"https:\/\/www.campus02.at\/news\/anja-hiebler-die-rueckkehrerin\/#breadcrumb\",\"itemListElement\":[{\"@type\":\"ListItem\",\"position\":1,\"name\":\"Startseite\",\"item\":\"https:\/\/www.campus02.at\/\"},{\"@type\":\"ListItem\",\"position\":2,\"name\":\"Anja Hiebler: Die R\u00fcckkehrerin\"}]},{\"@type\":\"WebSite\",\"@id\":\"https:\/\/www.campus02.at\/#website\",\"url\":\"https:\/\/www.campus02.at\/\",\"name\":\"FH CAMPUS 02\",\"description\":\"\",\"publisher\":{\"@id\":\"https:\/\/www.campus02.at\/#organization\"},\"potentialAction\":[{\"@type\":\"SearchAction\",\"target\":{\"@type\":\"EntryPoint\",\"urlTemplate\":\"https:\/\/www.campus02.at\/?s={search_term_string}\"},\"query-input\":{\"@type\":\"PropertyValueSpecification\",\"valueRequired\":true,\"valueName\":\"search_term_string\"}}],\"inLanguage\":\"en-GB\"},{\"@type\":\"Organization\",\"@id\":\"https:\/\/www.campus02.at\/#organization\",\"name\":\"FH CAMPUS 02\",\"url\":\"https:\/\/www.campus02.at\/\",\"logo\":{\"@type\":\"ImageObject\",\"inLanguage\":\"en-GB\",\"@id\":\"https:\/\/www.campus02.at\/#\/schema\/logo\/image\/\",\"url\":\"https:\/\/www.campus02.at\/wp-content\/uploads\/2016\/10\/Logo.jpg\",\"contentUrl\":\"https:\/\/www.campus02.at\/wp-content\/uploads\/2016\/10\/Logo.jpg\",\"width\":1108,\"height\":440,\"caption\":\"FH CAMPUS 02\"},\"image\":{\"@id\":\"https:\/\/www.campus02.at\/#\/schema\/logo\/image\/\"}}]}<\/script>\n<!-- \/ Yoast SEO plugin. -->","yoast_head_json":{"title":"Anja Hiebler: Die R\u00fcckkehrerin - FH CAMPUS 02","description":"Von der Fachhochschule in die Arbeitswelt und wieder retour \u2013 dass das geht, zeigt die FH CAMPUS 02-Absolventin Anja Hiebler.","robots":{"index":"index","follow":"follow","max-snippet":"max-snippet:-1","max-image-preview":"max-image-preview:large","max-video-preview":"max-video-preview:-1"},"canonical":"https:\/\/www.campus02.at\/en\/news\/anja-hiebler-die-rueckkehrerin\/","og_locale":"en_GB","og_type":"article","og_title":"Anja Hiebler: Die R\u00fcckkehrerin - FH CAMPUS 02","og_description":"Von der Fachhochschule in die Arbeitswelt und wieder retour \u2013 dass das geht, zeigt die FH CAMPUS 02-Absolventin Anja Hiebler.","og_url":"https:\/\/www.campus02.at\/en\/news\/anja-hiebler-die-rueckkehrerin\/","og_site_name":"FH CAMPUS 02","og_image":[{"width":5759,"height":2260,"url":"https:\/\/www.campus02.at\/wp-content\/uploads\/2018\/07\/Hiebler-e1532082901989.jpg","type":"image\/jpeg"}],"twitter_card":"summary_large_image","twitter_misc":{"Estimated reading time":"2 minutes"},"schema":{"@context":"https:\/\/schema.org","@graph":[{"@type":"WebPage","@id":"https:\/\/www.campus02.at\/news\/anja-hiebler-die-rueckkehrerin\/","url":"https:\/\/www.campus02.at\/news\/anja-hiebler-die-rueckkehrerin\/","name":"Anja Hiebler: Die R\u00fcckkehrerin - FH CAMPUS 02","isPartOf":{"@id":"https:\/\/www.campus02.at\/#website"},"primaryImageOfPage":{"@id":"https:\/\/www.campus02.at\/news\/anja-hiebler-die-rueckkehrerin\/#primaryimage"},"image":{"@id":"https:\/\/www.campus02.at\/news\/anja-hiebler-die-rueckkehrerin\/#primaryimage"},"thumbnailUrl":"https:\/\/www.campus02.at\/wp-content\/uploads\/2018\/07\/Hiebler-e1532082901989.jpg","datePublished":"2018-07-20T10:49:37+00:00","description":"Von der Fachhochschule in die Arbeitswelt und wieder retour \u2013 dass das geht, zeigt die FH CAMPUS 02-Absolventin Anja Hiebler.","breadcrumb":{"@id":"https:\/\/www.campus02.at\/news\/anja-hiebler-die-rueckkehrerin\/#breadcrumb"},"inLanguage":"en-GB","potentialAction":[{"@type":"ReadAction","target":["https:\/\/www.campus02.at\/news\/anja-hiebler-die-rueckkehrerin\/"]}]},{"@type":"ImageObject","inLanguage":"en-GB","@id":"https:\/\/www.campus02.at\/news\/anja-hiebler-die-rueckkehrerin\/#primaryimage","url":"https:\/\/www.campus02.at\/wp-content\/uploads\/2018\/07\/Hiebler-e1532082901989.jpg","contentUrl":"https:\/\/www.campus02.at\/wp-content\/uploads\/2018\/07\/Hiebler-e1532082901989.jpg","width":5759,"height":2260,"caption":"Portr\u00e4tfoto"},{"@type":"BreadcrumbList","@id":"https:\/\/www.campus02.at\/news\/anja-hiebler-die-rueckkehrerin\/#breadcrumb","itemListElement":[{"@type":"ListItem","position":1,"name":"Startseite","item":"https:\/\/www.campus02.at\/"},{"@type":"ListItem","position":2,"name":"Anja Hiebler: Die R\u00fcckkehrerin"}]},{"@type":"WebSite","@id":"https:\/\/www.campus02.at\/#website","url":"https:\/\/www.campus02.at\/","name":"CAMPUS 02 UAS","description":"","publisher":{"@id":"https:\/\/www.campus02.at\/#organization"},"potentialAction":[{"@type":"SearchAction","target":{"@type":"EntryPoint","urlTemplate":"https:\/\/www.campus02.at\/?s={search_term_string}"},"query-input":{"@type":"PropertyValueSpecification","valueRequired":true,"valueName":"search_term_string"}}],"inLanguage":"en-GB"},{"@type":"Organization","@id":"https:\/\/www.campus02.at\/#organization","name":"CAMPUS 02 UAS","url":"https:\/\/www.campus02.at\/","logo":{"@type":"ImageObject","inLanguage":"en-GB","@id":"https:\/\/www.campus02.at\/#\/schema\/logo\/image\/","url":"https:\/\/www.campus02.at\/wp-content\/uploads\/2016\/10\/Logo.jpg","contentUrl":"https:\/\/www.campus02.at\/wp-content\/uploads\/2016\/10\/Logo.jpg","width":1108,"height":440,"caption":"FH CAMPUS 02"},"image":{"@id":"https:\/\/www.campus02.at\/#\/schema\/logo\/image\/"}}]}},"_links":{"self":[{"href":"https:\/\/www.campus02.at\/en\/wp-json\/wp\/v2\/campus_news\/103363","targetHints":{"allow":["GET"]}}],"collection":[{"href":"https:\/\/www.campus02.at\/en\/wp-json\/wp\/v2\/campus_news"}],"about":[{"href":"https:\/\/www.campus02.at\/en\/wp-json\/wp\/v2\/types\/campus_news"}],"author":[{"embeddable":true,"href":"https:\/\/www.campus02.at\/en\/wp-json\/wp\/v2\/users\/135"}],"version-history":[{"count":4,"href":"https:\/\/www.campus02.at\/en\/wp-json\/wp\/v2\/campus_news\/103363\/revisions"}],"predecessor-version":[{"id":103368,"href":"https:\/\/www.campus02.at\/en\/wp-json\/wp\/v2\/campus_news\/103363\/revisions\/103368"}],"wp:featuredmedia":[{"embeddable":true,"href":"https:\/\/www.campus02.at\/en\/wp-json\/wp\/v2\/media\/103364"}],"wp:attachment":[{"href":"https:\/\/www.campus02.at\/en\/wp-json\/wp\/v2\/media?parent=103363"}],"wp:term":[{"taxonomy":"author","embeddable":true,"href":"https:\/\/www.campus02.at\/en\/wp-json\/wp\/v2\/coauthors?post=103363"}],"curies":[{"name":"wp","href":"https:\/\/api.w.org\/{rel}","templated":true}]}}